{"id":16319,"date":"2023-10-06T22:14:03","date_gmt":"2023-10-06T22:14:03","guid":{"rendered":"https:\/\/kraios.app\/news\/spor\/2023\/10\/06\/a-milli-futbol-takiminin-teknik-ekibi-belli-oldu\/"},"modified":"2023-10-06T22:14:03","modified_gmt":"2023-10-06T22:14:03","slug":"a-milli-futbol-takiminin-teknik-ekibi-belli-oldu","status":"publish","type":"post","link":"https:\/\/kraios.app\/news\/spor\/2023\/10\/06\/a-milli-futbol-takiminin-teknik-ekibi-belli-oldu\/","title":{"rendered":"A Milli Futbol Tak\u0131m\u0131&#8217;n\u0131n teknik ekibi belli oldu"},"content":{"rendered":"<p><\/p>\n<div>\n<p>T\u00fcrkiye Futbol Federasyonundan (TFF) yap\u0131lan a\u00e7\u0131klamaya g\u00f6re Vincenzo Montella&#8217;n\u0131n antren\u00f6rl\u00fck kariyerinin ba\u015flang\u0131c\u0131ndan itibaren kendisiyle birlikte \u00e7al\u0131\u015fan Daniele Russo&#8217;nun yan\u0131 s\u0131ra A Milli Futbol Tak\u0131m\u0131&#8217;n\u0131n 2003 FIFA Konfederasyonlar Kupas\u0131&#8217;nda \u00fc\u00e7\u00fcnc\u00fcl\u00fc\u011f\u00fc elde eden kadroda yer alan Sel\u00e7uk \u015eahin, milli tak\u0131mda yard\u0131mc\u0131 antren\u00f6r olarak g\u00f6rev yapacak.<\/p>\n<p>A Milli Futbol Tak\u0131m\u0131&#8217;n\u0131n teknik heyetinde ise analiz antren\u00f6r\u00fc olarak Massimo Crivellaro ve Okan Ayd\u0131ner, atletik performans antren\u00f6r\u00fc olarak da Pierpaolo Polino ve Vural Durmu\u015f g\u00f6rev alacak. Adana Demirspor&#8217;dan Ozan \u00d6zerkan ile Ey\u00fcpspor&#8217;dan Emrah Karakovan ise milli ma\u00e7 d\u00f6nemlerinde A Milli Futbol Tak\u0131m\u0131&#8217;nda kaleci antren\u00f6r\u00fc olarak g\u00f6revlendirilecek.<\/p>\n<h3>H\u0131rvatistan ve Letonya ma\u00e7lar\u0131n\u0131n aday kadrosu a\u00e7\u0131kland\u0131<\/h3>\n<p>Ay-y\u0131ld\u0131zl\u0131 ekibin yeni teknik direkt\u00f6r\u00fc Vincenzo Montella, ilk aday kadrosunu belirledi.<\/p>\n<p>Yukatel Adana Demirspor kalecisi Erta\u00e7 \u00d6zbir ve Juventus&#8217;tan Kenan Y\u0131ld\u0131z ilk kez A Milli Tak\u0131m aday kadrosuna davet edildi.<\/p>\n<p>T\u00fcrkiye Futbol Federasyonundan (TFF) yap\u0131lan a\u00e7\u0131klamaya g\u00f6re, 12 Ekim&#8217;de deplasmanda H\u0131rvatistan, 15 Ekim&#8217;de Letonya ile Konya&#8217;da oynanacak ma\u00e7lar\u0131n aday kadrosu \u015fu \u015fekilde:<\/p>\n<p>Kaleci: Altay Bay\u0131nd\u0131r (Manchester United), Do\u011fan Alemdar (Troyes), Erta\u00e7 \u00d6zbir (Yukatel Adanademirspor), U\u011furcan \u00c7ak\u0131r (Trabzonspor)<\/p>\n<p>Defans: Ferdi Kad\u0131o\u011flu (Fenerbah\u00e7e), Zeki \u00c7elik (Roma), Abd\u00fclkerim Bardak\u00e7\u0131 (Galatasaray), Cenk \u00d6zkacar (Valencia), Kaan Ayhan (Galatasaray), Merih Demiral (Al-Ahli), Ozan Kabak (Hoffenheim), Samet Akayd\u0131n (Fenerbah\u00e7e), Eren Elmal\u0131 (Trabzonspor), R\u0131dvan Y\u0131lmaz (Rangers)<\/p>\n<p>Orta saha: Berkan Kutlu (Genoa), Emre Akbaba (Yukatel Adana Demirspor), Hakan \u00c7alhano\u011flu (Inter), \u0130smail Y\u00fcksek (Fenerbah\u00e7e), Orkun K\u00f6k\u00e7\u00fc (Benfica), Salih \u00d6zcan (Borussia Dortmund)<\/p>\n<p>Forvet: Bar\u0131\u015f Alper Y\u0131lmaz (Galatasaray), Yunus Akg\u00fcn (Leicester City), Yusuf Sar\u0131 (Yukatel Adana Demirspor), Bertu\u011f Y\u0131ld\u0131r\u0131m (Rennais), Cenk Tosun (Be\u015fikta\u015f), Kenan Y\u0131ld\u0131z (Juventus), \u0130rfan Can Kahveci (Fenerbah\u00e7e), Kerem Akt\u00fcrko\u011flu (Galatasaray)<\/p>\n<p>Milliler, 8 Ekim Pazar ak\u015fam\u0131 Riva Hasan Do\u011fan Milli Tak\u0131mlar Kamp ve E\u011fitim Tesisleri&#8217;nde toplanacak. Ay-Y\u0131ld\u0131zl\u0131lar, H\u0131rvatistan ma\u00e7\u0131n\u0131n haz\u0131rl\u0131klar\u0131na 9 Ekim Pazartesi g\u00fcn\u00fc yapaca\u011f\u0131 antrenmanla ba\u015flayacak.<\/p>\n<p>                            <span class=\"detay-foto-editor\">&#13;<br \/>\n                                <a href=\"https:\/\/www.aa.com.tr\/tr\/p\/abonelik-talep-formu\/1001\" target=\"_blank\" style=\"font-size:12px; color:#444; text-decoration:none;\" rel=\"noopener\">&#13;<br \/>\n                                    Anadolu Ajans\u0131 web sitesinde, AA Haber Ak\u0131\u015f Sistemi (HAS) \u00fczerinden abonelere sunulan haberler, \u00f6zetlenerek yay\u0131mlanmaktad\u0131r. <b style=\"color:#1897F7\">Abonelik i\u00e7in l\u00fctfen ileti\u015fime ge\u00e7iniz.<\/b>&#13;<br \/>\n                                <\/a>&#13;<br \/>\n                            <\/span>\n                        <\/div>\n<p><script>\n\t  window.fbAsyncInit = function() {\n\t\tFB.init({\n\t\t  appId: '1855843514662870',\n\t\t  status : true, \/\/ check login status\n\t\t  cookie : true, \/\/ enable cookies to allow the server to access the session\n\t\t  xfbml  : true  \/\/ parse XFBML\n\t\t});\n\t  };<\/p>\n<p>\t  (function() {\n\t\tvar e = document.createElement('script');\n\t\te.src=\"https:\/\/connect.facebook.net\/tr_TR\/all.js\";\n\t\te.async = true;\n\t\tdocument.getElementById('fb-root').appendChild(e);\n\t  }());\n    <\/script><\/p>\n","protected":false},"excerpt":{"rendered":"<p>T\u00fcrkiye Futbol Federasyonundan (TFF) yap\u0131lan a\u00e7\u0131klamaya g\u00f6re Vincenzo Montella&#8217;n\u0131n antren\u00f6rl\u00fck kariyerinin ba\u015flang\u0131c\u0131ndan itibaren kendisiyle birlikte \u00e7al\u0131\u015fan Daniele Russo&#8217;nun yan\u0131 s\u0131ra A Milli Futbol Tak\u0131m\u0131&#8217;n\u0131n 2003 FIFA Konfederasyonlar Kupas\u0131&#8217;nda \u00fc\u00e7\u00fcnc\u00fcl\u00fc\u011f\u00fc elde eden kadroda yer alan Sel\u00e7uk \u015eahin, milli tak\u0131mda yard\u0131mc\u0131 antren\u00f6r olarak g\u00f6rev yapacak. A Milli Futbol Tak\u0131m\u0131&#8217;n\u0131n teknik heyetinde ise analiz antren\u00f6r\u00fc olarak Massimo Crivellaro [&hellip;]<\/p>\n","protected":false},"author":1,"featured_media":16320,"comment_status":"","ping_status":"","sticky":false,"template":"","format":"standard","meta":[],"categories":[48],"tags":[],"_links":{"self":[{"href":"https:\/\/kraios.app\/news\/wp-json\/wp\/v2\/posts\/16319"}],"collection":[{"href":"https:\/\/kraios.app\/news\/wp-json\/wp\/v2\/posts"}],"about":[{"href":"https:\/\/kraios.app\/news\/wp-json\/wp\/v2\/types\/post"}],"author":[{"embeddable":true,"href":"https:\/\/kraios.app\/news\/wp-json\/wp\/v2\/users\/1"}],"replies":[{"embeddable":true,"href":"https:\/\/kraios.app\/news\/wp-json\/wp\/v2\/comments?post=16319"}],"version-history":[{"count":0,"href":"https:\/\/kraios.app\/news\/wp-json\/wp\/v2\/posts\/16319\/revisions"}],"wp:featuredmedia":[{"embeddable":true,"href":"https:\/\/kraios.app\/news\/wp-json\/wp\/v2\/media\/16320"}],"wp:attachment":[{"href":"https:\/\/kraios.app\/news\/wp-json\/wp\/v2\/media?parent=16319"}],"wp:term":[{"taxonomy":"category","embeddable":true,"href":"https:\/\/kraios.app\/news\/wp-json\/wp\/v2\/categories?post=16319"},{"taxonomy":"post_tag","embeddable":true,"href":"https:\/\/kraios.app\/news\/wp-json\/wp\/v2\/tags?post=16319"}],"curies":[{"name":"wp","href":"https:\/\/api.w.org\/{rel}","templated":true}]}}