{"id":16315,"date":"2023-10-06T21:58:54","date_gmt":"2023-10-06T21:58:54","guid":{"rendered":"https:\/\/kraios.app\/news\/yasam\/2023\/10\/06\/duzcedeki-fabrikada-findik-ayiklama-isinde-70-kadin-calisiyor\/"},"modified":"2023-10-06T21:58:54","modified_gmt":"2023-10-06T21:58:54","slug":"duzcedeki-fabrikada-findik-ayiklama-isinde-70-kadin-calisiyor","status":"publish","type":"post","link":"https:\/\/kraios.app\/news\/yasam\/2023\/10\/06\/duzcedeki-fabrikada-findik-ayiklama-isinde-70-kadin-calisiyor\/","title":{"rendered":"D\u00fczce\u2019deki fabrikada f\u0131nd\u0131k ay\u0131klama i\u015finde 70 kad\u0131n \u00e7al\u0131\u015f\u0131yor"},"content":{"rendered":"<p><\/p>\n<div>\n<p>D\u00fczce&#8217;nin Y\u0131\u011f\u0131lca il\u00e7esinde f\u0131nd\u0131k ay\u0131klama i\u015flemi yap\u0131lan fabrikada \u00e7al\u0131\u015fan kad\u0131nlar, \u00fcr\u00fcn\u00fcn kalitesinin d\u00fc\u015fmemesi i\u00e7in yo\u011fun mesai harc\u0131yor. <\/p>\n<p>B\u00f6lgede ya\u015fayanlar\u0131n y\u00fczde 80&#8217;inin ge\u00e7imini sa\u011flad\u0131\u011f\u0131 f\u0131nd\u0131k, bah\u00e7eden topland\u0131ktan sonra fabrikaya getirilerek kad\u0131nlar\u0131n elinde i\u015fleme al\u0131n\u0131yor.<\/p>\n<p>G\u00fcnde 130 ton f\u0131nd\u0131k ay\u0131klama i\u015flemi yap\u0131lan fabrikada, kad\u0131nlar f\u0131nd\u0131\u011f\u0131n kalitesinin d\u00fc\u015fmemesi i\u00e7in b\u00fcy\u00fck u\u011fra\u015f veriyor.<\/p>\n<p>Fabrikada \u00e7al\u0131\u015fan ya\u015flar\u0131 18 ila 60 olan 70 kad\u0131n, \u00fcr\u00fcn\u00fcn i\u00e7indeki yabanc\u0131 maddeleri, ta\u015f\u0131, topra\u011f\u0131 ve \u00e7\u00fcr\u00fck f\u0131nd\u0131klar\u0131 ay\u0131kl\u0131yor.<\/p>\n<p>\u00dcr\u00fcne de\u011fer katan kad\u0131nlar, hem aile b\u00fct\u00e7elerine katk\u0131da bulunuyor hem de kaliteli \u00fcr\u00fcn\u00fcn i\u00e7 ve d\u0131\u015f pazarda yer almas\u0131nda rol oynuyor.<\/p>\n<p><img decoding=\"async\" alt=\"\" src=\"https:\/\/www.aa.com.tr\/uploads\/userFiles\/79121245-49cb-4f77-bd45-d9d308a833b3\/04_2023%2F03_Ekim%2F05%2FAA-32323972.jpg\"\/><\/p>\n<h3>&#8220;Kad\u0131n istihdam\u0131na \u00f6nem veriyoruz&#8221;<\/h3>\n<p>Fabrikada 15 y\u0131ld\u0131r usta ba\u015f\u0131 olarak \u00e7al\u0131\u015fan Sabahat Er (46), kad\u0131nlar\u0131n el becerilerin y\u00fcksek oldu\u011funu s\u00f6yledi.<\/p>\n<p>Er, kad\u0131nlar\u0131n \u00e7al\u0131\u015farak hem \u00fcr\u00fcne de\u011fer katt\u0131\u011f\u0131n\u0131 hem de ev ekonomilerine destek sa\u011flad\u0131\u011f\u0131n\u0131 anlatt\u0131.<\/p>\n<p>\u00dcretim sorumlusu Ya\u015far Keskin de b\u00f6lgede ya\u015fayanlar\u0131n ge\u00e7imlerini f\u0131nd\u0131k\u00e7\u0131l\u0131ktan sa\u011flad\u0131\u011f\u0131n\u0131 belirterek, Y\u0131\u011f\u0131lca&#8217;n\u0131n b\u00f6lgenin y\u00fcksek rekolteye sahip il\u00e7elerinin ba\u015f\u0131nda geldi\u011fini kaydetti.<\/p>\n<p>Fabrika y\u00f6netimi olarak kad\u0131n istihdam\u0131na \u00f6nem verdiklerini vurgulayan Keskin, &#8220;\u00dcretimden paketlemeye kadar kad\u0131n personele i\u015f imkan\u0131 sunuyoruz.&#8221; dedi.<\/p>\n<p>Fabrika sahibi gen\u00e7 giri\u015fimci Selami Sava\u015f ise kad\u0131n\u0131n oldu\u011fu yerde bereketin oldu\u011funa dile getirerek, &#8220;Kad\u0131nlar\u0131m\u0131z her zaman ba\u015f\u0131m\u0131z\u0131n tac\u0131. Onlara g\u00fczel bir \u00e7al\u0131\u015fma ortam\u0131 sa\u011flamak i\u00e7in elimizden geleni yap\u0131yoruz. Devletimiz kad\u0131n istihdam\u0131 konusunda bizlere \u00f6ncelik ve kolayl\u0131k sa\u011fl\u0131yor. Bu imkanlar\u0131 sa\u011flad\u0131klar\u0131 i\u00e7in \u00e7ok te\u015fekk\u00fcr ederiz.&#8221; diye konu\u015ftu.<\/p>\n<p><img decoding=\"async\" alt=\"\" src=\"https:\/\/www.aa.com.tr\/uploads\/userFiles\/79121245-49cb-4f77-bd45-d9d308a833b3\/04_2023%2F03_Ekim%2F05%2FAA-32323957.jpg\"\/><\/p>\n<h3>&#8220;Kad\u0131nlar ger\u00e7ekten \u00e7ok \u00e7al\u0131\u015fkan&#8221;<\/h3>\n<p>\u0130\u015f\u00e7ilerden 51 ya\u015f\u0131ndaki Sevda \u015eim\u015fek de fabrikada neredeyse ellerinin de\u011fmedi\u011fi i\u015f olmad\u0131\u011f\u0131n\u0131 belirterek, &#8220;\u00d6zellikle f\u0131nd\u0131k k\u0131r\u0131m\u0131 ve temizlenmesinde \u00e7al\u0131\u015f\u0131yoruz. Burada haz\u0131rlad\u0131\u011f\u0131m\u0131z f\u0131nd\u0131k d\u0131\u015f devlete de gidiyor, T\u00fcrkiye&#8217;de de kullan\u0131l\u0131yor. Kad\u0131nlar ger\u00e7ekten \u00e7ok \u00e7al\u0131\u015fkan. Evin y\u00fck\u00fcn\u00fc bir kad\u0131n y\u00fcklenebiliyor. Bu \u015fekilde \u00e7al\u0131\u015fan kad\u0131nlar tan\u0131yorum. Kad\u0131n ger\u00e7ekten \u00e7ok \u00f6zverili ve yetenekli. \u0130\u015eKUR&#8217;un her i\u015finde \u00e7al\u0131\u015ft\u0131m. Sa\u011flanan imkanlarla her kurumda \u00e7al\u0131\u015ft\u0131m. Bu \u015fekilde \u00e7al\u0131\u015fmak \u00e7ok g\u00fczel. Hem evimize hem de \u00fclkemize yararl\u0131 oluyoruz.&#8221; ifadelerini kulland\u0131.<\/p>\n<p>                            <span class=\"detay-foto-editor\">&#13;<br \/>\n                                <a href=\"https:\/\/www.aa.com.tr\/tr\/p\/abonelik-talep-formu\/1001\" target=\"_blank\" style=\"font-size:12px; color:#444; text-decoration:none;\" rel=\"noopener\">&#13;<br \/>\n                                    Anadolu Ajans\u0131 web sitesinde, AA Haber Ak\u0131\u015f Sistemi (HAS) \u00fczerinden abonelere sunulan haberler, \u00f6zetlenerek yay\u0131mlanmaktad\u0131r. <b style=\"color:#1897F7\">Abonelik i\u00e7in l\u00fctfen ileti\u015fime ge\u00e7iniz.<\/b>&#13;<br \/>\n                                <\/a>&#13;<br \/>\n                            <\/span>\n                        <\/div>\n<p><script>\n\t  window.fbAsyncInit = function() {\n\t\tFB.init({\n\t\t  appId: '1855843514662870',\n\t\t  status : true, \/\/ check login status\n\t\t  cookie : true, \/\/ enable cookies to allow the server to access the session\n\t\t  xfbml  : true  \/\/ parse XFBML\n\t\t});\n\t  };<\/p>\n<p>\t  (function() {\n\t\tvar e = document.createElement('script');\n\t\te.src=\"https:\/\/connect.facebook.net\/tr_TR\/all.js\";\n\t\te.async = true;\n\t\tdocument.getElementById('fb-root').appendChild(e);\n\t  }());\n    <\/script><\/p>\n","protected":false},"excerpt":{"rendered":"<p>D\u00fczce&#8217;nin Y\u0131\u011f\u0131lca il\u00e7esinde f\u0131nd\u0131k ay\u0131klama i\u015flemi yap\u0131lan fabrikada \u00e7al\u0131\u015fan kad\u0131nlar, \u00fcr\u00fcn\u00fcn kalitesinin d\u00fc\u015fmemesi i\u00e7in yo\u011fun mesai harc\u0131yor. B\u00f6lgede ya\u015fayanlar\u0131n y\u00fczde 80&#8217;inin ge\u00e7imini sa\u011flad\u0131\u011f\u0131 f\u0131nd\u0131k, bah\u00e7eden topland\u0131ktan sonra fabrikaya getirilerek kad\u0131nlar\u0131n elinde i\u015fleme al\u0131n\u0131yor. G\u00fcnde 130 ton f\u0131nd\u0131k ay\u0131klama i\u015flemi yap\u0131lan fabrikada, kad\u0131nlar f\u0131nd\u0131\u011f\u0131n kalitesinin d\u00fc\u015fmemesi i\u00e7in b\u00fcy\u00fck u\u011fra\u015f veriyor. Fabrikada \u00e7al\u0131\u015fan ya\u015flar\u0131 18 ila 60 [&hellip;]<\/p>\n","protected":false},"author":1,"featured_media":16316,"comment_status":"","ping_status":"","sticky":false,"template":"","format":"standard","meta":[],"categories":[50],"tags":[],"_links":{"self":[{"href":"https:\/\/kraios.app\/news\/wp-json\/wp\/v2\/posts\/16315"}],"collection":[{"href":"https:\/\/kraios.app\/news\/wp-json\/wp\/v2\/posts"}],"about":[{"href":"https:\/\/kraios.app\/news\/wp-json\/wp\/v2\/types\/post"}],"author":[{"embeddable":true,"href":"https:\/\/kraios.app\/news\/wp-json\/wp\/v2\/users\/1"}],"replies":[{"embeddable":true,"href":"https:\/\/kraios.app\/news\/wp-json\/wp\/v2\/comments?post=16315"}],"version-history":[{"count":0,"href":"https:\/\/kraios.app\/news\/wp-json\/wp\/v2\/posts\/16315\/revisions"}],"wp:featuredmedia":[{"embeddable":true,"href":"https:\/\/kraios.app\/news\/wp-json\/wp\/v2\/media\/16316"}],"wp:attachment":[{"href":"https:\/\/kraios.app\/news\/wp-json\/wp\/v2\/media?parent=16315"}],"wp:term":[{"taxonomy":"category","embeddable":true,"href":"https:\/\/kraios.app\/news\/wp-json\/wp\/v2\/categories?post=16315"},{"taxonomy":"post_tag","embeddable":true,"href":"https:\/\/kraios.app\/news\/wp-json\/wp\/v2\/tags?post=16315"}],"curies":[{"name":"wp","href":"https:\/\/api.w.org\/{rel}","templated":true}]}}