{"id":16307,"date":"2023-10-06T21:09:07","date_gmt":"2023-10-06T21:09:07","guid":{"rendered":"https:\/\/kraios.app\/news\/ekonomi\/2023\/10\/06\/hazine-ve-maliye-bakani-simsek-uluslararasi-rezerv-birikimine-devam-edeceklerini-bildirdi\/"},"modified":"2023-10-06T21:09:07","modified_gmt":"2023-10-06T21:09:07","slug":"hazine-ve-maliye-bakani-simsek-uluslararasi-rezerv-birikimine-devam-edeceklerini-bildirdi","status":"publish","type":"post","link":"https:\/\/kraios.app\/news\/ekonomi\/2023\/10\/06\/hazine-ve-maliye-bakani-simsek-uluslararasi-rezerv-birikimine-devam-edeceklerini-bildirdi\/","title":{"rendered":"Hazine ve Maliye Bakan\u0131 \u015eim\u015fek uluslararas\u0131 rezerv birikimine devam edeceklerini bildirdi"},"content":{"rendered":"<p> <br \/>\n<br \/>Hazine ve Maliye Bakan\u0131 Mehmet \u015eim\u015fek, piyasa ko\u015fullar\u0131 elverdi\u011fi \u00f6l\u00e7\u00fcde uluslararas\u0131 rezerv birikimine devam edeceklerini belirterek, &#8220;\u00dclkemize ilave d\u0131\u015f kaynak sa\u011flamaya y\u00f6nelik \u00e7al\u0131\u015fmalar\u0131m\u0131z\u0131 h\u0131z kesmeden s\u00fcrd\u00fcr\u00fcyoruz.&#8221; ifadesini kulland\u0131.<br \/>\n<br \/><br \/>\n<br \/><a href=\"https:\/\/www.aa.com.tr\/tr\/ekonomi\/hazine-ve-maliye-bakani-simsek-uluslararasi-rezerv-birikimine-devam-edeceklerini-bildirdi\/3009628\">Source link <\/a><\/p>\n","protected":false},"excerpt":{"rendered":"<p>Hazine ve Maliye Bakan\u0131 Mehmet \u015eim\u015fek, piyasa ko\u015fullar\u0131 elverdi\u011fi \u00f6l\u00e7\u00fcde uluslararas\u0131 rezerv birikimine devam edeceklerini belirterek, &#8220;\u00dclkemize ilave d\u0131\u015f kaynak sa\u011flamaya y\u00f6nelik \u00e7al\u0131\u015fmalar\u0131m\u0131z\u0131 h\u0131z kesmeden s\u00fcrd\u00fcr\u00fcyoruz.&#8221; ifadesini kulland\u0131. Source link<\/p>\n","protected":false},"author":1,"featured_media":16308,"comment_status":"","ping_status":"","sticky":false,"template":"","format":"standard","meta":[],"categories":[44],"tags":[],"_links":{"self":[{"href":"https:\/\/kraios.app\/news\/wp-json\/wp\/v2\/posts\/16307"}],"collection":[{"href":"https:\/\/kraios.app\/news\/wp-json\/wp\/v2\/posts"}],"about":[{"href":"https:\/\/kraios.app\/news\/wp-json\/wp\/v2\/types\/post"}],"author":[{"embeddable":true,"href":"https:\/\/kraios.app\/news\/wp-json\/wp\/v2\/users\/1"}],"replies":[{"embeddable":true,"href":"https:\/\/kraios.app\/news\/wp-json\/wp\/v2\/comments?post=16307"}],"version-history":[{"count":0,"href":"https:\/\/kraios.app\/news\/wp-json\/wp\/v2\/posts\/16307\/revisions"}],"wp:featuredmedia":[{"embeddable":true,"href":"https:\/\/kraios.app\/news\/wp-json\/wp\/v2\/media\/16308"}],"wp:attachment":[{"href":"https:\/\/kraios.app\/news\/wp-json\/wp\/v2\/media?parent=16307"}],"wp:term":[{"taxonomy":"category","embeddable":true,"href":"https:\/\/kraios.app\/news\/wp-json\/wp\/v2\/categories?post=16307"},{"taxonomy":"post_tag","embeddable":true,"href":"https:\/\/kraios.app\/news\/wp-json\/wp\/v2\/tags?post=16307"}],"curies":[{"name":"wp","href":"https:\/\/api.w.org\/{rel}","templated":true}]}}