{"id":16305,"date":"2023-10-06T20:47:26","date_gmt":"2023-10-06T20:47:26","guid":{"rendered":"https:\/\/kraios.app\/news\/spor\/2023\/10\/06\/abdli-sporcu-simone-biles-cimnastige-altin-madalyayla-dondu\/"},"modified":"2023-10-06T20:47:26","modified_gmt":"2023-10-06T20:47:26","slug":"abdli-sporcu-simone-biles-cimnastige-altin-madalyayla-dondu","status":"publish","type":"post","link":"https:\/\/kraios.app\/news\/spor\/2023\/10\/06\/abdli-sporcu-simone-biles-cimnastige-altin-madalyayla-dondu\/","title":{"rendered":"ABD&#039;li sporcu Simone Biles cimnasti\u011fe alt\u0131n madalyayla d\u00f6nd\u00fc"},"content":{"rendered":"<p>Yakla\u015f\u0131k iki y\u0131l\u0131n ard\u0131ndan Bel\u00e7ika&#8217;daki 52. Artistik Cimnastik D\u00fcnya \u015eampiyonas\u0131&#8217;na kat\u0131lan ABD&#8217;li Simone Biles, ilk organizasyonunda alt\u0131n madalya kazand\u0131.<\/p>\n","protected":false},"excerpt":{"rendered":"<p>Yakla\u015f\u0131k iki y\u0131l\u0131n ard\u0131ndan Bel\u00e7ika&#8217;daki 52. Artistik Cimnastik D\u00fcnya \u015eampiyonas\u0131&#8217;na kat\u0131lan ABD&#8217;li Simone Biles, ilk organizasyonunda alt\u0131n madalya kazand\u0131.<\/p>\n","protected":false},"author":1,"featured_media":16306,"comment_status":"","ping_status":"","sticky":false,"template":"","format":"standard","meta":[],"categories":[48],"tags":[],"_links":{"self":[{"href":"https:\/\/kraios.app\/news\/wp-json\/wp\/v2\/posts\/16305"}],"collection":[{"href":"https:\/\/kraios.app\/news\/wp-json\/wp\/v2\/posts"}],"about":[{"href":"https:\/\/kraios.app\/news\/wp-json\/wp\/v2\/types\/post"}],"author":[{"embeddable":true,"href":"https:\/\/kraios.app\/news\/wp-json\/wp\/v2\/users\/1"}],"replies":[{"embeddable":true,"href":"https:\/\/kraios.app\/news\/wp-json\/wp\/v2\/comments?post=16305"}],"version-history":[{"count":0,"href":"https:\/\/kraios.app\/news\/wp-json\/wp\/v2\/posts\/16305\/revisions"}],"wp:featuredmedia":[{"embeddable":true,"href":"https:\/\/kraios.app\/news\/wp-json\/wp\/v2\/media\/16306"}],"wp:attachment":[{"href":"https:\/\/kraios.app\/news\/wp-json\/wp\/v2\/media?parent=16305"}],"wp:term":[{"taxonomy":"category","embeddable":true,"href":"https:\/\/kraios.app\/news\/wp-json\/wp\/v2\/categories?post=16305"},{"taxonomy":"post_tag","embeddable":true,"href":"https:\/\/kraios.app\/news\/wp-json\/wp\/v2\/tags?post=16305"}],"curies":[{"name":"wp","href":"https:\/\/api.w.org\/{rel}","templated":true}]}}