{"id":16301,"date":"2023-10-06T20:28:14","date_gmt":"2023-10-06T20:28:14","guid":{"rendered":"https:\/\/kraios.app\/news\/yasam\/2023\/10\/06\/depremlerin-vurdugu-hatayda-yikintilar-arasinda-birliktelik-ve-yardimlasmayi-resmediyor\/"},"modified":"2023-10-06T20:28:14","modified_gmt":"2023-10-06T20:28:14","slug":"depremlerin-vurdugu-hatayda-yikintilar-arasinda-birliktelik-ve-yardimlasmayi-resmediyor","status":"publish","type":"post","link":"https:\/\/kraios.app\/news\/yasam\/2023\/10\/06\/depremlerin-vurdugu-hatayda-yikintilar-arasinda-birliktelik-ve-yardimlasmayi-resmediyor\/","title":{"rendered":"Depremlerin vurdu\u011fu Hatay&#8217;da y\u0131k\u0131nt\u0131lar aras\u0131nda birliktelik ve yard\u0131mla\u015fmay\u0131 resmediyor"},"content":{"rendered":"<p><\/p>\n<div>\n<p>Kahramanmara\u015f merkezli depremlerden etkilenen Hatay&#8217;daki y\u0131k\u0131ma ve ard\u0131ndan b\u00f6lgede g\u00f6sterilen birlikteli\u011fe dikkati \u00e7ekmek isteyen 34 ya\u015f\u0131ndaki sanat\u00e7\u0131, daha \u00f6nce \u0130stanbul&#8217;un da aras\u0131nda bulundu\u011fu 18 noktada ger\u00e7ekle\u015ftirdi\u011fi Duvarlar\u0131n \u00d6tesi&#8217;nde (Beyond Walls) isimli projesi kapsam\u0131nda kente geldi.<\/p>\n<p><img decoding=\"async\" alt=\"\" src=\"https:\/\/www.aa.com.tr\/uploads\/userFiles\/54a427bf-71c5-4e63-a83d-6196709e92a3\/009_2023%2F003_2023%2F26_Ekim%2F08%2F20231006_2_60564949_93396830.jpg\"\/><br \/><em>Foto\u011fraf: Mehmet Bayrak\/AA<\/em><\/p>\n<p>\u00c7im ve toprak \u00fczerine freskler \u00e7izen, tebe\u015fir ve k\u00f6m\u00fcrden yap\u0131lan bir boyan\u0131n mucidi olarak da bilinen Saype, sembolik \u015fekilde d\u00fcnyan\u0131n en b\u00fcy\u00fck insan zincirini olu\u015fturmay\u0131 ama\u00e7lad\u0131\u011f\u0131 projesi \u00e7er\u00e7evesinde 19. dura\u011f\u0131 Hatay&#8217;da \u00e7izimlere ba\u015flad\u0131.<\/p>\n<p>\u0130ki yard\u0131mc\u0131s\u0131yla Defne il\u00e7esi Armutlu Mahallesi&#8217;ndeki enkaz alan\u0131na i\u00e7 i\u00e7e ge\u00e7en tokala\u015fm\u0131\u015f elleri \u00e7izen Saype, \u0130svi\u00e7re B\u00fcy\u00fckel\u00e7ili\u011fi ve T\u00fcrkiye Frans\u0131z K\u00fclt\u00fcr Merkezi deste\u011fiyle \u00e7al\u0131\u015fmalar\u0131n\u0131 s\u00fcrd\u00fcr\u00fcyor.<\/p>\n<p><img decoding=\"async\" alt=\"\" src=\"https:\/\/www.aa.com.tr\/uploads\/userFiles\/54a427bf-71c5-4e63-a83d-6196709e92a3\/009_2023%2F003_2023%2F26_Ekim%2F08%2F20231006_2_60564949_93396835.jpg\"\/><\/p>\n<h3>Alt\u0131n\u00f6z\u00fc il\u00e7esinde de \u00e7izim yapacak<\/h3>\n<p>Saype, AA muhabirine, e\u015finin Sivasl\u0131 oldu\u011funu ve deprem haberini \u0130svi\u00e7re&#8217;deki evlerinde ald\u0131klar\u0131n\u0131 s\u00f6yledi.<\/p>\n<p>O anda evde herkesin b\u00fcy\u00fck \u00fcz\u00fcnt\u00fc ya\u015fad\u0131\u011f\u0131n\u0131 anlatan Saype, &#8220;Haberi al\u0131nca \u015fok olduk. Ailece \u00e7ok a\u011f\u0131r ac\u0131lar ya\u015fad\u0131k.&#8221; dedi.<\/p>\n<p><img decoding=\"async\" alt=\"\" src=\"https:\/\/www.aa.com.tr\/uploads\/userFiles\/54a427bf-71c5-4e63-a83d-6196709e92a3\/009_2023%2F003_2023%2F26_Ekim%2F08%2F20231006_2_60564949_93396845.jpg\"\/><\/p>\n<p>Sanat\u0131n toplum \u00fczerinde ciddi etkisinin oldu\u011funun alt\u0131n\u0131 \u00e7izen Saype, \u015f\u00f6yle devam etti:<\/p>\n<p>&#8220;Bu nedenle sanat\u0131, bu t\u00fcr konular\u0131 sorgulamak ve yard\u0131mc\u0131 olmak i\u00e7in bir ara\u00e7 olarak kullanman\u0131n ger\u00e7ekten \u00f6nemli oldu\u011funu d\u00fc\u015f\u00fcn\u00fcyorum. Bu y\u00fczden asl\u0131nda Hatay b\u00f6lgesindeki depremi \u00f6\u011frendikten sonra y\u0131k\u0131lan yap\u0131lar\u0131 ve \u00f6lenleri g\u00f6rmek beni derinden etkiledi. Medyan\u0131n etkisi olay\u0131n ba\u015f\u0131nda \u00e7ok \u00f6nemliydi ve medyada bu felaketi tekrar g\u00fcndeme getirmenin \u00f6nemli oldu\u011funu d\u00fc\u015f\u00fcn\u00fcyorum. 2019&#8217;da ba\u015flatt\u0131\u011f\u0131m Duvarlar\u0131n \u00d6tesi&#8217;nde adl\u0131 projem devasa eserlerin ortaya \u00e7\u0131kt\u0131\u011f\u0131 bir projedir. Projem sembolik olarak d\u00fcnyan\u0131n en b\u00fcy\u00fck insan zincirini, birbirini tutan elleri resmetmek suretiyle farkl\u0131 problemler \u00e7er\u00e7evesinde bir araya gelmenin, beraber \u00e7al\u0131\u015fman\u0131n \u00f6nemini vurguluyor. Bu depremi g\u00f6rd\u00fc\u011f\u00fcmde, k\u00fcresel projemin bu b\u00f6lgeden ge\u00e7mesi gerekti\u011fini d\u00fc\u015f\u00fcnd\u00fcm.&#8221;<\/p>\n<p><img decoding=\"async\" alt=\"\" src=\"https:\/\/www.aa.com.tr\/uploads\/userFiles\/54a427bf-71c5-4e63-a83d-6196709e92a3\/009_2023%2F003_2023%2F26_Ekim%2F08%2F20231006_2_60564949_93396850.jpg\"\/><\/p>\n<p>Saype, 30 Eyl\u00fcl&#8217;de geldi\u011fi Hatay&#8217;da 2 hafta kalaca\u011f\u0131n\u0131, Defne&#8217;nin ard\u0131ndan Alt\u0131n\u00f6z\u00fc il\u00e7esinde de \u00e7al\u0131\u015fma yapaca\u011f\u0131n\u0131 dile getirdi.<\/p>\n<p>Depremden etkilenen Hatay&#8217;da iki esere imza ataca\u011f\u0131n\u0131 aktaran Frans\u0131z sanat\u00e7\u0131, \u00e7al\u0131\u015fmalar\u0131n\u0131 13 Ekim&#8217;de tan\u0131tmay\u0131 hedefledi\u011fini kaydetti.<\/p>\n<p>                            <span class=\"detay-foto-editor\">&#13;<br \/>\n                                <a href=\"https:\/\/www.aa.com.tr\/tr\/p\/abonelik-talep-formu\/1001\" target=\"_blank\" style=\"font-size:12px; color:#444; text-decoration:none;\" rel=\"noopener\">&#13;<br \/>\n                                    Anadolu Ajans\u0131 web sitesinde, AA Haber Ak\u0131\u015f Sistemi (HAS) \u00fczerinden abonelere sunulan haberler, \u00f6zetlenerek yay\u0131mlanmaktad\u0131r. <b style=\"color:#1897F7\">Abonelik i\u00e7in l\u00fctfen ileti\u015fime ge\u00e7iniz.<\/b>&#13;<br \/>\n                                <\/a>&#13;<br \/>\n                            <\/span>\n                        <\/div>\n<p><script>\n\t  window.fbAsyncInit = function() {\n\t\tFB.init({\n\t\t  appId: '1855843514662870',\n\t\t  status : true, \/\/ check login status\n\t\t  cookie : true, \/\/ enable cookies to allow the server to access the session\n\t\t  xfbml  : true  \/\/ parse XFBML\n\t\t});\n\t  };<\/p>\n<p>\t  (function() {\n\t\tvar e = document.createElement('script');\n\t\te.src=\"https:\/\/connect.facebook.net\/tr_TR\/all.js\";\n\t\te.async = true;\n\t\tdocument.getElementById('fb-root').appendChild(e);\n\t  }());\n    <\/script><\/p>\n","protected":false},"excerpt":{"rendered":"<p>Kahramanmara\u015f merkezli depremlerden etkilenen Hatay&#8217;daki y\u0131k\u0131ma ve ard\u0131ndan b\u00f6lgede g\u00f6sterilen birlikteli\u011fe dikkati \u00e7ekmek isteyen 34 ya\u015f\u0131ndaki sanat\u00e7\u0131, daha \u00f6nce \u0130stanbul&#8217;un da aras\u0131nda bulundu\u011fu 18 noktada ger\u00e7ekle\u015ftirdi\u011fi Duvarlar\u0131n \u00d6tesi&#8217;nde (Beyond Walls) isimli projesi kapsam\u0131nda kente geldi. Foto\u011fraf: Mehmet Bayrak\/AA \u00c7im ve toprak \u00fczerine freskler \u00e7izen, tebe\u015fir ve k\u00f6m\u00fcrden yap\u0131lan bir boyan\u0131n mucidi olarak da bilinen Saype, [&hellip;]<\/p>\n","protected":false},"author":1,"featured_media":16302,"comment_status":"","ping_status":"","sticky":false,"template":"","format":"standard","meta":[],"categories":[50],"tags":[],"_links":{"self":[{"href":"https:\/\/kraios.app\/news\/wp-json\/wp\/v2\/posts\/16301"}],"collection":[{"href":"https:\/\/kraios.app\/news\/wp-json\/wp\/v2\/posts"}],"about":[{"href":"https:\/\/kraios.app\/news\/wp-json\/wp\/v2\/types\/post"}],"author":[{"embeddable":true,"href":"https:\/\/kraios.app\/news\/wp-json\/wp\/v2\/users\/1"}],"replies":[{"embeddable":true,"href":"https:\/\/kraios.app\/news\/wp-json\/wp\/v2\/comments?post=16301"}],"version-history":[{"count":0,"href":"https:\/\/kraios.app\/news\/wp-json\/wp\/v2\/posts\/16301\/revisions"}],"wp:featuredmedia":[{"embeddable":true,"href":"https:\/\/kraios.app\/news\/wp-json\/wp\/v2\/media\/16302"}],"wp:attachment":[{"href":"https:\/\/kraios.app\/news\/wp-json\/wp\/v2\/media?parent=16301"}],"wp:term":[{"taxonomy":"category","embeddable":true,"href":"https:\/\/kraios.app\/news\/wp-json\/wp\/v2\/categories?post=16301"},{"taxonomy":"post_tag","embeddable":true,"href":"https:\/\/kraios.app\/news\/wp-json\/wp\/v2\/tags?post=16301"}],"curies":[{"name":"wp","href":"https:\/\/api.w.org\/{rel}","templated":true}]}}