{"id":16295,"date":"2023-10-06T20:06:14","date_gmt":"2023-10-06T20:06:14","guid":{"rendered":"https:\/\/kraios.app\/news\/siyaset\/2023\/10\/06\/bakan-fidan-abdli-mevkidasi-blinken-ile-gorustu-abd-teror-orgutu-ypgyle-calismaktan-vazgecmeli\/"},"modified":"2023-10-06T20:06:14","modified_gmt":"2023-10-06T20:06:14","slug":"bakan-fidan-abdli-mevkidasi-blinken-ile-gorustu-abd-teror-orgutu-ypgyle-calismaktan-vazgecmeli","status":"publish","type":"post","link":"https:\/\/kraios.app\/news\/siyaset\/2023\/10\/06\/bakan-fidan-abdli-mevkidasi-blinken-ile-gorustu-abd-teror-orgutu-ypgyle-calismaktan-vazgecmeli\/","title":{"rendered":"Bakan Fidan, ABD&#039;li mevkida\u015f\u0131 Blinken ile g\u00f6r\u00fc\u015ft\u00fc: ABD, ter\u00f6r \u00f6rg\u00fct\u00fc YPG\u2019yle \u00e7al\u0131\u015fmaktan vazge\u00e7meli"},"content":{"rendered":"<p>D\u0131\u015fi\u015fleri Bakan\u0131 Hakan Fidan, ABD D\u0131\u015fi\u015fleri Bakan\u0131 Antony Blinken ile yapt\u0131\u011f\u0131 telefon g\u00f6r\u00fc\u015fmesinde, Washington y\u00f6netiminin, ter\u00f6r \u00f6rg\u00fct\u00fc YPG\u2019yle beraber \u00e7al\u0131\u015fmaktan vazge\u00e7mesi gerekti\u011fini kuvvetli ifadelerle vurgulad\u0131.<\/p>\n","protected":false},"excerpt":{"rendered":"<p>D\u0131\u015fi\u015fleri Bakan\u0131 Hakan Fidan, ABD D\u0131\u015fi\u015fleri Bakan\u0131 Antony Blinken ile yapt\u0131\u011f\u0131 telefon g\u00f6r\u00fc\u015fmesinde, Washington y\u00f6netiminin, ter\u00f6r \u00f6rg\u00fct\u00fc YPG\u2019yle beraber \u00e7al\u0131\u015fmaktan vazge\u00e7mesi gerekti\u011fini kuvvetli ifadelerle vurgulad\u0131.<\/p>\n","protected":false},"author":1,"featured_media":16296,"comment_status":"","ping_status":"","sticky":false,"template":"","format":"standard","meta":[],"categories":[47],"tags":[],"_links":{"self":[{"href":"https:\/\/kraios.app\/news\/wp-json\/wp\/v2\/posts\/16295"}],"collection":[{"href":"https:\/\/kraios.app\/news\/wp-json\/wp\/v2\/posts"}],"about":[{"href":"https:\/\/kraios.app\/news\/wp-json\/wp\/v2\/types\/post"}],"author":[{"embeddable":true,"href":"https:\/\/kraios.app\/news\/wp-json\/wp\/v2\/users\/1"}],"replies":[{"embeddable":true,"href":"https:\/\/kraios.app\/news\/wp-json\/wp\/v2\/comments?post=16295"}],"version-history":[{"count":0,"href":"https:\/\/kraios.app\/news\/wp-json\/wp\/v2\/posts\/16295\/revisions"}],"wp:featuredmedia":[{"embeddable":true,"href":"https:\/\/kraios.app\/news\/wp-json\/wp\/v2\/media\/16296"}],"wp:attachment":[{"href":"https:\/\/kraios.app\/news\/wp-json\/wp\/v2\/media?parent=16295"}],"wp:term":[{"taxonomy":"category","embeddable":true,"href":"https:\/\/kraios.app\/news\/wp-json\/wp\/v2\/categories?post=16295"},{"taxonomy":"post_tag","embeddable":true,"href":"https:\/\/kraios.app\/news\/wp-json\/wp\/v2\/tags?post=16295"}],"curies":[{"name":"wp","href":"https:\/\/api.w.org\/{rel}","templated":true}]}}