{"id":16284,"date":"2023-10-06T19:36:13","date_gmt":"2023-10-06T19:36:13","guid":{"rendered":"https:\/\/kraios.app\/news\/yasam\/2023\/10\/06\/van-golu-havzasinin-guzelliklerine-gokyuzunden-bakis\/"},"modified":"2023-10-06T19:36:13","modified_gmt":"2023-10-06T19:36:13","slug":"van-golu-havzasinin-guzelliklerine-gokyuzunden-bakis","status":"publish","type":"post","link":"https:\/\/kraios.app\/news\/yasam\/2023\/10\/06\/van-golu-havzasinin-guzelliklerine-gokyuzunden-bakis\/","title":{"rendered":"Van G\u00f6l\u00fc havzas\u0131n\u0131n g\u00fczelliklerine g\u00f6ky\u00fcz\u00fcnden bak\u0131\u015f"},"content":{"rendered":"<p>Kadim tarihi ve do\u011fal g\u00fczellikleriyle \u00f6ne \u00e7\u0131kan Van ve Bitlis \u015fehirlerinin sahip oldu\u011fu do\u011fal g\u00fczellikler havadan g\u00f6r\u00fcnt\u00fclendi. Foto\u011frafta, Bitlis&#8217;in Tatvan il\u00e7esindeki Nemrut Krater G\u00f6l\u00fc g\u00f6r\u00fcl\u00fcyor.<\/p>\n","protected":false},"excerpt":{"rendered":"<p>Kadim tarihi ve do\u011fal g\u00fczellikleriyle \u00f6ne \u00e7\u0131kan Van ve Bitlis \u015fehirlerinin sahip oldu\u011fu do\u011fal g\u00fczellikler havadan g\u00f6r\u00fcnt\u00fclendi. Foto\u011frafta, Bitlis&#8217;in Tatvan il\u00e7esindeki Nemrut Krater G\u00f6l\u00fc g\u00f6r\u00fcl\u00fcyor.<\/p>\n","protected":false},"author":1,"featured_media":16285,"comment_status":"","ping_status":"","sticky":false,"template":"","format":"standard","meta":[],"categories":[50],"tags":[],"_links":{"self":[{"href":"https:\/\/kraios.app\/news\/wp-json\/wp\/v2\/posts\/16284"}],"collection":[{"href":"https:\/\/kraios.app\/news\/wp-json\/wp\/v2\/posts"}],"about":[{"href":"https:\/\/kraios.app\/news\/wp-json\/wp\/v2\/types\/post"}],"author":[{"embeddable":true,"href":"https:\/\/kraios.app\/news\/wp-json\/wp\/v2\/users\/1"}],"replies":[{"embeddable":true,"href":"https:\/\/kraios.app\/news\/wp-json\/wp\/v2\/comments?post=16284"}],"version-history":[{"count":0,"href":"https:\/\/kraios.app\/news\/wp-json\/wp\/v2\/posts\/16284\/revisions"}],"wp:featuredmedia":[{"embeddable":true,"href":"https:\/\/kraios.app\/news\/wp-json\/wp\/v2\/media\/16285"}],"wp:attachment":[{"href":"https:\/\/kraios.app\/news\/wp-json\/wp\/v2\/media?parent=16284"}],"wp:term":[{"taxonomy":"category","embeddable":true,"href":"https:\/\/kraios.app\/news\/wp-json\/wp\/v2\/categories?post=16284"},{"taxonomy":"post_tag","embeddable":true,"href":"https:\/\/kraios.app\/news\/wp-json\/wp\/v2\/tags?post=16284"}],"curies":[{"name":"wp","href":"https:\/\/api.w.org\/{rel}","templated":true}]}}