{"id":16278,"date":"2023-10-06T19:29:01","date_gmt":"2023-10-06T19:29:01","guid":{"rendered":"https:\/\/kraios.app\/news\/siyaset\/2023\/10\/06\/bakan-fidan-turkiye-yuzyilinda-turkiyenin-dis-politika-vizyonunu-kaleme-aldi\/"},"modified":"2023-10-06T19:29:01","modified_gmt":"2023-10-06T19:29:01","slug":"bakan-fidan-turkiye-yuzyilinda-turkiyenin-dis-politika-vizyonunu-kaleme-aldi","status":"publish","type":"post","link":"https:\/\/kraios.app\/news\/siyaset\/2023\/10\/06\/bakan-fidan-turkiye-yuzyilinda-turkiyenin-dis-politika-vizyonunu-kaleme-aldi\/","title":{"rendered":"Bakan Fidan &#8220;T\u00fcrkiye Y\u00fczy\u0131l\u0131&#8221;nda T\u00fcrkiye&#8217;nin d\u0131\u015f politika vizyonunu kaleme ald\u0131"},"content":{"rendered":"<p><\/p>\n<div>\n<p>Fidan, Siyaset Ekonomi ve Toplum Ara\u015ft\u0131rmalar\u0131 Vakf\u0131 (SETA) taraf\u0131ndan yay\u0131mlanan uluslararas\u0131 &#8220;Insight Turkey&#8221; Dergisi i\u00e7in &#8220;T\u00fcrkiye Y\u00fczy\u0131l\u0131&#8217;nda T\u00fcrk D\u0131\u015f Politikas\u0131: Zorluklar, Vizyon, Hedefler ve D\u00f6n\u00fc\u015f\u00fcm&#8221; (Turkish Foreign Policy at the Turn of the &#8216;Century of T\u00fcrkiye&#8217;: Challenges, Vision, Objectives, and Transformation)&#8221; ba\u015fl\u0131kl\u0131 \u0130ngilizce makale kaleme ald\u0131.<\/p>\n<p>Makalede, Cumhurba\u015fkan\u0131 Recep Tayyip Erdo\u011fan&#8217;\u0131n \u00f6nc\u00fcl\u00fc\u011f\u00fcnde geli\u015ftirilen &#8220;T\u00fcrkiye Y\u00fczy\u0131l\u0131&#8221;n\u0131n, \u00fclkeyi geli\u015fim ve k\u00fcresel giri\u015fim ilkelerinin hakim oldu\u011fu, ayn\u0131 zamanda ge\u00e7mi\u015f y\u00fczy\u0131l\u0131n ba\u015far\u0131lar\u0131n\u0131 canland\u0131rd\u0131\u011f\u0131 gelece\u011fe ta\u015f\u0131may\u0131 hedefledi\u011fi belirtildi.<\/p>\n<p>Bu vizyonun T\u00fcrkiye&#8217;nin d\u0131\u015f politikas\u0131 da dahil olmak \u00fczere t\u00fcm politik alanlar\u0131na \u0131\u015f\u0131k tutaca\u011f\u0131 ifade edilen makalede, bunun halihaz\u0131rda T\u00fcrkiye&#8217;nin yak\u0131n \u00e7evresinde ve d\u0131\u015f politika hedeflerine yans\u0131d\u0131\u011f\u0131 kaydedildi.<\/p>\n<p>Makalede, k\u00fcresel y\u00f6netim mekanizmalar\u0131n\u0131n, g\u00fcncel sorunlara \u00e7\u00f6z\u00fcm geli\u015ftirmede yetersiz kald\u0131\u011f\u0131 vurgulanarak bu mekanizmalar\u0131n g\u00fc\u00e7 m\u00fccadelelerinin verildi\u011fi bir alana d\u00f6n\u00fc\u015ft\u00fc\u011f\u00fc aktar\u0131ld\u0131.<\/p>\n<p>&#8220;Uluslararas\u0131 hukukun temel ilkelerinin korunmas\u0131n\u0131 sa\u011flamaya gereksinim duyulmakta. Ancak uluslararas\u0131 bar\u0131\u015f ve g\u00fcvenli\u011fin korunmas\u0131ndan birinci derecede sorumlu olan Birle\u015fmi\u015f Milletler (BM) G\u00fcvenlik Konseyi, bu g\u00f6revini yerine getirememekte. Bu da uluslararas\u0131 sistemin dengesinin giderek bozulmas\u0131na, \u00f6ng\u00f6r\u00fclemeyen geli\u015fmeler ya\u015fanmas\u0131na ve daha fazla zafiyete yol a\u00e7makta.&#8221; de\u011ferlendirmesinde bulunan Fidan, Rusya-Ukrayna sava\u015f\u0131n\u0131n k\u00fcresel enflasyon, ekonomik durgunluk, enerji krizi ve g\u0131da g\u00fcvensizli\u011fi gibi d\u00fcnyay\u0131 etkileyen sorunlara yol a\u00e7t\u0131\u011f\u0131n\u0131 belirtti.<\/p>\n<p>Fidan, s\u00f6z konusu sorunlara \u00e7\u00f6z\u00fcm mercilerinin \u00e7\u00f6z\u00fcm bulmaktan uzak g\u00f6r\u00fcnd\u00fc\u011f\u00fcne dikkati \u00e7ekerek &#8220;T\u00fcrkiye\u2019nin hedefledi\u011fi uluslararas\u0131 sistem, tek kutuplu, iki kutuplu veya \u00e7ok kutuplu olsun, kutuplulukla tan\u0131mlanan geleneksel uluslararas\u0131 d\u00fczen kavram\u0131n\u0131n \u00f6tesine ge\u00e7iyor. T\u00fcrkiye, mevcut k\u00fcresel ve b\u00f6lgesel zorluklar\u0131 ele alan daha kapsay\u0131c\u0131, etkin, adil ve g\u00fcvenli bir uluslararas\u0131 sisteme; kutupluluk yerine dayan\u0131\u015fmaya dayal\u0131 sa\u011flam bir sisteme katk\u0131da bulunmay\u0131 ama\u00e7lamakta.&#8221; ifadesini kulland\u0131.<\/p>\n<p>T\u00fcrkiye&#8217;nin b\u00f6lgede bar\u0131\u015f ve g\u00fcvenli\u011fe katk\u0131da bulunma hedefinin iki y\u00f6nl\u00fc oldu\u011funu kaydeden Fidan, bu hedefin birinci y\u00f6n\u00fcn\u00fcn &#8220;tehdit unsurlar\u0131n\u0131n ortadan kald\u0131r\u0131lmas\u0131 ve zorluklarla m\u00fccadele edilmesi&#8221;, ikinci y\u00f6n\u00fcn\u00fcn ise &#8220;siyasi i\u015fbirli\u011fi modelleri i\u00e7in f\u0131rsatlar\u0131 ke\u015ffetmek&#8221; oldu\u011funu aktard\u0131.<\/p>\n<h3>&#8220;\u0130ran ve Suudi Arabistan ili\u015fkilerinin devam\u0131 d\u00f6n\u00fcm noktas\u0131yd\u0131&#8221;<\/h3>\n<p>Ter\u00f6rizmin b\u00f6lgesel bar\u0131\u015f ve g\u00fcvenli\u011fe en b\u00fcy\u00fck tehdidi olu\u015fturdu\u011funu vurgulayan Fidan, T\u00fcrkiye&#8217;nin DEA\u015e, PKK\/YPG ve FET\u00d6&#8217;ye kar\u015f\u0131 m\u00fccadelesini s\u00fcrd\u00fcrmeye ve ter\u00f6rizmle m\u00fccadelede \u00f6nc\u00fc rol almaya devam edece\u011fini bildirdi.<\/p>\n<p>Fidan, Suriye&#8217;deki sorunun \u00e7\u00f6z\u00fcm\u00fc i\u00e7in Suriye&#8217;nin toprak b\u00fct\u00fcnl\u00fc\u011f\u00fcne dayanan siyasi s\u00fcrecin te\u015fvik edilmesinin \u00f6neminin alt\u0131n\u0131 \u00e7izerek Suriyelilerin \u00fclkesinin gelece\u011fini belirlemesinin ve me\u015fru Suriye muhalefetinin siyasi s\u00fcre\u00e7te yer almas\u0131n\u0131n gereklili\u011fini vurgulad\u0131.<\/p>\n<p>Makalede, T\u00fcrkiye&#8217;nin, Irak&#8217;\u0131n toprak b\u00fct\u00fcnl\u00fc\u011f\u00fc ve siyasi istikrar\u0131n\u0131n savunucusu oldu\u011fu aktar\u0131larak PKK ba\u015fta olmak \u00fczere ter\u00f6rist gruplar\u0131n yok edilmesine y\u00f6nelik giri\u015fimleri desteklemeye devam etti\u011fi bildirildi.<\/p>\n<p>Orta Do\u011fu&#8217;nun son y\u0131llarda d\u00f6n\u00fc\u015f\u00fcm s\u00fcrecinden ge\u00e7ti\u011finin alt\u0131n\u0131 \u00e7izen Fidan, &#8220;\u0130ran ve Suudi Arabistan aras\u0131ndaki diplomatik ili\u015fkilerin kald\u0131\u011f\u0131 yerden devam etmesi b\u00f6lgedeki uzla\u015fma ve normalle\u015fme trendleri bak\u0131m\u0131ndan bir d\u00f6n\u00fcm noktas\u0131yd\u0131.&#8221; ifadesine yer verdi.<\/p>\n<p>Fidan, Orta Do\u011fu&#8217;da kal\u0131c\u0131 \u00e7\u00f6z\u00fcm i\u00e7in Filistin-\u0130srail sorununun \u00e7\u00f6z\u00fclmesi gerekti\u011fini belirterek Do\u011fu Kud\u00fcs&#8217;\u00fcn Filistin&#8217;in ba\u015fkenti oldu\u011fu ve 1967 s\u0131n\u0131rlar\u0131n\u0131 temel alan iki devletli \u00e7\u00f6z\u00fcm\u00fcn\u00fcn sa\u011flanmas\u0131 gerekti\u011fini kaydetti.<\/p>\n<h3>&#8220;Ukrayna-Rusya Sava\u015f\u0131&#8217;n\u0131n sonland\u0131r\u0131lmas\u0131 i\u00e7in \u00e7abalar\u0131m\u0131z\u0131 art\u0131raca\u011f\u0131z&#8221;<\/h3>\n<p>Makalede Ukrayna-Rusya sava\u015f\u0131n\u0131n do\u011furdu\u011fu sonu\u00e7lar\u0131n b\u00f6lgeyi ve d\u00fcnyay\u0131 etkiledi\u011fini vurgulayan Fidan, &#8220;Ukrayna&#8217;n\u0131n ba\u011f\u0131ms\u0131zl\u0131\u011f\u0131 ve toprak b\u00fct\u00fcnl\u00fc\u011f\u00fc temelinde, diplomasi ve diyalog yoluyla sava\u015f\u0131n sona erdirilmesine y\u00f6nelik \u00e7abalar\u0131m\u0131z\u0131 art\u0131raca\u011f\u0131z.&#8221; ifadesini kulland\u0131.<\/p>\n<p>Fidan, Karadeniz Tah\u0131l Giri\u015fimi kapsam\u0131nda yakla\u015f\u0131k 33 milyon ton tah\u0131l \u00fcr\u00fcn\u00fcn\u00fcn d\u00fcnya pazar\u0131na ula\u015ft\u0131r\u0131ld\u0131\u011f\u0131n\u0131, giri\u015fimin canland\u0131r\u0131lmas\u0131n\u0131n Karadeniz havzas\u0131n\u0131n g\u00fcvenli\u011fiyle i\u00e7 i\u00e7e oldu\u011funu belirtti.<\/p>\n<p>Libya&#8217;da kal\u0131c\u0131 \u00e7\u00f6z\u00fcm i\u00e7in \u015feffaf, adil ve \u00f6zg\u00fcr ba\u015fkanl\u0131k ve parlamento se\u00e7imlerinin daha da ertelenmeden yap\u0131lmas\u0131n\u0131n \u00f6nemi vurgulayan Fidan, bu \u00fclkenin toprak b\u00fct\u00fcnl\u00fc\u011f\u00fcn\u00fcn sa\u011flanmas\u0131 i\u00e7in T\u00fcrkiye&#8217;nin giri\u015fimlerinin s\u00fcrece\u011fini kaydetti.<\/p>\n<p>Fidan, Cumhurba\u015fkan\u0131 Recep Tayyip Erdo\u011fan ve Azerbaycan Cumhurba\u015fkan\u0131 \u0130lham Aliyev&#8217;in 15 Haziran 2021&#8217;de imzalad\u0131\u011f\u0131 \u015eu\u015fa Beyannamesi&#8217;nin rehberli\u011finde Azerbaycan ile ili\u015fkilerin derinle\u015ftirildi\u011fini ifade ederek Azerbaycan ve Ermenistan aras\u0131ndaki m\u00fczakere s\u00fcrecinin desteklendi\u011fini aktard\u0131.<\/p>\n<p>T\u00fcrkiye&#8217;nin G\u00fcney Kafkasya&#8217;da altyap\u0131 \u00e7al\u0131\u015fmalar\u0131yla b\u00f6lgeyi yeniden in\u015fa etmeye haz\u0131r oldu\u011fu vurgulayan Fidan, altyap\u0131 \u00e7al\u0131\u015fmalar\u0131 ve ba\u011flant\u0131sall\u0131k projelerinde ba\u015far\u0131 sa\u011flanmas\u0131 durumunda b\u00f6lgedekilerin ticaret, enerji g\u00fcvenli\u011fi, turizm, yat\u0131r\u0131m ve i\u015f imkanlar\u0131 alanlar\u0131nda pay\u0131n\u0131 alaca\u011f\u0131n\u0131 dile getirdi.<\/p>\n<h3>Yunanistan&#8217;la mevcut pozitif atmosfer &#8220;de\u011ferli bir f\u0131rsat&#8221;<\/h3>\n<p>Makalede, T\u00fcrkiye&#8217;nin \u0130ran ile \u00f6zellikle ter\u00f6rle m\u00fccadele alan\u0131nda ikili ve b\u00f6lgesel i\u015fbirli\u011fini g\u00fc\u00e7lendirmeyi istedi\u011fi vurguland\u0131.<\/p>\n<p>T\u00fcrkiye&#8217;nin Balkanlarda bar\u0131\u015f ve istikrar\u0131n g\u00fc\u00e7lendirilmesi i\u00e7in giri\u015fimlerini s\u00fcrd\u00fcrd\u00fc\u011f\u00fcn\u00fc kaydeden Fidan, Bosna Hersek&#8217;in toprak b\u00fct\u00fcnl\u00fc\u011f\u00fc, egemenli\u011fi ve siyasi b\u00fct\u00fcnl\u00fc\u011f\u00fcn\u00fcn desteklendi\u011fi, ayn\u0131 zamanda Kosova ile S\u0131rbistan ili\u015fkilerinin normalle\u015fmesine destek verildi\u011fini ifade etti.<\/p>\n<p>Fidan, Yunanistan&#8217;la ili\u015fkilerdeki mevcut atmosferin pozitif i\u015fbirli\u011finin sa\u011flanmas\u0131 ad\u0131na de\u011ferli f\u0131rsat sundu\u011funu belirterek &#8220;T\u00fcrkiye, me\u015fru hak ve menfaatlerinden taviz vermeden, Yunanistan&#8217;\u0131n da ayn\u0131 samimiyetle kar\u015f\u0131l\u0131k vermesi \u015fart\u0131yla bu \u00e7abas\u0131nda samimidir.&#8221; mesaj\u0131 verdi.<\/p>\n<p>Do\u011fu Akdeniz&#8217;de \u00f6nemli de\u011fi\u015fime yol a\u00e7acak meselelerden birinin K\u0131br\u0131s sorununun \u00e7\u00f6z\u00fclmesi oldu\u011funu aktaran Fidan, K\u0131br\u0131sl\u0131 T\u00fcrklerinin do\u011fu\u015ftan gelen haklar\u0131n\u0131n, egemen e\u015fitli\u011finin ve uluslararas\u0131 e\u015fit stat\u00fcs\u00fcn\u00fcn yeniden teyit edilmesi ve KKTC&#8217;nin ba\u011f\u0131ms\u0131zl\u0131\u011f\u0131n\u0131n tan\u0131nmas\u0131 gerekti\u011fini vurgulad\u0131.<\/p>\n<h3>D\u0131\u015f ili\u015fkilerin kurumsalla\u015fmas\u0131<\/h3>\n<p>Fidan, d\u0131\u015f politikan\u0131n daha da kurumsalla\u015fmas\u0131 hedefine de\u011finerek bunun iki y\u00f6nl\u00fc hedef oldu\u011funu vurgulad\u0131.<\/p>\n<p>Bu hedeflerin, &#8220;mevcut stratejik ili\u015fkileri g\u00fc\u00e7lendirmek ve yeni ili\u015fkiler kurmak&#8221; oldu\u011funu belirterek ABD ve NATO ile ili\u015fkilerine de\u011finen Fidan \u015funlar\u0131 kaydetti:<\/p>\n<p>&#8220;T\u00fcrkiye, NATO&#8217;nun bir m\u00fcttefiki olarak, ABD ile uzun y\u0131llara dayanan stratejik bir ortakl\u0131k i\u00e7indedir. Aram\u0131zdaki baz\u0131 g\u00f6r\u00fc\u015f ayr\u0131l\u0131klar\u0131na ra\u011fmen, bir\u00e7ok b\u00f6lgesel ve k\u00fcresel meselede \u00e7\u0131karlar\u0131m\u0131z ve yakla\u015f\u0131mlar\u0131m\u0131z \u00f6rt\u00fc\u015fmektedir. \u00d6n\u00fcm\u00fczdeki d\u00f6nemde ABD ile geni\u015f bir alanda ve ortak menfaatler temelinde i\u015fbirli\u011fimizi g\u00fc\u00e7lendirmeye gayret edece\u011fiz. Bu, kom\u015fular\u0131m\u0131zda ve di\u011fer \u00fclkelerde bar\u0131\u015f ve g\u00fcvenli\u011fin tesis edilmesi i\u00e7in hayati \u00f6nem te\u015fkil etmekte.&#8221;<\/p>\n<p>Makalede, T\u00fcrkiye&#8217;nin transatlantik ili\u015fkilerinin Avrupa&#8217;n\u0131n g\u00fcvenli\u011fi ve refah\u0131 a\u00e7\u0131s\u0131ndan hayati \u00f6nem ta\u015f\u0131d\u0131\u011f\u0131, NATO \u00fcyesi olarak T\u00fcrkiye&#8217;nin, &#8220;g\u00fcvenli\u011fin b\u00f6l\u00fcnmezli\u011fi&#8221; ilkesine temelden katk\u0131da bulundu\u011fu aktar\u0131ld\u0131.<\/p>\n<p>Bakan Fidan, makalede, ter\u00f6rizmle m\u00fccadelenin \u0130ttifak\u2019\u0131n g\u00fcndeminin \u00fcst s\u0131ralar\u0131nda tutulaca\u011f\u0131n\u0131 kaydetti.<\/p>\n<p>T\u00fcrkiye&#8217;nin AB \u00fcyeli\u011finin stratejik bir \u00f6ncelik olmaya devam etti\u011fini vurgulayan Fidan, b\u00f6lgesel ve k\u00fcresel sorunlar\u0131n daha karma\u015f\u0131k bir duruma b\u00fcr\u00fcnmesinin T\u00fcrkiye&#8217;nin kat\u0131l\u0131m s\u00fcrecinin ilerletilmesini her zamankinden daha fazla zaruri k\u0131ld\u0131\u011f\u0131n\u0131 kaydetti.<\/p>\n<p>Fidan, T\u00fcrkiye&#8217;nin \u00fcyelik s\u00fcrecinin baz\u0131 \u00fcyelerin siyasi motifleri \u00fczerinden engellendi\u011fini, y\u0131llard\u0131r s\u00fcren m\u00fczakerelerin liyakate dayal\u0131 \u015fekilde ilerlemedi\u011fini belirterek AB&#8217;nin T\u00fcrkiye&#8217;ye kar\u015f\u0131 sorumlulu\u011funu yerine getirmesi gerekti\u011fini vurgulad\u0131.<\/p>\n<h3>&#8220;\u00d6n\u00fcm\u00fczdeki d\u00f6nemde d\u0131\u015f politikan\u0131n ekonomik bile\u015fenine \u00f6zel \u00f6nem verilecek&#8221;<\/h3>\n<p>Hedeflerinden \u00fc\u00e7\u00fcnc\u00fcs\u00fcn\u00fcn &#8220;refah ortam\u0131n\u0131 geli\u015ftirmek oldu\u011funa&#8221; de\u011finen Hakan Fidan \u015funlar\u0131 kaydetti:<\/p>\n<p>&#8220;K\u00fcresel f\u0131rsatlara eri\u015fime sahip, g\u00fc\u00e7l\u00fc ve kendi kendini idame ettirebilen bir T\u00fcrkiye ekonomisi, yaln\u0131zca T\u00fcrk halk\u0131n\u0131n de\u011fil ayn\u0131 zamanda d\u00fcnya \u00e7ap\u0131ndaki kom\u015fular\u0131n\u0131n, dostlar\u0131n\u0131n ve ortaklar\u0131n\u0131n da ekonomik refah\u0131n\u0131 art\u0131racakt\u0131r. Bu nedenle \u00f6n\u00fcm\u00fczdeki d\u00f6nemde d\u0131\u015f politikan\u0131n ekonomik bile\u015fenine \u00f6zel \u00f6nem verilecektir.&#8221; <\/p>\n<p>Bakan Fidan, T\u00fcrkiye&#8217;nin d\u00fcnyan\u0131n her yeriyle ticari ve ekonomik ili\u015fkilerini \u00e7e\u015fitlendirece\u011fini ve derinle\u015ftirece\u011fini i\u015faret ederek bu s\u00fcre\u00e7te savunma sanayinin de aralar\u0131nda bulundu\u011fu &#8220;y\u00fcksek ve kritik teknolojilerin&#8221;, \u00f6ncelikli alanlar\u0131 olu\u015fturaca\u011f\u0131n\u0131 vurgulad\u0131.<\/p>\n<p>T\u00fcrkiye&#8217;nin bu kapasitesinin Trans Anadolu Do\u011fal Gaz Boru Hatt\u0131 (TANAP) ve Trans Hazar Do\u011fu-Bat\u0131 Orta Koridoru&#8217;na yard\u0131mc\u0131 oldu\u011funu kaydeden Fidan t\u00fcm b\u00f6lge halk\u0131n\u0131n enerji ve tedarik zinciri g\u00fcvenli\u011fine somut katk\u0131larda bulunacaklar\u0131n\u0131 aktard\u0131.<\/p>\n<p>Fidan, T\u00fcrkiye&#8217;nin Irak ve K\u00f6rfez b\u00f6lgesindeki ba\u011flant\u0131sall\u0131k \u00e7abalar\u0131na katk\u0131da bulunmaya kararl\u0131 olduklar\u0131n\u0131 belirterek &#8220;T\u00fcrkiye&#8217;nin kat\u0131l\u0131m\u0131, b\u00f6lgesel ba\u011flant\u0131y\u0131 ama\u00e7layan herhangi bir projenin uygulanabilirli\u011fi a\u00e7\u0131s\u0131ndan \u00e7arpan etkisi yaratacakt\u0131r.&#8221; mesaj\u0131 verdi.<\/p>\n<h3>&#8220;T\u00fcrkiye-Latin Amerika ve Karayip Ortakl\u0131\u011f\u0131 Politikas\u0131&#8221;<\/h3>\n<p>D\u00f6rd\u00fcnc\u00fc hedeflerinin &#8220;k\u00fcresel sorunlara \u00e7\u00f6z\u00fcm sunarken farkl\u0131 co\u011frafyalara y\u00f6nelik politikalar\u0131 daha da g\u00fc\u00e7lendirmek&#8221; oldu\u011funu kaydeden Fidan, Latin Amerika ve Karayipler b\u00f6lgesinin, T\u00fcrkiye&#8217;nin insani d\u0131\u015f politikas\u0131n\u0131n t\u00fcm unsurlar\u0131n\u0131 seferber etti\u011fi, dostluk ba\u011flar\u0131n\u0131n her ge\u00e7en g\u00fcn g\u00fc\u00e7lendi\u011fi b\u00f6lge oldu\u011funu aktard\u0131.<\/p>\n<p>Fidan, &#8220;\u00d6n\u00fcm\u00fczdeki d\u00f6nemde bu ili\u015fkileri T\u00fcrkiye-Latin Amerika ve Karayip Ortakl\u0131\u011f\u0131 Politikas\u0131&#8217;na d\u00f6n\u00fc\u015ft\u00fcrmeyi hedefliyoruz.&#8221; ifadesine yer verdi.<\/p>\n<p>D\u0131\u015fi\u015fleri Bakan\u0131 Fidan, T\u00fcrkiye&#8217;nin 2019&#8217;da duyurdu\u011fu Yeniden Asya Giri\u015fimi&#8217;nin, T\u00fcrkiye&#8217;nin Asya k\u0131tas\u0131yla ili\u015fkilerini kar\u015f\u0131l\u0131kl\u0131 yarar ve ortak hedefler temelinde daha da ileriye ta\u015f\u0131ma iradesinin simgesi haline geldi\u011fini bildirdi.<\/p>\n<p>Fidan, T\u00fcrkiye&#8217;nin en az geli\u015fmi\u015f \u00fclkelere her alanda destek verdi\u011fini, K\u00fcresel G\u00fcney&#8217;in yeniden \u00f6rg\u00fctlenme giri\u015fimlerini \u00f6nemsediklerini belirtti.<\/p>\n<h3>Irk\u00e7\u0131l\u0131k, yabanc\u0131 d\u00fc\u015fmanl\u0131\u011f\u0131 ve \u0130slamofobi<\/h3>\n<p>Cumhurba\u015fkan\u0131 Erdo\u011fan&#8217;\u0131n e\u015fi Emine Erdo\u011fan&#8217;\u0131n himayesinde ba\u015flat\u0131lan S\u0131f\u0131r At\u0131k Giri\u015fimi&#8217;nin &#8220;s\u00fcrd\u00fcr\u00fclebilir kalk\u0131nma \u00e7al\u0131\u015fmalar\u0131na ve iklim de\u011fi\u015fikli\u011fiyle m\u00fccadeleye \u00f6nemli katk\u0131&#8221; sa\u011flad\u0131\u011f\u0131n\u0131 kaydeden Fidan bu giri\u015fimin takip\u00e7isi olmaya devam edeceklerini aktard\u0131.<\/p>\n<p>Fidan, Bat\u0131l\u0131 \u00fclkelerdeki \u0131rk\u00e7\u0131l\u0131k, yabanc\u0131 d\u00fc\u015fmanl\u0131\u011f\u0131 ve \u0130slomofobi salg\u0131n\u0131na dikkati \u00e7ekerek &#8220;\u0130lk ayeti &#8216;Oku!&#8217; ile ba\u015flayan bir dinin kutsal kitab\u0131n\u0131n yak\u0131lmas\u0131 kar\u015f\u0131s\u0131nda eylemsizli\u011fin g\u00f6r\u00fclmesi kabul edilemez. \u0130nsan haklar\u0131n\u0131n ve temel \u00f6zg\u00fcrl\u00fcklerin \u00f6z\u00fcn\u00fc ihlal eden bu e\u011filim ve eylemlerin 21. y\u00fczy\u0131lda da devam etmesi deh\u015fet vericidir. Ancak bu tehlikeli e\u011filimler kar\u015f\u0131s\u0131nda biz de bo\u015f durmuyoruz, durmayaca\u011f\u0131z.&#8221; de\u011ferlendirmesini yapt\u0131.<\/p>\n<p>D\u0131\u015fi\u015fleri Bakan\u0131 Fidan, T\u00fcrkiye&#8217;nin Birle\u015fmi\u015f Milletler (BM), Avrupa G\u00fcvenlik ve \u0130\u015fbirli\u011fi Te\u015fkilat\u0131 (AG\u0130T) ve \u0130slam \u0130\u015fbirli\u011fi Te\u015fkilat\u0131 (\u0130\u0130T) ba\u015fta olmak \u00fczere t\u00fcm platformlarda \u0130slamofobi ile m\u00fccadeleye y\u00f6nelik giri\u015fimleri desteklemeye devam edece\u011fini belirtti.<\/p>\n<p>Fidan, makalesinde yer verdi\u011fi hedeflerin s\u00fcrekli adaptasyon gerektirdi\u011fini, g\u00f6reve ba\u015flad\u0131\u011f\u0131ndan beri D\u0131\u015fi\u015fleri Bakanl\u0131\u011f\u0131n\u0131n kurumsal d\u00f6n\u00fc\u015f\u00fcm\u00fcn\u00fcn h\u0131zland\u0131r\u0131lmas\u0131n\u0131n \u00f6nceliklerinden biri oldu\u011funu bildirdi.<\/p>\n<p>Devam eden kurumsal d\u00f6n\u00fc\u015f\u00fcm\u00fcn \u00e7e\u015fitli b\u00f6l\u00fcmlerin yeniden d\u00fczenlenmesini ve modern teknolojilere yat\u0131r\u0131m yap\u0131lmas\u0131n\u0131 i\u00e7erdi\u011fi aktar\u0131lan makalede, bunun d\u0131\u015f politika olu\u015fturulmas\u0131 ve uygulanmas\u0131nda verimlili\u011fin artmas\u0131n\u0131 ama\u00e7lad\u0131\u011f\u0131 vurguland\u0131.<\/p>\n<p>                            <span class=\"detay-foto-editor\">&#13;<br \/>\n                                <a href=\"https:\/\/www.aa.com.tr\/tr\/p\/abonelik-talep-formu\/1001\" target=\"_blank\" style=\"font-size:12px; color:#444; text-decoration:none;\" rel=\"noopener\">&#13;<br \/>\n                                    Anadolu Ajans\u0131 web sitesinde, AA Haber Ak\u0131\u015f Sistemi (HAS) \u00fczerinden abonelere sunulan haberler, \u00f6zetlenerek yay\u0131mlanmaktad\u0131r. <b style=\"color:#1897F7\">Abonelik i\u00e7in l\u00fctfen ileti\u015fime ge\u00e7iniz.<\/b>&#13;<br \/>\n                                <\/a>&#13;<br \/>\n                            <\/span>\n                        <\/div>\n<p><script>\n\t  window.fbAsyncInit = function() {\n\t\tFB.init({\n\t\t  appId: '1855843514662870',\n\t\t  status : true, \/\/ check login status\n\t\t  cookie : true, \/\/ enable cookies to allow the server to access the session\n\t\t  xfbml  : true  \/\/ parse XFBML\n\t\t});\n\t  };<\/p>\n<p>\t  (function() {\n\t\tvar e = document.createElement('script');\n\t\te.src=\"https:\/\/connect.facebook.net\/tr_TR\/all.js\";\n\t\te.async = true;\n\t\tdocument.getElementById('fb-root').appendChild(e);\n\t  }());\n    <\/script><\/p>\n","protected":false},"excerpt":{"rendered":"<p>Fidan, Siyaset Ekonomi ve Toplum Ara\u015ft\u0131rmalar\u0131 Vakf\u0131 (SETA) taraf\u0131ndan yay\u0131mlanan uluslararas\u0131 &#8220;Insight Turkey&#8221; Dergisi i\u00e7in &#8220;T\u00fcrkiye Y\u00fczy\u0131l\u0131&#8217;nda T\u00fcrk D\u0131\u015f Politikas\u0131: Zorluklar, Vizyon, Hedefler ve D\u00f6n\u00fc\u015f\u00fcm&#8221; (Turkish Foreign Policy at the Turn of the &#8216;Century of T\u00fcrkiye&#8217;: Challenges, Vision, Objectives, and Transformation)&#8221; ba\u015fl\u0131kl\u0131 \u0130ngilizce makale kaleme ald\u0131. Makalede, Cumhurba\u015fkan\u0131 Recep Tayyip Erdo\u011fan&#8217;\u0131n \u00f6nc\u00fcl\u00fc\u011f\u00fcnde geli\u015ftirilen &#8220;T\u00fcrkiye Y\u00fczy\u0131l\u0131&#8221;n\u0131n, [&hellip;]<\/p>\n","protected":false},"author":1,"featured_media":16279,"comment_status":"","ping_status":"","sticky":false,"template":"","format":"standard","meta":[],"categories":[47],"tags":[],"_links":{"self":[{"href":"https:\/\/kraios.app\/news\/wp-json\/wp\/v2\/posts\/16278"}],"collection":[{"href":"https:\/\/kraios.app\/news\/wp-json\/wp\/v2\/posts"}],"about":[{"href":"https:\/\/kraios.app\/news\/wp-json\/wp\/v2\/types\/post"}],"author":[{"embeddable":true,"href":"https:\/\/kraios.app\/news\/wp-json\/wp\/v2\/users\/1"}],"replies":[{"embeddable":true,"href":"https:\/\/kraios.app\/news\/wp-json\/wp\/v2\/comments?post=16278"}],"version-history":[{"count":0,"href":"https:\/\/kraios.app\/news\/wp-json\/wp\/v2\/posts\/16278\/revisions"}],"wp:featuredmedia":[{"embeddable":true,"href":"https:\/\/kraios.app\/news\/wp-json\/wp\/v2\/media\/16279"}],"wp:attachment":[{"href":"https:\/\/kraios.app\/news\/wp-json\/wp\/v2\/media?parent=16278"}],"wp:term":[{"taxonomy":"category","embeddable":true,"href":"https:\/\/kraios.app\/news\/wp-json\/wp\/v2\/categories?post=16278"},{"taxonomy":"post_tag","embeddable":true,"href":"https:\/\/kraios.app\/news\/wp-json\/wp\/v2\/tags?post=16278"}],"curies":[{"name":"wp","href":"https:\/\/api.w.org\/{rel}","templated":true}]}}