{"id":16267,"date":"2023-10-06T19:24:21","date_gmt":"2023-10-06T19:24:21","guid":{"rendered":"https:\/\/kraios.app\/news\/saglik\/2023\/10\/06\/gazzede-meme-kanserinde-farkindalik-icin-pembe-ekim-etkinlikleri-basladi\/"},"modified":"2023-10-06T19:24:21","modified_gmt":"2023-10-06T19:24:21","slug":"gazzede-meme-kanserinde-farkindalik-icin-pembe-ekim-etkinlikleri-basladi","status":"publish","type":"post","link":"https:\/\/kraios.app\/news\/saglik\/2023\/10\/06\/gazzede-meme-kanserinde-farkindalik-icin-pembe-ekim-etkinlikleri-basladi\/","title":{"rendered":"Gazze&#8217;de meme kanserinde fark\u0131ndal\u0131k i\u00e7in &#8220;Pembe Ekim&#8221; etkinlikleri ba\u015flad\u0131"},"content":{"rendered":"<p><\/p>\n<div>\n<p>Sa\u011fl\u0131k Bakanl\u0131\u011f\u0131 taraf\u0131ndan &#8220;1-31 Ekim Meme Kanseri Fark\u0131ndal\u0131k Ay\u0131&#8221; kapsam\u0131nda d\u00fczenlen etkinlikte Filistinliler, Gazze&#8217;deki T\u00fcrkiye-Filistin Dostluk Hastanesi \u00f6n\u00fcnde bir araya geldi.<\/p>\n<p><img decoding=\"async\" alt=\"\" src=\"https:\/\/www.aa.com.tr\/uploads\/userFiles\/96f91bbd-282f-4a24-a12c-1b1092cfeb3b\/009_2023%2F03_2023%2F30_Ekim%2F03%2F20231002_2_60512024_93289243.jpg\"\/><\/p>\n<p>Etkinlikte, g\u00f6ky\u00fcz\u00fcne pembe balonlar ve g\u00fcvercinler b\u0131rak\u0131ld\u0131, g\u00fcn\u00fcn anlam ve \u00f6nemine binaen resimler yap\u0131ld\u0131.<\/p>\n<p><img decoding=\"async\" alt=\"\" src=\"https:\/\/www.aa.com.tr\/uploads\/userFiles\/96f91bbd-282f-4a24-a12c-1b1092cfeb3b\/009_2023%2F03_2023%2F30_Ekim%2F03%2F20231002_2_60512024_93289244.jpg\"\/><\/p>\n<p>T\u00fcrkiye-Filistin Dostluk Hastanesi M\u00fcd\u00fcr\u00fc Subhi Sukeyk, etkinlikteki konu\u015fmas\u0131nda, &#8220;Bu y\u0131l, &#8216;Pembe Ekim&#8217; etkinliklerini, meme kanserinde erken te\u015fhis, \u00f6nleyici yakla\u015f\u0131m ve \u00e7e\u015fitli tedavi y\u00f6ntemleri konusunda fark\u0131ndal\u0131k olu\u015fturmak i\u00e7in t\u00fcm d\u00fcnyadaki faaliyetler kapsam\u0131nda ba\u015flat\u0131yoruz.&#8221; dedi.<\/p>\n<p><img decoding=\"async\" alt=\"\" src=\"https:\/\/www.aa.com.tr\/uploads\/userFiles\/96f91bbd-282f-4a24-a12c-1b1092cfeb3b\/009_2023%2F03_2023%2F30_Ekim%2F03%2F20231002_2_60512024_93289245.jpg\"\/><\/p>\n<p>Sukeyk, Bakanl\u0131\u011f\u0131n, meme kanserine b\u00fcy\u00fck \u00f6nem verdi\u011fini ve \u00f6ncelikleri aras\u0131nda yer ald\u0131\u011f\u0131n\u0131 s\u00f6yledi.<\/p>\n<p><img decoding=\"async\" alt=\"\" src=\"https:\/\/www.aa.com.tr\/uploads\/userFiles\/96f91bbd-282f-4a24-a12c-1b1092cfeb3b\/009_2023%2F03_2023%2F30_Ekim%2F03%2F20231002_2_60512024_93289247.jpg\"\/><\/p>\n<h3>2022&#8217;de 294 yeni vaka<\/h3>\n<p>Gazze&#8217;deki kad\u0131nlar\u0131n yakaland\u0131\u011f\u0131 kanser t\u00fcrleri aras\u0131nda meme kanserinin dikkati \u00e7ekti\u011fini kaydeden Sukeyk, b\u00f6lgede 2022&#8217;de 294 yeni vakan\u0131n kaydedildi\u011fini belirtti.<\/p>\n<p>Sukeyk, meme kanserinin Gazze&#8217;de kad\u0131nlar aras\u0131nda akci\u011fer kanserinden sonra \u00f6l\u00fcm oran\u0131nda ikinci s\u0131rada yer ald\u0131\u011f\u0131n\u0131 ve genel oranda y\u00fczde 12&#8217;sini olu\u015fturdu\u011funu ifade etti.<\/p>\n<p><img decoding=\"async\" alt=\"\" src=\"https:\/\/www.aa.com.tr\/uploads\/userFiles\/96f91bbd-282f-4a24-a12c-1b1092cfeb3b\/009_2023%2F03_2023%2F30_Ekim%2F03%2F20231002_2_60512024_93289249.jpg\"\/><\/p>\n<p>Meme kanserinde tedavi oran\u0131n\u0131n y\u00fczde 95&#8217;lere vard\u0131\u011f\u0131n\u0131 aktaran Sukeyk, \u00e7ok say\u0131da kad\u0131n\u0131n hastal\u0131k ilerledikten sonra tedaviye ba\u015fvurdu\u011funa dikkat \u00e7ekti.<\/p>\n<p>Sukeyk, meme kanserinde erken te\u015fhisin ve periyodik muayenelerin \u00f6nemli oldu\u011funun alt\u0131n\u0131 \u00e7izdi.<\/p>\n<p><img decoding=\"async\" alt=\"\" src=\"https:\/\/www.aa.com.tr\/uploads\/userFiles\/96f91bbd-282f-4a24-a12c-1b1092cfeb3b\/009_2023%2F03_2023%2F30_Ekim%2F03%2F20231002_2_60512024_93289252.jpg\"\/><\/p>\n<h3>Abluka alt\u0131ndaki b\u00f6lge d\u0131\u015f\u0131nda tedavi imkan\u0131 sa\u011flanmas\u0131<\/h3>\n<p>Kanser hastalar\u0131n\u0131n s\u0131k\u0131nt\u0131lar\u0131n\u0131n hafifletilmesi ve bu hastal\u0131k kar\u015f\u0131s\u0131nda fark\u0131ndal\u0131k olu\u015fturulmas\u0131 i\u00e7in sivil ve devlet kurumlar\u0131n\u0131n birlikte \u00e7al\u0131\u015fmas\u0131 gerekti\u011fini vurgulayan Sukeyk, ayr\u0131ca uluslararas\u0131 kurumlara ve ba\u011f\u0131\u015f\u00e7\u0131lara, &#8220;onkoloji hastalar\u0131n\u0131n b\u00f6lge d\u0131\u015f\u0131nda tedavisinde imkan sa\u011flanmas\u0131 konunda \u0130srail&#8217;e bask\u0131 yap\u0131lmas\u0131&#8221; \u00e7a\u011fr\u0131s\u0131nda bulundu.<\/p>\n<p><img decoding=\"async\" alt=\"\" src=\"https:\/\/www.aa.com.tr\/uploads\/userFiles\/96f91bbd-282f-4a24-a12c-1b1092cfeb3b\/009_2023%2F03_2023%2F30_Ekim%2F03%2F20231002_2_60512024_93289246.jpg\"\/><\/p>\n<p>Sa\u011fl\u0131k Bakan\u0131 Yard\u0131mc\u0131s\u0131 Yusuf Ebu er-Ri\u015f ise onkoloji hastal\u0131klar\u0131nda meme kanserine yakalanm\u0131\u015f k\u0131r\u0131lgan kesimin, ba\u011f\u0131\u015f\u00e7\u0131lardan temel destek almas\u0131 gerekti\u011fini kaydetti.<\/p>\n<p>Ebu Ri\u015f, &#8220;meme kanserine yakalanm\u0131\u015f hastalar\u0131 desteklemek i\u00e7in \u00e7abalar\u0131n harekete ge\u00e7irilmesi ve hastalar\u0131n Gazze \u015eeridi d\u0131\u015f\u0131nda tedavi g\u00f6rmesine m\u00fcsaade edilmesi i\u00e7in \u0130srail&#8217;e bask\u0131 yap\u0131lmas\u0131n\u0131 istedi.<\/p>\n<p><img decoding=\"async\" alt=\"\" src=\"https:\/\/www.aa.com.tr\/uploads\/userFiles\/96f91bbd-282f-4a24-a12c-1b1092cfeb3b\/009_2023%2F03_2023%2F30_Ekim%2F03%2F20231002_2_60512024_93289256.jpg\"\/><\/p>\n<p>\u0130srail&#8217;in yakla\u015f\u0131k 16 y\u0131ld\u0131r hava, kara ve denizden abluka alt\u0131nda tuttu\u011fu Gazze \u015eeridi, b\u00fcy\u00fck bir insani drama sahne oluyor. Seyahat \u00f6zg\u00fcrl\u00fc\u011f\u00fc olmayan yakla\u015f\u0131k 2 milyon Filistinli, istisnai durumlar hari\u00e7 Gazze d\u0131\u015f\u0131na \u00e7\u0131kam\u0131yor.<\/p>\n<p>                            <span class=\"detay-foto-editor\">&#13;<br \/>\n                                <a href=\"https:\/\/www.aa.com.tr\/tr\/p\/abonelik-talep-formu\/1001\" target=\"_blank\" style=\"font-size:12px; color:#444; text-decoration:none;\" rel=\"noopener\">&#13;<br \/>\n                                    Anadolu Ajans\u0131 web sitesinde, AA Haber Ak\u0131\u015f Sistemi (HAS) \u00fczerinden abonelere sunulan haberler, \u00f6zetlenerek yay\u0131mlanmaktad\u0131r. <b style=\"color:#1897F7\">Abonelik i\u00e7in l\u00fctfen ileti\u015fime ge\u00e7iniz.<\/b>&#13;<br \/>\n                                <\/a>&#13;<br \/>\n                            <\/span>\n                        <\/div>\n<p><script>\n\t  window.fbAsyncInit = function() {\n\t\tFB.init({\n\t\t  appId: '1855843514662870',\n\t\t  status : true, \/\/ check login status\n\t\t  cookie : true, \/\/ enable cookies to allow the server to access the session\n\t\t  xfbml  : true  \/\/ parse XFBML\n\t\t});\n\t  };<\/p>\n<p>\t  (function() {\n\t\tvar e = document.createElement('script');\n\t\te.src=\"https:\/\/connect.facebook.net\/tr_TR\/all.js\";\n\t\te.async = true;\n\t\tdocument.getElementById('fb-root').appendChild(e);\n\t  }());\n    <\/script><\/p>\n","protected":false},"excerpt":{"rendered":"<p>Sa\u011fl\u0131k Bakanl\u0131\u011f\u0131 taraf\u0131ndan &#8220;1-31 Ekim Meme Kanseri Fark\u0131ndal\u0131k Ay\u0131&#8221; kapsam\u0131nda d\u00fczenlen etkinlikte Filistinliler, Gazze&#8217;deki T\u00fcrkiye-Filistin Dostluk Hastanesi \u00f6n\u00fcnde bir araya geldi. Etkinlikte, g\u00f6ky\u00fcz\u00fcne pembe balonlar ve g\u00fcvercinler b\u0131rak\u0131ld\u0131, g\u00fcn\u00fcn anlam ve \u00f6nemine binaen resimler yap\u0131ld\u0131. T\u00fcrkiye-Filistin Dostluk Hastanesi M\u00fcd\u00fcr\u00fc Subhi Sukeyk, etkinlikteki konu\u015fmas\u0131nda, &#8220;Bu y\u0131l, &#8216;Pembe Ekim&#8217; etkinliklerini, meme kanserinde erken te\u015fhis, \u00f6nleyici yakla\u015f\u0131m ve [&hellip;]<\/p>\n","protected":false},"author":1,"featured_media":16268,"comment_status":"","ping_status":"","sticky":false,"template":"","format":"standard","meta":[],"categories":[46],"tags":[],"_links":{"self":[{"href":"https:\/\/kraios.app\/news\/wp-json\/wp\/v2\/posts\/16267"}],"collection":[{"href":"https:\/\/kraios.app\/news\/wp-json\/wp\/v2\/posts"}],"about":[{"href":"https:\/\/kraios.app\/news\/wp-json\/wp\/v2\/types\/post"}],"author":[{"embeddable":true,"href":"https:\/\/kraios.app\/news\/wp-json\/wp\/v2\/users\/1"}],"replies":[{"embeddable":true,"href":"https:\/\/kraios.app\/news\/wp-json\/wp\/v2\/comments?post=16267"}],"version-history":[{"count":0,"href":"https:\/\/kraios.app\/news\/wp-json\/wp\/v2\/posts\/16267\/revisions"}],"wp:featuredmedia":[{"embeddable":true,"href":"https:\/\/kraios.app\/news\/wp-json\/wp\/v2\/media\/16268"}],"wp:attachment":[{"href":"https:\/\/kraios.app\/news\/wp-json\/wp\/v2\/media?parent=16267"}],"wp:term":[{"taxonomy":"category","embeddable":true,"href":"https:\/\/kraios.app\/news\/wp-json\/wp\/v2\/categories?post=16267"},{"taxonomy":"post_tag","embeddable":true,"href":"https:\/\/kraios.app\/news\/wp-json\/wp\/v2\/tags?post=16267"}],"curies":[{"name":"wp","href":"https:\/\/api.w.org\/{rel}","templated":true}]}}