{"id":16260,"date":"2023-10-06T19:16:19","date_gmt":"2023-10-06T19:16:19","guid":{"rendered":"https:\/\/kraios.app\/news\/siyaset\/2023\/10\/06\/her-zaman-kibrisin-hakli-davasinin-yanindayiz\/"},"modified":"2023-10-06T19:16:19","modified_gmt":"2023-10-06T19:16:19","slug":"her-zaman-kibrisin-hakli-davasinin-yanindayiz","status":"publish","type":"post","link":"https:\/\/kraios.app\/news\/siyaset\/2023\/10\/06\/her-zaman-kibrisin-hakli-davasinin-yanindayiz\/","title":{"rendered":"Her zaman K\u0131br\u0131s&#8217;\u0131n hakl\u0131 davas\u0131n\u0131n yan\u0131nday\u0131z"},"content":{"rendered":"<p><\/p>\n<div>\n<p>Kurtulmu\u015f, Kuzey K\u0131br\u0131s T\u00fcrk Cumhuriyeti (KKTC) Cumhuriyet Meclisi Ba\u015fkan\u0131 Zorlu T\u00f6re ile Meclis&#8217;te bir araya geldi.<\/p>\n<p>Kurtulmu\u015f ve T\u00f6re, ba\u015f ba\u015fa g\u00f6r\u00fc\u015fmenin ard\u0131ndan heyetler aras\u0131 toplant\u0131ya ba\u015fkanl\u0131k yapt\u0131.<\/p>\n<p>TBMM Ba\u015fkan\u0131 Kurtulmu\u015f, heyetler aras\u0131 ger\u00e7ekle\u015fen toplant\u0131 \u00f6ncesinde yapt\u0131\u011f\u0131 konu\u015fmada, T\u00fcrkiye ve KKTC aras\u0131ndaki ili\u015fkileri g\u00f6zden ge\u00e7irmek, parlamentolar aras\u0131nda bundan sonraki s\u00fcre\u00e7te yap\u0131lacak \u00e7al\u0131\u015fmalar\u0131 m\u00fczakere etmek bak\u0131m\u0131ndan bu g\u00f6r\u00fc\u015fmenin bir f\u0131rsat oldu\u011funu belirtti.<\/p>\n<p><img decoding=\"async\" alt=\"\" src=\"https:\/\/www.aa.com.tr\/uploads\/userFiles\/de89f914-66b1-4a0b-9347-13c0eafe70cc\/2023%2F10%2F20231006_2_60572965_93411415.jpg\"\/><\/p>\n<p>KKTC&#8217;nin m\u00fcstakil bir devlet oldu\u011funu vurgulayan Kurtulmu\u015f, &#8220;Biz T\u00fcrk taraf\u0131 olarak, K\u0131br\u0131s&#8217;ta iki toplumun var oldu\u011funu kabul eden, iki toplumun egemen, e\u015fitli\u011fi prensibi \u00fczerinde bir K\u0131br\u0131s \u00e7\u00f6z\u00fcm\u00fcnden yana olduk. Ama maalesef Rum taraf\u0131 ve kar\u015f\u0131m\u0131zdaki muhataplar\u0131m\u0131z, hep bunu s\u00f6zde dile getirmekle birlikte bunun ger\u00e7ekle\u015fmemesi i\u00e7in b\u00fct\u00fcn imkanlar\u0131 kulland\u0131lar, uluslararas\u0131 alanda destek de buldular. Kuzey K\u0131br\u0131s taraf\u0131, Annan Plan\u0131&#8217;n\u0131 onaylamas\u0131na ra\u011fmen maalesef Avrupa Birli\u011fi, \u00fcyelik s\u00fcrecinde de \u00e7ifte standartl\u0131 davranarak sanki Kuzey K\u0131br\u0131s&#8217;\u0131 cezaland\u0131rd\u0131 ve G\u00fcney K\u0131br\u0131s taraf\u0131n\u0131 AB \u00fcyesi olarak kabul ettiler. Bu, kabul edilebilir bir durum de\u011fildir.&#8221; diye konu\u015ftu.<\/p>\n<h3>Pile-Yi\u011fitler Yolu \u00e7al\u0131\u015fmas\u0131<\/h3>\n<p>Zaman zaman kar\u015f\u0131la\u015f\u0131lan \u00e7ifte standard\u0131n, baz\u0131 durumlarda Birle\u015fmi\u015f Milletler bar\u0131\u015f g\u00f6zlemcileri taraf\u0131ndan da ger\u00e7ekle\u015ftirildi\u011fini \u00fcz\u00fclerek takip ettiklerini belirten Kurtulmu\u015f, s\u00f6zlerini \u015f\u00f6yle s\u00fcrd\u00fcrd\u00fc:<\/p>\n<p>&#8220;En son Pile-Yi\u011fitler Yolu \u00fczerinde yap\u0131lan o haks\u0131z uygulamaya T\u00fcrk taraf\u0131 olarak m\u00fcdahale edilmi\u015f, orada insani koridorun a\u00e7\u0131lmas\u0131 i\u00e7in gerekli ad\u0131mlar at\u0131lm\u0131\u015ft\u0131r. \u00dcmit ediyoruz ki o yolun k\u0131sa s\u00fcre i\u00e7erisinde tamamlanmas\u0131 m\u00fcmk\u00fcn olur. K\u00f6y halk\u0131n\u0131n da Kuzey K\u0131br\u0131s T\u00fcrk Cumhuriyeti ile b\u00fct\u00fcnle\u015fmesi m\u00fcmk\u00fcn olur. Biz her platformda, her yerde, her zaman K\u0131br\u0131s&#8217;\u0131n hakl\u0131 davas\u0131n\u0131n yan\u0131nday\u0131z. T\u00fcrkiye&#8217;nin temel k\u0131rm\u0131z\u0131 \u00e7izgilerinden birisi, Kuzey K\u0131br\u0131s T\u00fcrk Cumhuriyeti&#8217;nin varl\u0131\u011f\u0131, istiklali ve istikbalidir. Bu \u00e7er\u00e7evede T\u00fcrkiye olarak b\u00fct\u00fcn kurumlar\u0131m\u0131zla yan\u0131n\u0131zda oldu\u011fumuzu bir kere daha teyiden ifade etmek mecburiyetindeyim.<\/p>\n<p>Kuzey K\u0131br\u0131s T\u00fcrk Cumhuriyeti&#8217;mizin uluslararas\u0131 alanda da tan\u0131nmas\u0131n\u0131 temin etmek i\u00e7in \u00e7al\u0131\u015fmalar yo\u011fun bir \u015fekilde y\u00fcr\u00fct\u00fcl\u00fcyor. \u0130n\u015fallah bu hakl\u0131 dava, eninde sonunda ba\u015far\u0131ya ula\u015facakt\u0131r, K\u0131br\u0131s T\u00fcrk Cumhuriyeti de uluslararas\u0131 alanda tan\u0131n\u0131rl\u0131k sahibi olacakt\u0131r. B\u00f6ylece uluslararas\u0131 alanda \u015fimdiye kadar ya\u015fam\u0131\u015f oldu\u011fumuz bu \u00e7ifte standard\u0131 geride b\u0131rakmak m\u00fcmk\u00fcn olacakt\u0131r.&#8221;<\/p>\n<p><img decoding=\"async\" alt=\"\" src=\"https:\/\/admin.aa.com.tr\/uploads\/userFiles\/de89f914-66b1-4a0b-9347-13c0eafe70cc\/2023%2F10%2F20231006_2_60572965_93411416.jpg\"\/><\/p>\n<h3>KKTC Meclis Ba\u015fkan\u0131 T\u00f6re: \u00d6z olarak asl\u0131nda T\u00fcrk milletinin bir par\u00e7as\u0131y\u0131z<\/h3>\n<p>KKTC Meclis Ba\u015fkan\u0131 T\u00f6re de yeni yasama y\u0131l\u0131n\u0131n hay\u0131rl\u0131 olmas\u0131 temennisini dile getirerek, TBMM Ba\u015fkanl\u0131\u011f\u0131&#8217;na se\u00e7ilmesi dolay\u0131s\u0131yla da Kurtulmu\u015f&#8217;u tebrik etti.<\/p>\n<p>Parlamentolar aras\u0131nda i\u015fbirli\u011fi protokol\u00fcn\u00fcn bulundu\u011funu dile getiren T\u00f6re, o do\u011frultuda daha iyi \u00e7al\u0131\u015fmalar\u0131n yap\u0131laca\u011f\u0131na inand\u0131\u011f\u0131n\u0131 s\u00f6yledi.<\/p>\n<p>&#8220;Biz \u00f6z olarak asl\u0131nda T\u00fcrk milletinin bir par\u00e7as\u0131y\u0131z. Osmanl\u0131 Devleti\u2019nin K\u0131br\u0131s&#8217;ta b\u0131rakt\u0131\u011f\u0131 T\u00fcrkleriz.&#8221; diyen T\u00f6re, gelinen noktada, KKTC&#8217;yi ya\u015fatmak ve ileriye g\u00f6t\u00fcrmek g\u00f6revinin art\u0131k kendilerinde oldu\u011funu anlatt\u0131.<\/p>\n<p>E\u015fit egemenli\u011fi, iki devletlili\u011fi, KKTC&#8217;nin ya\u015famas\u0131n\u0131 savunduklar\u0131n\u0131 belirten T\u00f6re, &#8220;Kuzey K\u0131br\u0131s T\u00fcrk Cumhuriyeti, hepimizin devleti gibi T\u00fcrk cumhuriyetidir. &#8216;Ne mutlu T\u00fcrk&#8217;\u00fcm diyene\u2019 diyen herkesin sahip \u00e7\u0131kmas\u0131 gerekir.&#8221; diye konu\u015ftu.<\/p>\n<p>T\u00fcrk Devletleri Te\u015fkilat\u0131na g\u00f6zlemci \u00fclke olduklar\u0131n\u0131 hat\u0131rlatan T\u00f6re, yak\u0131n bir gelecekte daha ileri ad\u0131mlar\u0131n da at\u0131laca\u011f\u0131n\u0131 s\u00f6yledi. T\u00f6re, T\u00fcrkiye&#8217;nin liderli\u011finde daha ileriye gideceklerine inand\u0131klar\u0131n\u0131 da kaydetti.<\/p>\n<p>                            <span class=\"detay-foto-editor\">&#13;<br \/>\n                                <a href=\"https:\/\/www.aa.com.tr\/tr\/p\/abonelik-talep-formu\/1001\" target=\"_blank\" style=\"font-size:12px; color:#444; text-decoration:none;\" rel=\"noopener\">&#13;<br \/>\n                                    Anadolu Ajans\u0131 web sitesinde, AA Haber Ak\u0131\u015f Sistemi (HAS) \u00fczerinden abonelere sunulan haberler, \u00f6zetlenerek yay\u0131mlanmaktad\u0131r. <b style=\"color:#1897F7\">Abonelik i\u00e7in l\u00fctfen ileti\u015fime ge\u00e7iniz.<\/b>&#13;<br \/>\n                                <\/a>&#13;<br \/>\n                            <\/span>\n                        <\/div>\n<p><script>\n\t  window.fbAsyncInit = function() {\n\t\tFB.init({\n\t\t  appId: '1855843514662870',\n\t\t  status : true, \/\/ check login status\n\t\t  cookie : true, \/\/ enable cookies to allow the server to access the session\n\t\t  xfbml  : true  \/\/ parse XFBML\n\t\t});\n\t  };<\/p>\n<p>\t  (function() {\n\t\tvar e = document.createElement('script');\n\t\te.src=\"https:\/\/connect.facebook.net\/tr_TR\/all.js\";\n\t\te.async = true;\n\t\tdocument.getElementById('fb-root').appendChild(e);\n\t  }());\n    <\/script><\/p>\n","protected":false},"excerpt":{"rendered":"<p>Kurtulmu\u015f, Kuzey K\u0131br\u0131s T\u00fcrk Cumhuriyeti (KKTC) Cumhuriyet Meclisi Ba\u015fkan\u0131 Zorlu T\u00f6re ile Meclis&#8217;te bir araya geldi. Kurtulmu\u015f ve T\u00f6re, ba\u015f ba\u015fa g\u00f6r\u00fc\u015fmenin ard\u0131ndan heyetler aras\u0131 toplant\u0131ya ba\u015fkanl\u0131k yapt\u0131. TBMM Ba\u015fkan\u0131 Kurtulmu\u015f, heyetler aras\u0131 ger\u00e7ekle\u015fen toplant\u0131 \u00f6ncesinde yapt\u0131\u011f\u0131 konu\u015fmada, T\u00fcrkiye ve KKTC aras\u0131ndaki ili\u015fkileri g\u00f6zden ge\u00e7irmek, parlamentolar aras\u0131nda bundan sonraki s\u00fcre\u00e7te yap\u0131lacak \u00e7al\u0131\u015fmalar\u0131 m\u00fczakere etmek bak\u0131m\u0131ndan [&hellip;]<\/p>\n","protected":false},"author":1,"featured_media":16261,"comment_status":"","ping_status":"","sticky":false,"template":"","format":"standard","meta":[],"categories":[47],"tags":[],"_links":{"self":[{"href":"https:\/\/kraios.app\/news\/wp-json\/wp\/v2\/posts\/16260"}],"collection":[{"href":"https:\/\/kraios.app\/news\/wp-json\/wp\/v2\/posts"}],"about":[{"href":"https:\/\/kraios.app\/news\/wp-json\/wp\/v2\/types\/post"}],"author":[{"embeddable":true,"href":"https:\/\/kraios.app\/news\/wp-json\/wp\/v2\/users\/1"}],"replies":[{"embeddable":true,"href":"https:\/\/kraios.app\/news\/wp-json\/wp\/v2\/comments?post=16260"}],"version-history":[{"count":0,"href":"https:\/\/kraios.app\/news\/wp-json\/wp\/v2\/posts\/16260\/revisions"}],"wp:featuredmedia":[{"embeddable":true,"href":"https:\/\/kraios.app\/news\/wp-json\/wp\/v2\/media\/16261"}],"wp:attachment":[{"href":"https:\/\/kraios.app\/news\/wp-json\/wp\/v2\/media?parent=16260"}],"wp:term":[{"taxonomy":"category","embeddable":true,"href":"https:\/\/kraios.app\/news\/wp-json\/wp\/v2\/categories?post=16260"},{"taxonomy":"post_tag","embeddable":true,"href":"https:\/\/kraios.app\/news\/wp-json\/wp\/v2\/tags?post=16260"}],"curies":[{"name":"wp","href":"https:\/\/api.w.org\/{rel}","templated":true}]}}