{"id":16247,"date":"2023-10-06T18:22:58","date_gmt":"2023-10-06T18:22:58","guid":{"rendered":"https:\/\/kraios.app\/news\/yasam\/2023\/10\/06\/aydinda-trafik-kazasi-sonrasi-bir-sure-yuruyemeyen-motosikletli-polis-uniformasina-kavustu\/"},"modified":"2023-10-06T18:22:58","modified_gmt":"2023-10-06T18:22:58","slug":"aydinda-trafik-kazasi-sonrasi-bir-sure-yuruyemeyen-motosikletli-polis-uniformasina-kavustu","status":"publish","type":"post","link":"https:\/\/kraios.app\/news\/yasam\/2023\/10\/06\/aydinda-trafik-kazasi-sonrasi-bir-sure-yuruyemeyen-motosikletli-polis-uniformasina-kavustu\/","title":{"rendered":"Ayd\u0131n&#8217;da trafik kazas\u0131 sonras\u0131 bir s\u00fcre y\u00fcr\u00fcyemeyen motosikletli polis, \u00fcniformas\u0131na kavu\u015ftu"},"content":{"rendered":"<p><\/p>\n<div>\n<p><strong>Ayd\u0131n \u0130l Emniyet M\u00fcd\u00fcrl\u00fc\u011f\u00fc<\/strong> Asayi\u015f \u015eubesi Motosikletli Polis Timleri Amirli\u011finde g\u00f6revli G\u00f6zde Do\u011fruer, <strong>motosikletle<\/strong> ihbara giderken 7 Mart&#8217;ta Efeler il\u00e7esinde otomobille \u00e7arp\u0131\u015ft\u0131. A\u011f\u0131r yaralanan Do\u011fruer, hastanede yo\u011fun bak\u0131ma al\u0131nd\u0131. \u0130ki kal\u00e7as\u0131nda k\u0131r\u0131k, belinde de \u00e7atlak olan Do\u011fruer, yakla\u015f\u0131k 1 ay hastanede kald\u0131.<\/p>\n<p>Doktorlar\u0131n y\u00fcr\u00fcyememe riski bulundu\u011funu s\u00f6yledi\u011fi gen\u00e7 polis, taburcu edildikten sonra fizik tedaviye ba\u015flad\u0131. Bir s\u00fcre yata\u011fa mahkum kalan Do\u011fruer, evde egzersizlerini art\u0131rd\u0131. Yeniden \u00fcniformas\u0131n\u0131 giymenin hayalini kuran Do\u011fruer, doktorlar\u0131n tavsiyelerini harfiyen uygulad\u0131.<\/p>\n<p>Gen\u00e7 kad\u0131n\u0131 tedavi s\u00fcresince arkada\u015flar\u0131 da yaln\u0131z b\u0131rakmad\u0131. En b\u00fcy\u00fck moral kayna\u011f\u0131 annesi ve meslekta\u015flar\u0131 olan Do\u011fruer, ya\u015fad\u0131\u011f\u0131 bu zorlu d\u00f6nemi ve i\u015fine geri d\u00f6nece\u011fine dair inanc\u0131n\u0131 g\u00f6steren anlar\u0131 cep telefonuyla kay\u0131t alt\u0131na ald\u0131.<\/p>\n<p>Do\u011fruer, evde 4 ay s\u00fcren yo\u011fun bir \u00e7al\u0131\u015fmayla yeniden ilk ad\u0131mlar\u0131n\u0131 atmaya ba\u015flad\u0131.<\/p>\n<p>Motora binmek i\u00e7in kendisini hen\u00fcz haz\u0131r hissetmeyen Do\u011fruer, ya\u015fad\u0131\u011f\u0131 bu zor g\u00fcnlerin ard\u0131ndan Cinayet B\u00fcro Amirli\u011finde g\u00f6revlendirildi.<\/p>\n<p><img decoding=\"async\" alt=\"\" src=\"https:\/\/www.aa.com.tr\/uploads\/userFiles\/40b5e6df-807a-4c96-8fee-5e91cbea23a3\/2023%2FEkim%2Fpplsss.jpg\"\/><\/p>\n<h3>&#8220;Bazen insanlar elindekilerin k\u0131ymetini bilmiyor&#8221;<\/h3>\n<p>Do\u011fruer, AA muhabirine, hastaneden \u00e7\u0131kt\u0131ktan sonra evde 2 ay yataktan kalkamad\u0131\u011f\u0131n\u0131 s\u00f6yledi.<\/p>\n<p>En b\u00fcy\u00fck korkusunun mesle\u011fe geri d\u00f6nememek oldu\u011funu vurgulayan Do\u011fruer, \u015f\u00f6yle devam etti:<\/p>\n<p>&#8220;Yata\u011fa mahkum oldu\u011fum d\u00f6nemde \u00e7ok k\u00f6t\u00fc zamanlar ge\u00e7irdim. Yani psikolojik olarak mesle\u011fimi kaybetme korkusu&#8230; Tekrardan acaba aya\u011fa kalkamayacak m\u0131y\u0131m, y\u00fcr\u00fcyemeyecek miyim, bir daha bu \u00fcniformay\u0131 giyemeyecek miyim? Hep b\u00f6yle k\u00f6t\u00fc hislerle i\u00e7 i\u00e7e oldum. Ama daha sonras\u0131nda annemin ve meslekta\u015flar\u0131m\u0131n deste\u011fiyle aya\u011fa kalkt\u0131m. Y\u00fcr\u00fcmek ger\u00e7ekten \u00e7ok g\u00fczel, bunu anlad\u0131m. Bazen insanlar elindekilerin k\u0131ymetini bilmiyor. Felaket ba\u015f\u0131m\u0131za geldi\u011finde anl\u0131yoruz.&#8221;<\/p>\n<p>Ziyarete gelen mesai arkada\u015flar\u0131n\u0131 \u00fcniformal\u0131 g\u00f6rd\u00fc\u011f\u00fcnde \u00e7ok duyguland\u0131\u011f\u0131n\u0131 anlatan Do\u011fruer, emniyet te\u015fkilat\u0131n\u0131n ne kadar b\u00fcy\u00fck bir aile oldu\u011funu bu s\u00fcre\u00e7te iyice anlad\u0131\u011f\u0131n\u0131 anlatt\u0131.<\/p>\n<p>Motosikletle \u00e7al\u0131\u015fmay\u0131 \u00e7ok \u00f6zledi\u011fini vurgulayan Do\u011fruer, &#8220;Motosikletle \u00e7al\u0131\u015fmay\u0131 seviyordum, yunuslarda \u00e7al\u0131\u015fmay\u0131 seviyordum ama \u015fimdilik burada \u00e7al\u0131\u015fmam gerekiyor ve cinayet \u015fubede de i\u015fimi de en iyi \u015fekilde yapmaya \u00e7al\u0131\u015f\u0131yorum. Umar\u0131m ileride motosikletli olurum. Y\u00fcr\u00fcmenin ne kadar k\u0131ymetli oldu\u011funu anlam\u0131\u015f oldum. Yatakta bile sa\u011fa d\u00f6nmenin ne kadar b\u00fcy\u00fck bir nimet oldu\u011funu anlad\u0131m. H\u0131rs yapt\u0131m kazand\u0131m, en az\u0131ndan 6 ayda aya\u011fa kalkt\u0131m.&#8221; ifadelerini kulland\u0131.<\/p>\n<p>                            <span class=\"detay-foto-editor\">&#13;<br \/>\n                                <a href=\"https:\/\/www.aa.com.tr\/tr\/p\/abonelik-talep-formu\/1001\" target=\"_blank\" style=\"font-size:12px; color:#444; text-decoration:none;\" rel=\"noopener\">&#13;<br \/>\n                                    Anadolu Ajans\u0131 web sitesinde, AA Haber Ak\u0131\u015f Sistemi (HAS) \u00fczerinden abonelere sunulan haberler, \u00f6zetlenerek yay\u0131mlanmaktad\u0131r. <b style=\"color:#1897F7\">Abonelik i\u00e7in l\u00fctfen ileti\u015fime ge\u00e7iniz.<\/b>&#13;<br \/>\n                                <\/a>&#13;<br \/>\n                            <\/span>\n                        <\/div>\n<p><script>\n\t  window.fbAsyncInit = function() {\n\t\tFB.init({\n\t\t  appId: '1855843514662870',\n\t\t  status : true, \/\/ check login status\n\t\t  cookie : true, \/\/ enable cookies to allow the server to access the session\n\t\t  xfbml  : true  \/\/ parse XFBML\n\t\t});\n\t  };<\/p>\n<p>\t  (function() {\n\t\tvar e = document.createElement('script');\n\t\te.src=\"https:\/\/connect.facebook.net\/tr_TR\/all.js\";\n\t\te.async = true;\n\t\tdocument.getElementById('fb-root').appendChild(e);\n\t  }());\n    <\/script><\/p>\n","protected":false},"excerpt":{"rendered":"<p>Ayd\u0131n \u0130l Emniyet M\u00fcd\u00fcrl\u00fc\u011f\u00fc Asayi\u015f \u015eubesi Motosikletli Polis Timleri Amirli\u011finde g\u00f6revli G\u00f6zde Do\u011fruer, motosikletle ihbara giderken 7 Mart&#8217;ta Efeler il\u00e7esinde otomobille \u00e7arp\u0131\u015ft\u0131. A\u011f\u0131r yaralanan Do\u011fruer, hastanede yo\u011fun bak\u0131ma al\u0131nd\u0131. \u0130ki kal\u00e7as\u0131nda k\u0131r\u0131k, belinde de \u00e7atlak olan Do\u011fruer, yakla\u015f\u0131k 1 ay hastanede kald\u0131. Doktorlar\u0131n y\u00fcr\u00fcyememe riski bulundu\u011funu s\u00f6yledi\u011fi gen\u00e7 polis, taburcu edildikten sonra fizik tedaviye ba\u015flad\u0131. [&hellip;]<\/p>\n","protected":false},"author":1,"featured_media":16248,"comment_status":"","ping_status":"","sticky":false,"template":"","format":"standard","meta":[],"categories":[50],"tags":[],"_links":{"self":[{"href":"https:\/\/kraios.app\/news\/wp-json\/wp\/v2\/posts\/16247"}],"collection":[{"href":"https:\/\/kraios.app\/news\/wp-json\/wp\/v2\/posts"}],"about":[{"href":"https:\/\/kraios.app\/news\/wp-json\/wp\/v2\/types\/post"}],"author":[{"embeddable":true,"href":"https:\/\/kraios.app\/news\/wp-json\/wp\/v2\/users\/1"}],"replies":[{"embeddable":true,"href":"https:\/\/kraios.app\/news\/wp-json\/wp\/v2\/comments?post=16247"}],"version-history":[{"count":0,"href":"https:\/\/kraios.app\/news\/wp-json\/wp\/v2\/posts\/16247\/revisions"}],"wp:featuredmedia":[{"embeddable":true,"href":"https:\/\/kraios.app\/news\/wp-json\/wp\/v2\/media\/16248"}],"wp:attachment":[{"href":"https:\/\/kraios.app\/news\/wp-json\/wp\/v2\/media?parent=16247"}],"wp:term":[{"taxonomy":"category","embeddable":true,"href":"https:\/\/kraios.app\/news\/wp-json\/wp\/v2\/categories?post=16247"},{"taxonomy":"post_tag","embeddable":true,"href":"https:\/\/kraios.app\/news\/wp-json\/wp\/v2\/tags?post=16247"}],"curies":[{"name":"wp","href":"https:\/\/api.w.org\/{rel}","templated":true}]}}