{"id":16243,"date":"2023-10-06T17:43:43","date_gmt":"2023-10-06T17:43:43","guid":{"rendered":"https:\/\/kraios.app\/news\/siyaset\/2023\/10\/06\/tbmm-baskani-kurtulmus-ozbekistan-yasama-meclisi-baskani-ismailov-ile-gorustu\/"},"modified":"2023-10-06T17:43:43","modified_gmt":"2023-10-06T17:43:43","slug":"tbmm-baskani-kurtulmus-ozbekistan-yasama-meclisi-baskani-ismailov-ile-gorustu","status":"publish","type":"post","link":"https:\/\/kraios.app\/news\/siyaset\/2023\/10\/06\/tbmm-baskani-kurtulmus-ozbekistan-yasama-meclisi-baskani-ismailov-ile-gorustu\/","title":{"rendered":"TBMM Ba\u015fkan\u0131 Kurtulmu\u015f, \u00d6zbekistan Yasama Meclisi Ba\u015fkan\u0131 \u0130smailov ile g\u00f6r\u00fc\u015ft\u00fc"},"content":{"rendered":"<p><\/p>\n<div>\n<p><strong>Kurtulmu\u015f<\/strong>, Meclis&#8217;te ger\u00e7ekle\u015fen g\u00f6r\u00fc\u015fmede, T\u00fcrkiye-\u00d6zbekistan aras\u0131ndaki ili\u015fkilerin olabilecek en \u00fcst seviyede, m\u00fckemmel ilerledi\u011fini belirtti.<\/p>\n<p>Cumhurba\u015fkan\u0131 Recep Tayyip Erdo\u011fan ve \u00d6zbekistan Cumhurba\u015fkan\u0131 \u015eevket Mirziyoyev&#8217;in yak\u0131n dostluklar\u0131n\u0131n ve vizyoner liderliklerinin, b\u00f6lgelerinde iki \u00fclkenin de y\u00fckselmesine vesile oldu\u011funu; iki \u00fclkenin yak\u0131n i\u015f birli\u011fini art\u0131rd\u0131\u011f\u0131n\u0131 s\u00f6yleyen Kurtulmu\u015f, &#8220;\u00d6zbekistan, son y\u0131llardaki at\u0131l\u0131mlar\u0131yla ger\u00e7ekten \u00e7ok b\u00fcy\u00fck bir geli\u015fme potansiyeline sahip \u00fclkelerden birisi. T\u00fcrk devletleri aras\u0131nda da \u00f6nemli, g\u00fc\u00e7l\u00fc bir mevkisi var. Onun i\u00e7in T\u00dcRKPA b\u00fcnyesinde \u00d6zbekistan\u2019\u0131n daimi \u00fcye olmas\u0131n\u0131 temenni ederiz.&#8221; dedi.<\/p>\n<p>T\u00fcrkiye-<strong>\u00d6zbekistan<\/strong> aras\u0131ndaki bu yak\u0131n ili\u015fkinin parlamentolar aras\u0131nda da devam etmesini istediklerini vurgulayan Kurtulmu\u015f, ayn\u0131 zamanda parlamento ba\u015fkanlar\u0131 olarak kendilerinin de parlamenter diplomasinin imkan\u0131n\u0131 sonuna kadar kullanmalar\u0131 temennilerini dile getirdi.<\/p>\n<p><img decoding=\"async\" alt=\"\" src=\"https:\/\/www.aa.com.tr\/uploads\/userFiles\/40b5e6df-807a-4c96-8fee-5e91cbea23a3\/2023%2FEkim%2Fydssa.jpg\"\/><\/p>\n<p>\u00d6zbekistan\u2019\u0131n <strong>T\u00fcrkiye<\/strong> ile tarihi, k\u00fclt\u00fcrel ve manevi k\u00f6klerinin bulundu\u011funu aktaran Kurtulmu\u015f, T\u00fcrk halk\u0131n\u0131n, \u00d6zbekistan\u2019daki manevi mirasa da kendi miras\u0131ym\u0131\u015f gibi sahip \u00e7\u0131kt\u0131\u011f\u0131n\u0131 belirtti.<\/p>\n<p>\u00d6zbekistan Yasama Meclisi Ba\u015fkan\u0131 \u0130smailov da TBMM Ba\u015fkan\u0131 olarak se\u00e7ilen Kurtulmu\u015f\u2019a hay\u0131rl\u0131 olsun temennisini iletti.<\/p>\n<p>\u0130smailov, TBMM\u2019nin k\u00f6kl\u00fc bir Meclis oldu\u011funu, T\u00fcrkiye\u2019nin geli\u015fmesinde ve d\u00fcnyada \u00f6nde gelen \u00fclkeler aras\u0131nda yer almas\u0131nda TBMM\u2019deki milletvekillerinin b\u00fcy\u00fck hizmetlerinin oldu\u011funu dile getirdi.<\/p>\n<p>\u00d6zbekistan-T\u00fcrkiye ili\u015fkilerinin son d\u00f6nemde kapsaml\u0131 stratejik ortakl\u0131k seviyesine y\u00fckseldi\u011fini aktaran \u0130smailov, bunda da iki \u00fclkenin cumhurba\u015fkanlar\u0131 aras\u0131nda samimiyet ve g\u00fcvene dayal\u0131 dost\u00e7a ili\u015fkilerin \u00e7ok b\u00fcy\u00fck \u00f6neminin oldu\u011funu kaydetti.<\/p>\n<p>\u0130kili ili\u015fkilerin giderek geli\u015fmesinden mutluluk duyduklar\u0131n\u0131 s\u00f6yleyen \u0130smailov, parlamentolar\u0131n da bu s\u00fcrece katk\u0131da bulunmas\u0131 gerekti\u011fini, bu konuda ad\u0131m at\u0131lacak alanlar\u0131n bulundu\u011funu belirtti.<\/p>\n<p>                            <span class=\"detay-foto-editor\">&#13;<br \/>\n                                <a href=\"https:\/\/www.aa.com.tr\/tr\/p\/abonelik-talep-formu\/1001\" target=\"_blank\" style=\"font-size:12px; color:#444; text-decoration:none;\" rel=\"noopener\">&#13;<br \/>\n                                    Anadolu Ajans\u0131 web sitesinde, AA Haber Ak\u0131\u015f Sistemi (HAS) \u00fczerinden abonelere sunulan haberler, \u00f6zetlenerek yay\u0131mlanmaktad\u0131r. <b style=\"color:#1897F7\">Abonelik i\u00e7in l\u00fctfen ileti\u015fime ge\u00e7iniz.<\/b>&#13;<br \/>\n                                <\/a>&#13;<br \/>\n                            <\/span>\n                        <\/div>\n<p><script>\n\t  window.fbAsyncInit = function() {\n\t\tFB.init({\n\t\t  appId: '1855843514662870',\n\t\t  status : true, \/\/ check login status\n\t\t  cookie : true, \/\/ enable cookies to allow the server to access the session\n\t\t  xfbml  : true  \/\/ parse XFBML\n\t\t});\n\t  };<\/p>\n<p>\t  (function() {\n\t\tvar e = document.createElement('script');\n\t\te.src=\"https:\/\/connect.facebook.net\/tr_TR\/all.js\";\n\t\te.async = true;\n\t\tdocument.getElementById('fb-root').appendChild(e);\n\t  }());\n    <\/script><\/p>\n","protected":false},"excerpt":{"rendered":"<p>Kurtulmu\u015f, Meclis&#8217;te ger\u00e7ekle\u015fen g\u00f6r\u00fc\u015fmede, T\u00fcrkiye-\u00d6zbekistan aras\u0131ndaki ili\u015fkilerin olabilecek en \u00fcst seviyede, m\u00fckemmel ilerledi\u011fini belirtti. Cumhurba\u015fkan\u0131 Recep Tayyip Erdo\u011fan ve \u00d6zbekistan Cumhurba\u015fkan\u0131 \u015eevket Mirziyoyev&#8217;in yak\u0131n dostluklar\u0131n\u0131n ve vizyoner liderliklerinin, b\u00f6lgelerinde iki \u00fclkenin de y\u00fckselmesine vesile oldu\u011funu; iki \u00fclkenin yak\u0131n i\u015f birli\u011fini art\u0131rd\u0131\u011f\u0131n\u0131 s\u00f6yleyen Kurtulmu\u015f, &#8220;\u00d6zbekistan, son y\u0131llardaki at\u0131l\u0131mlar\u0131yla ger\u00e7ekten \u00e7ok b\u00fcy\u00fck bir geli\u015fme potansiyeline sahip \u00fclkelerden [&hellip;]<\/p>\n","protected":false},"author":1,"featured_media":16244,"comment_status":"","ping_status":"","sticky":false,"template":"","format":"standard","meta":[],"categories":[47],"tags":[],"_links":{"self":[{"href":"https:\/\/kraios.app\/news\/wp-json\/wp\/v2\/posts\/16243"}],"collection":[{"href":"https:\/\/kraios.app\/news\/wp-json\/wp\/v2\/posts"}],"about":[{"href":"https:\/\/kraios.app\/news\/wp-json\/wp\/v2\/types\/post"}],"author":[{"embeddable":true,"href":"https:\/\/kraios.app\/news\/wp-json\/wp\/v2\/users\/1"}],"replies":[{"embeddable":true,"href":"https:\/\/kraios.app\/news\/wp-json\/wp\/v2\/comments?post=16243"}],"version-history":[{"count":0,"href":"https:\/\/kraios.app\/news\/wp-json\/wp\/v2\/posts\/16243\/revisions"}],"wp:featuredmedia":[{"embeddable":true,"href":"https:\/\/kraios.app\/news\/wp-json\/wp\/v2\/media\/16244"}],"wp:attachment":[{"href":"https:\/\/kraios.app\/news\/wp-json\/wp\/v2\/media?parent=16243"}],"wp:term":[{"taxonomy":"category","embeddable":true,"href":"https:\/\/kraios.app\/news\/wp-json\/wp\/v2\/categories?post=16243"},{"taxonomy":"post_tag","embeddable":true,"href":"https:\/\/kraios.app\/news\/wp-json\/wp\/v2\/tags?post=16243"}],"curies":[{"name":"wp","href":"https:\/\/api.w.org\/{rel}","templated":true}]}}