{"id":16227,"date":"2023-10-06T11:30:09","date_gmt":"2023-10-06T11:30:09","guid":{"rendered":"https:\/\/kraios.app\/news\/spor\/2023\/10\/06\/sivasspor-super-ligin-8-haftasinda-yarin-deplasmanda-pendiksporla-karsilasacak\/"},"modified":"2023-10-06T11:30:09","modified_gmt":"2023-10-06T11:30:09","slug":"sivasspor-super-ligin-8-haftasinda-yarin-deplasmanda-pendiksporla-karsilasacak","status":"publish","type":"post","link":"https:\/\/kraios.app\/news\/spor\/2023\/10\/06\/sivasspor-super-ligin-8-haftasinda-yarin-deplasmanda-pendiksporla-karsilasacak\/","title":{"rendered":"Sivasspor, S\u00fcper Lig&#039;in 8. haftas\u0131nda yar\u0131n deplasmanda Pendikspor&#039;la kar\u015f\u0131la\u015facak"},"content":{"rendered":"<p>EMS Yap\u0131 Sivasspor, Trendyol S\u00fcper Lig&#8217;in 8. haftas\u0131nda yar\u0131n Silta\u015f Yap\u0131 Pendikspor&#8217;a konuk olacak.<\/p>\n","protected":false},"excerpt":{"rendered":"<p>EMS Yap\u0131 Sivasspor, Trendyol S\u00fcper Lig&#8217;in 8. haftas\u0131nda yar\u0131n Silta\u015f Yap\u0131 Pendikspor&#8217;a konuk olacak.<\/p>\n","protected":false},"author":1,"featured_media":16228,"comment_status":"","ping_status":"","sticky":false,"template":"","format":"standard","meta":[],"categories":[48],"tags":[],"_links":{"self":[{"href":"https:\/\/kraios.app\/news\/wp-json\/wp\/v2\/posts\/16227"}],"collection":[{"href":"https:\/\/kraios.app\/news\/wp-json\/wp\/v2\/posts"}],"about":[{"href":"https:\/\/kraios.app\/news\/wp-json\/wp\/v2\/types\/post"}],"author":[{"embeddable":true,"href":"https:\/\/kraios.app\/news\/wp-json\/wp\/v2\/users\/1"}],"replies":[{"embeddable":true,"href":"https:\/\/kraios.app\/news\/wp-json\/wp\/v2\/comments?post=16227"}],"version-history":[{"count":0,"href":"https:\/\/kraios.app\/news\/wp-json\/wp\/v2\/posts\/16227\/revisions"}],"wp:featuredmedia":[{"embeddable":true,"href":"https:\/\/kraios.app\/news\/wp-json\/wp\/v2\/media\/16228"}],"wp:attachment":[{"href":"https:\/\/kraios.app\/news\/wp-json\/wp\/v2\/media?parent=16227"}],"wp:term":[{"taxonomy":"category","embeddable":true,"href":"https:\/\/kraios.app\/news\/wp-json\/wp\/v2\/categories?post=16227"},{"taxonomy":"post_tag","embeddable":true,"href":"https:\/\/kraios.app\/news\/wp-json\/wp\/v2\/tags?post=16227"}],"curies":[{"name":"wp","href":"https:\/\/api.w.org\/{rel}","templated":true}]}}