{"id":16223,"date":"2023-10-06T10:08:03","date_gmt":"2023-10-06T10:08:03","guid":{"rendered":"https:\/\/kraios.app\/news\/yasam\/2023\/10\/06\/her-mevsim-patates-yetistirilebilen-muglada-hedef-uretimi-ve-cesitliligi-artirmak\/"},"modified":"2023-10-06T10:08:03","modified_gmt":"2023-10-06T10:08:03","slug":"her-mevsim-patates-yetistirilebilen-muglada-hedef-uretimi-ve-cesitliligi-artirmak","status":"publish","type":"post","link":"https:\/\/kraios.app\/news\/yasam\/2023\/10\/06\/her-mevsim-patates-yetistirilebilen-muglada-hedef-uretimi-ve-cesitliligi-artirmak\/","title":{"rendered":"Her mevsim patates yeti\u015ftirilebilen Mu\u011fla&#8217;da hedef, \u00fcretimi ve \u00e7e\u015fitlili\u011fi art\u0131rmak"},"content":{"rendered":"<p><\/p>\n<div>\n<p>Mu\u011fla Tar\u0131m ve Orman M\u00fcd\u00fcr\u00fc Bar\u0131\u015f Saylak, kentte y\u0131l\u0131n her d\u00f6neminde yeti\u015ftirilmesi m\u00fcmk\u00fcn olan patatesin ekim alan\u0131n\u0131 geni\u015fletmeyi ve \u00fcr\u00fcn \u00e7e\u015fitlili\u011fini art\u0131rmay\u0131 ama\u00e7lad\u0131klar\u0131n\u0131 s\u00f6yledi. <\/p>\n<p>Tar\u0131mda \u00fcr\u00fcn \u00e7e\u015fitlili\u011fine sahip Mu\u011fla&#8217;n\u0131n bereketli topraklar\u0131nda yeti\u015ftirilen sebze ve meyveler, yurt i\u00e7inde ve d\u0131\u015f\u0131nda sofralar\u0131 donat\u0131yor.<\/p>\n<p>Kentin elveri\u015fli iklimi sayesinde hem y\u00fcksek kesimlerde hem de yaylalarda 12 ay boyunca \u00fcretimi yap\u0131labilen patates de \u00fclke ekonomisi i\u00e7in katma de\u011fer sa\u011fl\u0131yor.<\/p>\n<p>Patates ekim alanlar\u0131n\u0131n geni\u015fletilmesi ve \u00fcr\u00fcnde \u00e7e\u015fitlili\u011fin sa\u011flanmas\u0131 i\u00e7in Mu\u011fla Tar\u0131m ve Orman M\u00fcd\u00fcrl\u00fc\u011f\u00fc \u00f6nc\u00fcl\u00fc\u011f\u00fcnde projeler y\u00fcr\u00fct\u00fcl\u00fcyor.<\/p>\n<p><img decoding=\"async\" alt=\"\" src=\"https:\/\/www.aa.com.tr\/uploads\/userFiles\/79121245-49cb-4f77-bd45-d9d308a833b3\/04_2023%2F03_Ekim%2F06%2FAA-32323575.jpg\"\/><\/p>\n<p>Bu kapsamda, \u00e7ift\u00e7inin desteklenmesi ba\u015fta olmak \u00fczere b\u00f6lgenin toprak ve iklim yap\u0131s\u0131na uygun yeni t\u00fcrler i\u00e7in tohum geli\u015ftirmeye y\u00f6nelik \u00e7al\u0131\u015fmalar \u00f6ne \u00e7\u0131k\u0131yor.<\/p>\n<p>\u015eu s\u0131ralar turfanda patates hasad\u0131 yapan Mu\u011flal\u0131 \u00e7ift\u00e7iler, rekolte ve fiyattan olduk\u00e7a memnun.<\/p>\n<h3>&#8220;Bereketli bir sezon ge\u00e7iriyoruz&#8221;<\/h3>\n<p>Mu\u011fla Tar\u0131m ve Orman M\u00fcd\u00fcr\u00fc Saylak, AA muhabirine, sezonun son turfanda patates hasad\u0131na ba\u015flad\u0131klar\u0131n\u0131 s\u00f6yledi.<\/p>\n<p><img decoding=\"async\" alt=\"\" src=\"https:\/\/www.aa.com.tr\/uploads\/userFiles\/79121245-49cb-4f77-bd45-d9d308a833b3\/04_2023%2F03_Ekim%2F06%2FAA-32323571.jpg\"\/><\/p>\n<p>Mu\u011fla&#8217;da elveri\u015fli iklim nedeniyle patates i\u00e7in ayn\u0131 anda ilk ve son turfandan\u0131n yap\u0131labildi\u011fine dikkati \u00e7eken Saylak, &#8220;Yery\u00fcz\u00fc cenneti Mu\u011fla&#8217;da \u00e7ok farkl\u0131 y\u00fckseltilerde \u00e7ok \u00e7e\u015fitli tar\u0131m yap\u0131l\u0131yor. Patates de bunlardan birisi. \u015eu s\u0131ralar Seydikemer il\u00e7emizin Bek\u00e7iler ve Do\u011fanlar mahallelerinde yakla\u015f\u0131k 4 bin dekarl\u0131k alanda patates hasad\u0131 yap\u0131yoruz. Son derece bereketli bir sezon ge\u00e7iriyoruz.&#8221; dedi.<\/p>\n<p>Bu aylarda T\u00fcrkiye&#8217;nin bir\u00e7ok \u015fehrinde patates hasad\u0131 yap\u0131lamad\u0131\u011f\u0131n\u0131 dile getiren Saylak, Mu\u011fla&#8217;n\u0131n hem sahil kenar\u0131nda hem de y\u00fcksek kesimlerdeki yaylalar\u0131nda patates \u00fcretimi yap\u0131ld\u0131\u011f\u0131n\u0131 ifade etti. <\/p>\n<p>Saylak, &#8220;Y\u0131l\u0131n ilk turfanda patatesini nisan ay\u0131nda Dat\u00e7a&#8217;da denize s\u0131f\u0131r rak\u0131mda \u00fcretiyor ve T\u00fcrkiye&#8217;de bir ilki ger\u00e7ekle\u015ftiriyoruz. \u0130l genelinde yakla\u015f\u0131k 10 bin dekar alanda yapt\u0131\u011f\u0131m\u0131z patates tar\u0131m\u0131yla y\u0131l\u0131n 12 ay\u0131nda patateslerimizi pazara sunuyoruz.&#8221; diye konu\u015ftu.<\/p>\n<p>\u00c7ift\u00e7iye tohum deste\u011fi sa\u011flama uygulamas\u0131n\u0131 y\u0131llar \u00f6nce ba\u015flatt\u0131klar\u0131n\u0131 belirten Saylak, &#8220;Haz\u0131rlad\u0131\u011f\u0131m\u0131z proje kapsam\u0131nda \u00f6n\u00fcm\u00fczdeki y\u0131l yeni t\u00fcr patates tohumlar\u0131n\u0131 kentteki \u00fcreticilerimize da\u011f\u0131tarak deneme \u00fcr\u00fcnleri yeti\u015ftirece\u011fiz. Dekar ba\u015f\u0131na verimi y\u00fckseltmeyi ama\u00e7l\u0131yoruz. \u00c7ok b\u00fcy\u00fck bir \u00fcretimimiz yok ama y\u0131l\u0131n 12 ay\u0131 patates \u00fcretiminin yap\u0131ld\u0131\u011f\u0131 bir co\u011frafya olarak \u00fcreticilerimiz de t\u00fcketicilerimiz de bu konuda son derece \u015fansl\u0131.&#8221; dedi.<\/p>\n<p><img decoding=\"async\" alt=\"\" src=\"https:\/\/www.aa.com.tr\/uploads\/userFiles\/79121245-49cb-4f77-bd45-d9d308a833b3\/04_2023%2F03_Ekim%2F06%2FAA-32323720.jpg\"\/><\/p>\n<p>\u00dcretim girdilerindeki maliyet art\u0131\u015f\u0131na ba\u011fl\u0131 olarak a\u00e7\u0131klanan desteklemelerle 2022 y\u0131l\u0131nda dekar ba\u015f\u0131na 146 lira olan mazot ve g\u00fcbre deste\u011finin 193 liraya, sertifikal\u0131 tohum deste\u011finin de 200 liradan 260 liraya \u00e7\u0131kar\u0131ld\u0131\u011f\u0131n\u0131 s\u00f6yleyen Saylak, &#8220;\u015eu anda Ni\u011fde Patates Ara\u015ft\u0131rma Enstit\u00fcs\u00fcnde 10 \u00e7e\u015fit sertifikal\u0131 patates tohumu \u00fczerinde \u00e7al\u0131\u015f\u0131l\u0131yor. \u00d6n\u00fcm\u00fczdeki g\u00fcnlerde bu yeni tohumlar\u0131 biz de \u00fcreticilerimizle bulu\u015fturaca\u011f\u0131z. B\u00f6ylelikle yeni \u00e7e\u015fitlerle de verimi art\u0131raca\u011f\u0131z.&#8221; diye konu\u015ftu.<\/p>\n<p>Saylak, \u00fcreticileri her anlamda desteklemeye \u00e7al\u0131\u015ft\u0131klar\u0131n\u0131, patates yeti\u015ftirilen alan\u0131n ve \u00fcretici say\u0131s\u0131n\u0131n artmas\u0131yla Mu\u011fla&#8217;n\u0131n patates \u00fcretimiyle de ad\u0131ndan s\u00f6z ettiren bir kent haline gelece\u011fini ifade etti.<\/p>\n<h3>Bek\u00e7iler patatesinin co\u011frafi i\u015faret olarak tescil edilmesi i\u00e7in \u00e7al\u0131\u015fma yap\u0131l\u0131yor <\/h3>\n<p>Seydikemer il\u00e7esi Bek\u00e7iler Mahallesi&#8217;nde \u00fcretim yapan \u00e7ift\u00e7iler, 4 bin dekar alanda ektikleri k\u0131\u015f patatesinin hasad\u0131na ba\u015flad\u0131.<\/p>\n<p>Y\u00fcksek yaylalarda yeti\u015ftirilen Bek\u00e7iler patatesi, uzun raf \u00f6mr\u00fc dolay\u0131s\u0131yla tercih ediliyor.<\/p>\n<p>Fethiye Ticaret ve Sanayi Odas\u0131 Ba\u015fkan\u0131 Osman \u00c7\u0131ral\u0131, b\u00f6lgede \u00fcretilen tar\u0131msal \u00fcr\u00fcnlerin co\u011frafi i\u015faret belgesiyle tescillenerek marka de\u011ferlerinin art\u0131r\u0131lmas\u0131 i\u00e7in \u00e7al\u0131\u015fma y\u00fcr\u00fctt\u00fcklerini s\u00f6yledi.<\/p>\n<p>Kaya inciri ve Fethiye tahininin yan\u0131 s\u0131ra Seydiler kilimini co\u011frafi i\u015faret olarak tescil ettirdiklerini belirten \u00c7\u0131ral\u0131, Bek\u00e7iler patatesiyle ilgili \u00e7al\u0131\u015fmalar\u0131n\u0131n da s\u00fcrd\u00fc\u011f\u00fcn\u00fc dile getirdi.<\/p>\n<p>\u00c7\u0131ral\u0131, &#8220;\u00d6nemli olan \u00fcr\u00fcnlerimizin katma de\u011ferini art\u0131rmak. Yaylada \u00fcretilen patatesin raf \u00f6mr\u00fcn\u00fcn uzunlu\u011fu, aromas\u0131, lezzeti ve b\u00f6lgeye has olmas\u0131 co\u011frafi i\u015faret almam\u0131z\u0131 kolayla\u015ft\u0131racak. \u00d6n\u00fcm\u00fczdeki g\u00fcnlerde patatesimizi laboratuvara yollay\u0131p in\u015fallah co\u011frafi i\u015faretini alaca\u011f\u0131z.&#8221; dedi.<\/p>\n<p><img decoding=\"async\" alt=\"\" src=\"https:\/\/www.aa.com.tr\/uploads\/userFiles\/79121245-49cb-4f77-bd45-d9d308a833b3\/04_2023%2F03_Ekim%2F06%2FAA-32323710.jpg\"\/><\/p>\n<h3>\u00dcreticiler rekolte ve fiyattan memnun<\/h3>\n<p>\u00c7ift\u00e7i R\u0131fat Karaca, Mu\u011fla Tar\u0131m ve Orman M\u00fcd\u00fcrl\u00fc\u011f\u00fcnden ald\u0131klar\u0131 patates tohumlar\u0131yla y\u00fcksek verim elde ettiklerini s\u00f6yledi.<\/p>\n<p>Karaca, Bek\u00e7iler patatesinin rengi, tad\u0131 ve aromas\u0131yla aranan bir \u00fcr\u00fcn oldu\u011funu dile getirerek, &#8220;Mu\u011fla ve yak\u0131n illere s\u00fcrekli patates g\u00f6nderiyoruz. Yol kenar\u0131nda da sat\u0131\u015f yap\u0131yoruz. Tatil i\u00e7in b\u00f6lgeye gelen, Antalya&#8217;ya giden yerli turistler de buradan patates almadan ge\u00e7miyor.&#8221; diye konu\u015ftu.<\/p>\n<p>Talip Karata\u015f, y\u0131llard\u0131r k\u0131\u015f i\u00e7in son turfanda patates \u00fcretimi yapt\u0131\u011f\u0131n\u0131 ifade etti. Karata\u015f, &#8220;Bek\u00e7iler denizden 1500 metre y\u00fcksekte. Bu nedenle havas\u0131 ve suyu sert. Y\u00fcksek rak\u0131mda yeti\u015fen patatesin hem lezzeti, aromas\u0131 g\u00fczel hem de depolara girdikten sonra raf \u00f6mr\u00fc \u00e7ok uzun. Depoda yakla\u015f\u0131k 8-9 ay bu \u00fcr\u00fcn kalabiliyor. \u0130yi verim ald\u0131\u011f\u0131m\u0131z d\u00f6nemde d\u00f6n\u00fcm\u00fcne 5-6 ton \u00fcr\u00fcn alabiliyoruz. Bu sene fiyatlar da \u00e7ok iyi.&#8221; dedi.<\/p>\n<p>\u00c7ift\u00e7i \u015eevket Ertu\u011frul da yeti\u015ftirdikleri patatesin yemek ve k\u0131zartmada aranan bir \u00fcr\u00fcn oldu\u011funu dile getirdi. \u00dcr\u00fcn\u00fc tarlada satt\u0131klar\u0131n\u0131 ve fiyat\u0131n istenilen d\u00fczeyde oldu\u011funu belirten Ertu\u011frul, tohum deste\u011finin devam etmesini istedi.<\/p>\n<p>                            <span class=\"detay-foto-editor\">&#13;<br \/>\n                                <a href=\"https:\/\/www.aa.com.tr\/tr\/p\/abonelik-talep-formu\/1001\" target=\"_blank\" style=\"font-size:12px; color:#444; text-decoration:none;\" rel=\"noopener\">&#13;<br \/>\n                                    Anadolu Ajans\u0131 web sitesinde, AA Haber Ak\u0131\u015f Sistemi (HAS) \u00fczerinden abonelere sunulan haberler, \u00f6zetlenerek yay\u0131mlanmaktad\u0131r. <b style=\"color:#1897F7\">Abonelik i\u00e7in l\u00fctfen ileti\u015fime ge\u00e7iniz.<\/b>&#13;<br \/>\n                                <\/a>&#13;<br \/>\n                            <\/span>\n                        <\/div>\n<p><script>\n\t  window.fbAsyncInit = function() {\n\t\tFB.init({\n\t\t  appId: '1855843514662870',\n\t\t  status : true, \/\/ check login status\n\t\t  cookie : true, \/\/ enable cookies to allow the server to access the session\n\t\t  xfbml  : true  \/\/ parse XFBML\n\t\t});\n\t  };<\/p>\n<p>\t  (function() {\n\t\tvar e = document.createElement('script');\n\t\te.src=\"https:\/\/connect.facebook.net\/tr_TR\/all.js\";\n\t\te.async = true;\n\t\tdocument.getElementById('fb-root').appendChild(e);\n\t  }());\n    <\/script><\/p>\n","protected":false},"excerpt":{"rendered":"<p>Mu\u011fla Tar\u0131m ve Orman M\u00fcd\u00fcr\u00fc Bar\u0131\u015f Saylak, kentte y\u0131l\u0131n her d\u00f6neminde yeti\u015ftirilmesi m\u00fcmk\u00fcn olan patatesin ekim alan\u0131n\u0131 geni\u015fletmeyi ve \u00fcr\u00fcn \u00e7e\u015fitlili\u011fini art\u0131rmay\u0131 ama\u00e7lad\u0131klar\u0131n\u0131 s\u00f6yledi. Tar\u0131mda \u00fcr\u00fcn \u00e7e\u015fitlili\u011fine sahip Mu\u011fla&#8217;n\u0131n bereketli topraklar\u0131nda yeti\u015ftirilen sebze ve meyveler, yurt i\u00e7inde ve d\u0131\u015f\u0131nda sofralar\u0131 donat\u0131yor. Kentin elveri\u015fli iklimi sayesinde hem y\u00fcksek kesimlerde hem de yaylalarda 12 ay boyunca \u00fcretimi [&hellip;]<\/p>\n","protected":false},"author":1,"featured_media":16224,"comment_status":"","ping_status":"","sticky":false,"template":"","format":"standard","meta":[],"categories":[50],"tags":[],"_links":{"self":[{"href":"https:\/\/kraios.app\/news\/wp-json\/wp\/v2\/posts\/16223"}],"collection":[{"href":"https:\/\/kraios.app\/news\/wp-json\/wp\/v2\/posts"}],"about":[{"href":"https:\/\/kraios.app\/news\/wp-json\/wp\/v2\/types\/post"}],"author":[{"embeddable":true,"href":"https:\/\/kraios.app\/news\/wp-json\/wp\/v2\/users\/1"}],"replies":[{"embeddable":true,"href":"https:\/\/kraios.app\/news\/wp-json\/wp\/v2\/comments?post=16223"}],"version-history":[{"count":0,"href":"https:\/\/kraios.app\/news\/wp-json\/wp\/v2\/posts\/16223\/revisions"}],"wp:featuredmedia":[{"embeddable":true,"href":"https:\/\/kraios.app\/news\/wp-json\/wp\/v2\/media\/16224"}],"wp:attachment":[{"href":"https:\/\/kraios.app\/news\/wp-json\/wp\/v2\/media?parent=16223"}],"wp:term":[{"taxonomy":"category","embeddable":true,"href":"https:\/\/kraios.app\/news\/wp-json\/wp\/v2\/categories?post=16223"},{"taxonomy":"post_tag","embeddable":true,"href":"https:\/\/kraios.app\/news\/wp-json\/wp\/v2\/tags?post=16223"}],"curies":[{"name":"wp","href":"https:\/\/api.w.org\/{rel}","templated":true}]}}