{"id":16219,"date":"2023-10-06T09:33:43","date_gmt":"2023-10-06T09:33:43","guid":{"rendered":"https:\/\/kraios.app\/news\/siyaset\/2023\/10\/06\/ak-parti-orta-vadeli-programin-ilk-kanun-teklifi-uzerinde-calisiyor\/"},"modified":"2023-10-06T09:33:43","modified_gmt":"2023-10-06T09:33:43","slug":"ak-parti-orta-vadeli-programin-ilk-kanun-teklifi-uzerinde-calisiyor","status":"publish","type":"post","link":"https:\/\/kraios.app\/news\/siyaset\/2023\/10\/06\/ak-parti-orta-vadeli-programin-ilk-kanun-teklifi-uzerinde-calisiyor\/","title":{"rendered":"AK Parti, Orta Vadeli Program&#039;\u0131n ilk kanun teklifi \u00fczerinde \u00e7al\u0131\u015f\u0131yor"},"content":{"rendered":"<p>Ekonomiye y\u00f6nelik torba kanun teklifinde, fiyat istikrar\u0131n\u0131 hedefleyen ve dezenflasyon \u00e7al\u0131\u015fmalar\u0131 kapsam\u0131nda ihtiya\u00e7 duyulacak d\u00fczenlemeler yer alacak.<\/p>\n","protected":false},"excerpt":{"rendered":"<p>Ekonomiye y\u00f6nelik torba kanun teklifinde, fiyat istikrar\u0131n\u0131 hedefleyen ve dezenflasyon \u00e7al\u0131\u015fmalar\u0131 kapsam\u0131nda ihtiya\u00e7 duyulacak d\u00fczenlemeler yer alacak.<\/p>\n","protected":false},"author":1,"featured_media":16220,"comment_status":"","ping_status":"","sticky":false,"template":"","format":"standard","meta":[],"categories":[47],"tags":[],"_links":{"self":[{"href":"https:\/\/kraios.app\/news\/wp-json\/wp\/v2\/posts\/16219"}],"collection":[{"href":"https:\/\/kraios.app\/news\/wp-json\/wp\/v2\/posts"}],"about":[{"href":"https:\/\/kraios.app\/news\/wp-json\/wp\/v2\/types\/post"}],"author":[{"embeddable":true,"href":"https:\/\/kraios.app\/news\/wp-json\/wp\/v2\/users\/1"}],"replies":[{"embeddable":true,"href":"https:\/\/kraios.app\/news\/wp-json\/wp\/v2\/comments?post=16219"}],"version-history":[{"count":0,"href":"https:\/\/kraios.app\/news\/wp-json\/wp\/v2\/posts\/16219\/revisions"}],"wp:featuredmedia":[{"embeddable":true,"href":"https:\/\/kraios.app\/news\/wp-json\/wp\/v2\/media\/16220"}],"wp:attachment":[{"href":"https:\/\/kraios.app\/news\/wp-json\/wp\/v2\/media?parent=16219"}],"wp:term":[{"taxonomy":"category","embeddable":true,"href":"https:\/\/kraios.app\/news\/wp-json\/wp\/v2\/categories?post=16219"},{"taxonomy":"post_tag","embeddable":true,"href":"https:\/\/kraios.app\/news\/wp-json\/wp\/v2\/tags?post=16219"}],"curies":[{"name":"wp","href":"https:\/\/api.w.org\/{rel}","templated":true}]}}