{"id":16217,"date":"2023-10-06T09:17:50","date_gmt":"2023-10-06T09:17:50","guid":{"rendered":"https:\/\/kraios.app\/news\/ekonomi\/2023\/10\/06\/yapay-zeka-robot-teknolojileri-ve-haberlesme-alanlarinda-lider-milli-teknoloji-girisimleri-kuracagiz\/"},"modified":"2023-10-06T09:17:50","modified_gmt":"2023-10-06T09:17:50","slug":"yapay-zeka-robot-teknolojileri-ve-haberlesme-alanlarinda-lider-milli-teknoloji-girisimleri-kuracagiz","status":"publish","type":"post","link":"https:\/\/kraios.app\/news\/ekonomi\/2023\/10\/06\/yapay-zeka-robot-teknolojileri-ve-haberlesme-alanlarinda-lider-milli-teknoloji-girisimleri-kuracagiz\/","title":{"rendered":"Yapay zeka, robot teknolojileri ve haberle\u015fme alanlar\u0131nda lider milli teknoloji giri\u015fimleri kuraca\u011f\u0131z"},"content":{"rendered":"<p> <br \/>\n<\/p>\n<div>\n<p><strong>Sanayi ve Teknoloji Bakan\u0131 Mehmet Fatih Kac\u0131r,<\/strong> T\u00fcrkiye&#8217;yi dijital d\u00f6n\u00fc\u015f\u00fcmde de k\u00fcresel bir oyuncu haline getireceklerini belirtti.<\/p>\n<p>Vizyon 100 Platformu&#8217;nun Cumhuriyetin 100&#8217;\u00fcnc\u00fc y\u0131l\u0131 temas\u0131yla d\u00fczenledi\u011fi Dijital CEO ve Liderler Zirvesi&#8217;nin be\u015fincisi \u00c7e\u015fme&#8217;deki bir otelde ba\u015flad\u0131.<\/p>\n<p>Etkinli\u011fin a\u00e7\u0131l\u0131\u015f\u0131na \u00e7evrim i\u00e7i olarak kat\u0131lan Bakan Kac\u0131r, yapt\u0131\u011f\u0131 konu\u015fmada, dijital d\u00f6n\u00fc\u015f\u00fcm odakl\u0131 destek programlar\u0131yla firmalar\u0131n finansman ihtiya\u00e7lar\u0131na cevap vermeye \u00e7al\u0131\u015ft\u0131klar\u0131n\u0131 s\u00f6yledi.<\/p>\n<p>KOSGEB ile y\u00fcr\u00fctt\u00fckleri Geli\u015fim Destek Projesi ile yakla\u015f\u0131k 3 milyar 200 milyon liral\u0131k destek sunduklar\u0131n\u0131 kaydeden Kac\u0131r, \u015f\u00f6yle konu\u015ftu:<\/p>\n<p>&#8220;Yak\u0131n zamanda uygulamaya alaca\u011f\u0131m\u0131z Dijital D\u00f6n\u00fc\u015f\u00fcm Destek Program\u0131&#8217;yla dijital d\u00f6n\u00fc\u015f\u00fcm alan\u0131ndaki yat\u0131r\u0131mlar\u0131, te\u015fvik sistemi kapsam\u0131nda \u00f6ncelikli yat\u0131r\u0131mlar olarak destekleyece\u011fiz. Dijital d\u00f6n\u00fc\u015f\u00fcm\u00fcn getirdi\u011fi rekabet\u00e7ilik atmosferinden en \u00fcst d\u00fczeyde faydalanabilmek i\u00e7in bir yandan uluslararas\u0131 i\u015fbirliklerine de \u00f6nem veriyoruz. Ba\u015fta KOB\u0130&#8217;lerimiz olmak \u00fczere firmalar\u0131m\u0131z\u0131n dijital d\u00f6n\u00fc\u015f\u00fcm\u00fcne y\u00f6nelik desteklerimizi g\u00fc\u00e7lendirmek amac\u0131yla 7,5 milyar avro b\u00fct\u00e7eli Dijital Avrupa Program\u0131&#8217;na ge\u00e7ti\u011fimiz ay kat\u0131ld\u0131k.&#8221;<\/p>\n<p>Kac\u0131r, i\u015fletmelerin dijital d\u00f6n\u00fc\u015f\u00fcmden elde etti\u011fi kazan\u0131mlar artt\u0131k\u00e7a teknoloji yat\u0131r\u0131mlar\u0131n\u0131n da artmaya devam edece\u011fini belirterek, bu alanda y\u00fcr\u00fct\u00fclen politika ve stratejiler hakk\u0131nda bilgi verdi.<\/p>\n<p>\u0130nsan kayna\u011f\u0131na dijital yetkinlikler kazand\u0131rabilmek ad\u0131na pek \u00e7ok projeyi hayata ge\u00e7irdiklerine i\u015faret eden Bakan Kac\u0131r, \u015f\u00f6yle konu\u015ftu:<\/p>\n<p>&#8220;81 \u015fehrimizin t\u00fcm\u00fcnde kurdu\u011fumuz Deneyap Teknoloji At\u00f6lyeleriyle, d\u00fczenledi\u011fimiz TEKNOFEST&#8217;lerle insan kayna\u011f\u0131m\u0131z\u0131 \u00e7ok erken ya\u015flardan itibaren dijital d\u00f6n\u00fc\u015f\u00fcme haz\u0131rl\u0131yoruz. Sekt\u00f6r Kamp\u00fcste Program\u0131&#8217;m\u0131z kapsam\u0131nda 78 firmam\u0131z\u0131n ve kurumumuzun kat\u0131l\u0131m\u0131yla 65 \u00fcniversitemizde 10 binden fazla \u00f6\u011frencimizin dijital yetkinliklerini g\u00fc\u00e7lendiriyoruz. Ekol 42 Okullar\u0131 ile yeni nesil yaz\u0131l\u0131mc\u0131lar\u0131m\u0131z\u0131 ileri teknolojileri geli\u015ftirmek \u00fczere haz\u0131rl\u0131yoruz. Milli Teknoloji Hamlesi vizyonumuz do\u011frultusunda k\u00fcresel teknolojik e\u011filimleri yetkin insan kayna\u011f\u0131m\u0131zla bulu\u015fturacak s\u00fcrekli de\u011fi\u015fen teknolojik trendlere uyum sa\u011flayacak \u015fekilde \u00e7al\u0131\u015fmalar\u0131m\u0131z\u0131 s\u00fcrd\u00fcrmeye devam edece\u011fiz.&#8221;<\/p>\n<h3>&#8220;Dijital d\u00f6n\u00fc\u015f\u00fcmde de k\u00fcresel bir oyuncu&#8221;<\/h3>\n<p>Cumhurba\u015fkan\u0131 Recep Tayyip Erdo\u011fan&#8217;\u0131n liderli\u011finde yat\u0131r\u0131m, \u00fcretim, istihdam ve ihracat ekseninde uygulanan politikalarla T\u00fcrkiye&#8217;nin k\u00fcresel ve b\u00f6lgesel s\u0131namalara ra\u011fmen b\u00fcy\u00fcmesini s\u00fcrd\u00fcrd\u00fc\u011f\u00fcn\u00fc ifade eden Kac\u0131r, s\u00f6zlerini \u015f\u00f6yle s\u00fcrd\u00fcrd\u00fc:<\/p>\n<p>&#8220;T\u00fcrkiye, 254 milyar dolar ihracat\u0131yla son 12 \u00e7eyrektir h\u0131z kesmeyen bir b\u00fcy\u00fcme evresi yakalad\u0131. Bu ba\u015far\u0131n\u0131n temelinde \u015f\u00fcphesiz AR-GE ve inovasyona sundu\u011fumuz katk\u0131n\u0131n etkisi b\u00fcy\u00fckt\u00fcr. Yenilik\u00e7i ve y\u00fcksek teknolojilere yapt\u0131\u011f\u0131m\u0131z yat\u0131r\u0131mlar\u0131n kar\u015f\u0131l\u0131\u011f\u0131n\u0131 alaca\u011f\u0131m\u0131za inanc\u0131m\u0131z tam. At\u0131lan bu ad\u0131mlarla 3 k\u0131tan\u0131n merkezi T\u00fcrkiye&#8217;yi sizlerle birlikte k\u00fcresel bir \u00fcretim ve teknoloji \u00fcss\u00fc haline getirmeye devam edece\u011fiz. \u00dclkemizi dijital d\u00f6n\u00fc\u015f\u00fcmde de k\u00fcresel bir oyuncu haline getirece\u011fiz. \u00d6n\u00fcm\u00fczdeki d\u00f6nemde dijital d\u00f6n\u00fc\u015f\u00fcmde \u00f6nemli bir paya sahip yapay zeka, yaz\u0131l\u0131m, robot teknolojileri ve haberle\u015fme gibi alanlarda lider milli teknoloji giri\u015fimleri kuraca\u011f\u0131z. Bu s\u00fcre\u00e7te bizler sizlere, \u00f6zel sekt\u00f6r\u00fcm\u00fcze her zaman deste\u011fimizi s\u00fcrd\u00fcrece\u011fiz.&#8221;<\/p>\n<p>Vizyon 100 Platformu Kurucusu Berkay G\u00fcner de konu\u015fmas\u0131nda etkinlik boyunca sanayi ve \u00fcretim, perakende, finans ve \u00f6deme sistemleri, teknoloji ve altyap\u0131, insan ve sa\u011fl\u0131k, ula\u015f\u0131m ve otomotiv, kargo ve lojistik ile giri\u015fimcilik olmak \u00fczere 8 ana ba\u015fl\u0131\u011f\u0131 ele alacaklar\u0131n\u0131 belirterek, her ana ba\u015fl\u0131kta sekt\u00f6rel f\u0131rsat ve tehditlerin masaya yat\u0131r\u0131laca\u011f\u0131n\u0131 aktard\u0131.<\/p>\n<p>A\u00e7\u0131l\u0131\u015f\u0131n ard\u0131ndan ilk oturumun ger\u00e7ekle\u015fti\u011fi Dijital CEO ve Liderler Zirvesi, yar\u0131n tamamlanacak.<\/p>\n<p>                            <span class=\"detay-foto-editor\">&#13;<br \/>\n                                <a href=\"https:\/\/www.aa.com.tr\/tr\/p\/abonelik-talep-formu\/1001\" target=\"_blank\" style=\"font-size:12px; color:#444; text-decoration:none;\" rel=\"noopener\">&#13;<br \/>\n                                    Anadolu Ajans\u0131 web sitesinde, AA Haber Ak\u0131\u015f Sistemi (HAS) \u00fczerinden abonelere sunulan haberler, \u00f6zetlenerek yay\u0131mlanmaktad\u0131r. <b style=\"color:#1897F7\">Abonelik i\u00e7in l\u00fctfen ileti\u015fime ge\u00e7iniz.<\/b>&#13;<br \/>\n                                <\/a>&#13;<br \/>\n                            <\/span>\n                        <\/div>\n<p><script>\n\t  window.fbAsyncInit = function() {\n\t\tFB.init({\n\t\t  appId: '1855843514662870',\n\t\t  status : true, \/\/ check login status\n\t\t  cookie : true, \/\/ enable cookies to allow the server to access the session\n\t\t  xfbml  : true  \/\/ parse XFBML\n\t\t});\n\t  };<\/p>\n<p>\t  (function() {\n\t\tvar e = document.createElement('script');\n\t\te.src=\"https:\/\/connect.facebook.net\/tr_TR\/all.js\";\n\t\te.async = true;\n\t\tdocument.getElementById('fb-root').appendChild(e);\n\t  }());\n    <\/script><br \/>\n<br \/><br \/>\n<br \/><a href=\"https:\/\/www.aa.com.tr\/tr\/ekonomi\/bakan-kacir-yapay-zeka-robot-teknolojileri-ve-haberlesme-alanlarinda-lider-milli-teknoloji-girisimleri-kuracagiz\/3009207\">Source link <\/a><\/p>\n","protected":false},"excerpt":{"rendered":"<p>Sanayi ve Teknoloji Bakan\u0131 Mehmet Fatih Kac\u0131r, T\u00fcrkiye&#8217;yi dijital d\u00f6n\u00fc\u015f\u00fcmde de k\u00fcresel bir oyuncu haline getireceklerini belirtti. Vizyon 100 Platformu&#8217;nun Cumhuriyetin 100&#8217;\u00fcnc\u00fc y\u0131l\u0131 temas\u0131yla d\u00fczenledi\u011fi Dijital CEO ve Liderler Zirvesi&#8217;nin be\u015fincisi \u00c7e\u015fme&#8217;deki bir otelde ba\u015flad\u0131. Etkinli\u011fin a\u00e7\u0131l\u0131\u015f\u0131na \u00e7evrim i\u00e7i olarak kat\u0131lan Bakan Kac\u0131r, yapt\u0131\u011f\u0131 konu\u015fmada, dijital d\u00f6n\u00fc\u015f\u00fcm odakl\u0131 destek programlar\u0131yla firmalar\u0131n finansman ihtiya\u00e7lar\u0131na cevap vermeye [&hellip;]<\/p>\n","protected":false},"author":1,"featured_media":16218,"comment_status":"","ping_status":"","sticky":false,"template":"","format":"standard","meta":[],"categories":[44],"tags":[],"_links":{"self":[{"href":"https:\/\/kraios.app\/news\/wp-json\/wp\/v2\/posts\/16217"}],"collection":[{"href":"https:\/\/kraios.app\/news\/wp-json\/wp\/v2\/posts"}],"about":[{"href":"https:\/\/kraios.app\/news\/wp-json\/wp\/v2\/types\/post"}],"author":[{"embeddable":true,"href":"https:\/\/kraios.app\/news\/wp-json\/wp\/v2\/users\/1"}],"replies":[{"embeddable":true,"href":"https:\/\/kraios.app\/news\/wp-json\/wp\/v2\/comments?post=16217"}],"version-history":[{"count":0,"href":"https:\/\/kraios.app\/news\/wp-json\/wp\/v2\/posts\/16217\/revisions"}],"wp:featuredmedia":[{"embeddable":true,"href":"https:\/\/kraios.app\/news\/wp-json\/wp\/v2\/media\/16218"}],"wp:attachment":[{"href":"https:\/\/kraios.app\/news\/wp-json\/wp\/v2\/media?parent=16217"}],"wp:term":[{"taxonomy":"category","embeddable":true,"href":"https:\/\/kraios.app\/news\/wp-json\/wp\/v2\/categories?post=16217"},{"taxonomy":"post_tag","embeddable":true,"href":"https:\/\/kraios.app\/news\/wp-json\/wp\/v2\/tags?post=16217"}],"curies":[{"name":"wp","href":"https:\/\/api.w.org\/{rel}","templated":true}]}}