{"id":16207,"date":"2023-10-06T04:29:39","date_gmt":"2023-10-06T04:29:39","guid":{"rendered":"https:\/\/kraios.app\/news\/siyaset\/2023\/10\/06\/guclu-turkiyeyi-kurabilmek-icin-azimle-mucadele-edecegiz\/"},"modified":"2023-10-06T04:29:39","modified_gmt":"2023-10-06T04:29:39","slug":"guclu-turkiyeyi-kurabilmek-icin-azimle-mucadele-edecegiz","status":"publish","type":"post","link":"https:\/\/kraios.app\/news\/siyaset\/2023\/10\/06\/guclu-turkiyeyi-kurabilmek-icin-azimle-mucadele-edecegiz\/","title":{"rendered":"G\u00fc\u00e7l\u00fc T\u00fcrkiye&#8217;yi kurabilmek i\u00e7in azimle m\u00fccadele edece\u011fiz"},"content":{"rendered":"<p><\/p>\n<div>\n<p>Kurtulmu\u015f, Ba\u015fkent Millet Bah\u00e7esi&#8217;nde d\u00fczenlenen \u00c7ank\u0131r\u0131 Tan\u0131t\u0131m G\u00fcnleri Program\u0131&#8217;nda yapt\u0131\u011f\u0131 konu\u015fmada, etkinli\u011fin haz\u0131rlanmas\u0131nda eme\u011fi ge\u00e7enleri tebrik etti, b\u00f6ylesi programlar\u0131n, sadece bir hem\u015fehri dernekleri federasyonu faaliyeti olarak de\u011fil, T\u00fcrkiye&#8217;nin k\u00fclt\u00fcrel ve fikri b\u00fct\u00fcnl\u00fc\u011f\u00fcn\u00fcn ortaya konulmas\u0131 bak\u0131ndan da son derece de\u011ferli faaliyetler oldu\u011funu belirtti.<\/p>\n<p>\u00dclke olarak 81 ilin hemen hemen tamam\u0131nda son derece zengin bir k\u00fclt\u00fcrel ge\u00e7mi\u015f bulundu\u011funa dikkati \u00e7eken Kurtulmu\u015f, &#8220;Anadolu topraklar\u0131ndan \u015fimdiye kadar 24 b\u00fcy\u00fck medeniyet ge\u00e7mi\u015f, bunlar\u0131n bir k\u0131sm\u0131 \u0130slam medeniyetlerinin y\u0131ld\u0131z\u0131 olmu\u015f medeniyetler olarak tarihte yerini alm\u0131\u015f, ondan \u00f6nceki d\u00f6nemlerde de \u00e7ok g\u00fc\u00e7l\u00fc medeniyetler bu topraklarda var olmu\u015ftur. Bizim hep s\u00f6yledi\u011fimiz bir \u015fey, &#8216;K\u00f6k\u00fc mazide olan bir atiyi kurma fikridir.&#8217; Yani k\u00f6k\u00fc sa\u011flam olmayan bir a\u011fa\u00e7 nas\u0131l gelen ilk r\u00fczgarla y\u0131k\u0131l\u0131rsa bizim gibi b\u00fcy\u00fck milletlerin de sa\u011flam k\u00f6klerini daha da g\u00fc\u00e7lendirmek gibi bir mecburiyeti vard\u0131r. Biz bu anlamda zengin bir tarihi ve k\u00fclt\u00fcrel birikime sahibiz.&#8221; diye konu\u015ftu.<\/p>\n<p>Kurtulmu\u015f, hem\u015fehri derneklerinin, faaliyetlerini, sadece &#8220;bir araya gelsinler, dostluklar\u0131n\u0131 art\u0131rs\u0131nlar&#8221;dan \u00f6te, o g\u00fczel tarihi miras\u0131 \u00f6zelikle sonraki nesillere g\u00fc\u00e7l\u00fc bir \u015fekilde aktarmak d\u00fc\u015f\u00fcncesiyle yapt\u0131klar\u0131n\u0131 ifade etti.<\/p>\n<p><img decoding=\"async\" alt=\"\" src=\"https:\/\/www.aa.com.tr\/uploads\/userFiles\/c9f1ae26-3cf3-4ab4-9d72-230dedd01a4c\/AA-32319787.jpg\"\/><\/p>\n<p>&#8220;Yaren&#8221; k\u00fclt\u00fcr\u00fcn\u00fcn yan\u0131 s\u0131ra, \u00c7ank\u0131r\u0131&#8217;n\u0131n \u00f6zelliklerini ve k\u00fclt\u00fcr\u00fcn\u00fc anlatmak i\u00e7in bir araya gelen bu toplulu\u011fun asl\u0131nda sadece bir hem\u015fehri dernekleri g\u00fcn\u00fc yapmad\u0131\u011f\u0131n\u0131, ayn\u0131 zamanda k\u00f6k\u00fc mazide olmak \u00fczere harekete ge\u00e7en bu milletin k\u00f6klerini sa\u011flamla\u015ft\u0131rd\u0131\u011f\u0131n\u0131 s\u00f6yleyen Kurtulmu\u015f, s\u00f6zlerini \u015f\u00f6yle s\u00fcrd\u00fcrd\u00fc:<\/p>\n<p>&#8220;Biz millet olarak hi\u00e7 yerimizde saymad\u0131k ve yerimizde saymak bize hi\u00e7 yak\u0131\u015fmaz. B\u0131rak\u0131n geriye gitmeyi, Anadolu topraklar\u0131m\u0131za geldi\u011fimiz g\u00fcnden itibaren hep ileriye do\u011fru hareket ettik. Orta Asya&#8217;dan gelirken de bu millet hep bat\u0131ya, ileriye, y\u00fcksek hedeflere do\u011fru ilerledi. Allah&#8217;a \u00e7ok \u015f\u00fck\u00fcr, bu Anadolu topraklar\u0131nda varolu\u015fumuzun neredeyse bininci y\u0131l\u0131na yakla\u015f\u0131yoruz. \u0130n\u015fallah 1071&#8217;in y\u0131l d\u00f6n\u00fcm\u00fc olan 2071, T\u00fcrkiye i\u00e7in \u00e7ok daha g\u00fc\u00e7l\u00fc, k\u00f6k\u00fc \u00e7ok daha sa\u011flam ve dallar\u0131 gelece\u011fe do\u011fru \u00e7ok kuvvetli \u015fekilde geli\u015fmi\u015f bir T\u00fcrkiye&#8217;nin y\u00fczy\u0131l\u0131 olacakt\u0131r. Bunun i\u00e7in birlik, beraberlik, dirlik i\u00e7inde hareket edece\u011fiz. Milli k\u00fclt\u00fcr\u00fcm\u00fcz\u00fc geli\u015ftirerek sonraki nesillere aktaraca\u011f\u0131z.&#8221;<\/p>\n<p><img decoding=\"async\" alt=\"\" src=\"https:\/\/www.aa.com.tr\/uploads\/userFiles\/c9f1ae26-3cf3-4ab4-9d72-230dedd01a4c\/AA-32319785.jpg\"\/><\/p>\n<p>&#8220;S\u00f6z\u00fc g\u00fc\u00e7l\u00fc, g\u00fcc\u00fc tesirli bir T\u00fcrkiye&#8221;yi kurabilmek i\u00e7in hep beraber m\u00fccadele edilece\u011fini vurgulayan Kurtulmu\u015f, \u015funlar\u0131 kaydetti:<\/p>\n<p>&#8220;\u0130\u00e7eride dirli\u011fi, birli\u011fi sa\u011flam; g\u00fc\u00e7l\u00fc bir toplumsal yap\u0131, ekonomisi g\u00fc\u00e7l\u00fc bir T\u00fcrkiye, siyasette, yery\u00fcz\u00fcnde b\u00fct\u00fcn milli menfaatlerimizi koruyabilen, \u00e7evremizde huzurun ve selametin sa\u011flanmas\u0131 i\u00e7in \u00f6nc\u00fcl\u00fck yapabilen bir T\u00fcrkiye, d\u00fcnyada hakk\u0131, hukuku ve adaleti koruman\u0131n \u00f6nc\u00fcs\u00fc ve s\u00f6zc\u00fcs\u00fc olan bir T\u00fcrkiye istikametinde y\u00fcr\u00fcyece\u011fiz. Anadolu topraklar\u0131n\u0131 gelecek nesillere \u00e7ok daha g\u00fczel bir \u015fekilde b\u0131rakman\u0131n gayreti, heyecan\u0131, azmi ve \u00e7al\u0131\u015fmas\u0131 i\u00e7erisinde olaca\u011f\u0131z.<\/p>\n<p>Bunun yolu, nerede olursak olal\u0131m, hangi i\u015fi yap\u0131yor olursak olal\u0131m hepimizin ayn\u0131 hedefe oklar\u0131m\u0131z\u0131 atmas\u0131d\u0131r. Hepimizin ayn\u0131 istikamete, ayn\u0131 menzile y\u00fcr\u00fcmemizdir. Hi\u00e7 \u015f\u00fcphesiz, farkl\u0131 i\u015flerimiz farkl\u0131 u\u011fra\u015flar\u0131m\u0131z farkl\u0131 alanlarda topluma kar\u015f\u0131 sorumluluklar\u0131m\u0131z olabilir ama hepimiz ayn\u0131 istikamete gidece\u011fiz, hepimiz farkl\u0131l\u0131klar\u0131m\u0131z\u0131 zenginlik arac\u0131 olarak g\u00f6rece\u011fiz ve yeniden g\u00fc\u00e7l\u00fc b\u00fcy\u00fck T\u00fcrkiye&#8217;yi kurabilmek i\u00e7in azimle, gayretle m\u00fccadele edece\u011fiz; milli k\u00fclt\u00fcr\u00fcm\u00fcz, tarihimiz, k\u00f6klerimiz de bereketimiz olarak bize \u0131\u015f\u0131k verecektir.&#8221;<\/p>\n<p>Kurtulmu\u015f, konu\u015fmas\u0131n\u0131n ard\u0131ndan \u00c7ank\u0131r\u0131 Tan\u0131t\u0131m G\u00fcnleri&#8217;nin a\u00e7\u0131l\u0131\u015f\u0131n\u0131 kurdele keserek ger\u00e7ekle\u015ftirdi.<\/p>\n<p>TBMM Ba\u015fkan\u0131 Kurtulmu\u015f, etkinlik kapsam\u0131nda kurulan \u00e7ad\u0131rlar\u0131 da ziyaret ederek katk\u0131 sunan kurum ve kurulu\u015flara ba\u015far\u0131lar diledi.<\/p>\n<p>                            <span class=\"detay-foto-editor\">&#13;<br \/>\n                                <a href=\"https:\/\/www.aa.com.tr\/tr\/p\/abonelik-talep-formu\/1001\" target=\"_blank\" style=\"font-size:12px; color:#444; text-decoration:none;\" rel=\"noopener\">&#13;<br \/>\n                                    Anadolu Ajans\u0131 web sitesinde, AA Haber Ak\u0131\u015f Sistemi (HAS) \u00fczerinden abonelere sunulan haberler, \u00f6zetlenerek yay\u0131mlanmaktad\u0131r. <b style=\"color:#1897F7\">Abonelik i\u00e7in l\u00fctfen ileti\u015fime ge\u00e7iniz.<\/b>&#13;<br \/>\n                                <\/a>&#13;<br \/>\n                            <\/span>\n                        <\/div>\n<p><script>\n\t  window.fbAsyncInit = function() {\n\t\tFB.init({\n\t\t  appId: '1855843514662870',\n\t\t  status : true, \/\/ check login status\n\t\t  cookie : true, \/\/ enable cookies to allow the server to access the session\n\t\t  xfbml  : true  \/\/ parse XFBML\n\t\t});\n\t  };<\/p>\n<p>\t  (function() {\n\t\tvar e = document.createElement('script');\n\t\te.src=\"https:\/\/connect.facebook.net\/tr_TR\/all.js\";\n\t\te.async = true;\n\t\tdocument.getElementById('fb-root').appendChild(e);\n\t  }());\n    <\/script><\/p>\n","protected":false},"excerpt":{"rendered":"<p>Kurtulmu\u015f, Ba\u015fkent Millet Bah\u00e7esi&#8217;nde d\u00fczenlenen \u00c7ank\u0131r\u0131 Tan\u0131t\u0131m G\u00fcnleri Program\u0131&#8217;nda yapt\u0131\u011f\u0131 konu\u015fmada, etkinli\u011fin haz\u0131rlanmas\u0131nda eme\u011fi ge\u00e7enleri tebrik etti, b\u00f6ylesi programlar\u0131n, sadece bir hem\u015fehri dernekleri federasyonu faaliyeti olarak de\u011fil, T\u00fcrkiye&#8217;nin k\u00fclt\u00fcrel ve fikri b\u00fct\u00fcnl\u00fc\u011f\u00fcn\u00fcn ortaya konulmas\u0131 bak\u0131ndan da son derece de\u011ferli faaliyetler oldu\u011funu belirtti. \u00dclke olarak 81 ilin hemen hemen tamam\u0131nda son derece zengin bir k\u00fclt\u00fcrel ge\u00e7mi\u015f [&hellip;]<\/p>\n","protected":false},"author":1,"featured_media":16208,"comment_status":"","ping_status":"","sticky":false,"template":"","format":"standard","meta":[],"categories":[47],"tags":[],"_links":{"self":[{"href":"https:\/\/kraios.app\/news\/wp-json\/wp\/v2\/posts\/16207"}],"collection":[{"href":"https:\/\/kraios.app\/news\/wp-json\/wp\/v2\/posts"}],"about":[{"href":"https:\/\/kraios.app\/news\/wp-json\/wp\/v2\/types\/post"}],"author":[{"embeddable":true,"href":"https:\/\/kraios.app\/news\/wp-json\/wp\/v2\/users\/1"}],"replies":[{"embeddable":true,"href":"https:\/\/kraios.app\/news\/wp-json\/wp\/v2\/comments?post=16207"}],"version-history":[{"count":0,"href":"https:\/\/kraios.app\/news\/wp-json\/wp\/v2\/posts\/16207\/revisions"}],"wp:featuredmedia":[{"embeddable":true,"href":"https:\/\/kraios.app\/news\/wp-json\/wp\/v2\/media\/16208"}],"wp:attachment":[{"href":"https:\/\/kraios.app\/news\/wp-json\/wp\/v2\/media?parent=16207"}],"wp:term":[{"taxonomy":"category","embeddable":true,"href":"https:\/\/kraios.app\/news\/wp-json\/wp\/v2\/categories?post=16207"},{"taxonomy":"post_tag","embeddable":true,"href":"https:\/\/kraios.app\/news\/wp-json\/wp\/v2\/tags?post=16207"}],"curies":[{"name":"wp","href":"https:\/\/api.w.org\/{rel}","templated":true}]}}