{"id":16205,"date":"2023-10-06T04:03:32","date_gmt":"2023-10-06T04:03:32","guid":{"rendered":"https:\/\/kraios.app\/news\/ekonomi\/2023\/10\/06\/dto-kuresel-ticarette-2023-buyume-tahminini-dusurdu\/"},"modified":"2023-10-06T04:03:32","modified_gmt":"2023-10-06T04:03:32","slug":"dto-kuresel-ticarette-2023-buyume-tahminini-dusurdu","status":"publish","type":"post","link":"https:\/\/kraios.app\/news\/ekonomi\/2023\/10\/06\/dto-kuresel-ticarette-2023-buyume-tahminini-dusurdu\/","title":{"rendered":"DT\u00d6 k\u00fcresel ticarette 2023 b\u00fcy\u00fcme tahminini d\u00fc\u015f\u00fcrd\u00fc"},"content":{"rendered":"<p> <br \/>\n<\/p>\n<div>\n<p>DT\u00d6, k\u00fcresel ticaretin g\u00f6r\u00fcn\u00fcm\u00fc ve istatistiklere ili\u015fkin ekim ay\u0131 raporunu yay\u0131mlad\u0131.<\/p>\n<p>Raporda, 2023 y\u0131l\u0131 i\u00e7in k\u00fcresel mal ticareti b\u00fcy\u00fcmesine ili\u015fkin tahminin, yap\u0131\u015f\u0131k y\u00fcksek enflasyon, y\u00fcksek faiz oranlar\u0131, \u00c7in emlak piyasas\u0131ndaki s\u0131k\u0131nt\u0131lar ve Ukrayna&#8217;daki sava\u015f\u0131n k\u00fcresel ekonomik g\u00f6r\u00fcn\u00fcm\u00fc olumsuz etkilemesi nedeniyle y\u00fczde 1,7&#8217;den 0,8&#8217;e revize edildi\u011fi bildirildi.<\/p>\n<p>Ekonomilerin gelecek y\u0131l istikrarl\u0131 b\u00fcy\u00fcmesiyle birlikte k\u00fcresel mal ticaretinin 2024&#8217;te y\u00fczde 3,3 artaca\u011f\u0131 tahmin edildi.<\/p>\n<p>\u00d6rg\u00fct, nisan ay\u0131ndaki tahmininde gelecek y\u0131l i\u00e7in 3,2&#8217;lik b\u00fcy\u00fcme \u00f6ng\u00f6rm\u00fc\u015ft\u00fc.<\/p>\n<p>DT\u00d6 raporunda, k\u00fcresel ticaretteki yava\u015flaman\u0131n geni\u015f tabanl\u0131 oldu\u011funa, ba\u015fta demir-\u00e7elik, Telekom ekipmanlar\u0131 ve tekstil olmak \u00fczere daha fazla say\u0131da \u00fclke ve \u00fcr\u00fcn\u00fc kapsad\u0131\u011f\u0131na ve ticareti etkileyecek risklerin dengeli seyretti\u011fine dikkat \u00e7ekildi.<\/p>\n<p>DT\u00d6&#8217;n\u00fcn tahminlerinin hizmet ticaretini kapsamad\u0131\u011f\u0131n\u0131n hat\u0131rlat\u0131ld\u0131\u011f\u0131 raporda, 2022&#8217;de uluslararas\u0131 turizmde ya\u015fanan g\u00fc\u00e7l\u00fc toparlanman\u0131n ard\u0131ndan b\u00fcy\u00fcmenin yava\u015flad\u0131\u011f\u0131 belirtildi.<\/p>\n<p>DT\u00d6 Genel Direkt\u00f6r\u00fc Ngozi Okonjo-Iweala, rapora ili\u015fkin de\u011ferlendirmesinde, ticarette beklenen yava\u015flaman\u0131n endi\u015fe kayna\u011f\u0131 oldu\u011funu, \u00e7\u00fcnk\u00fc bunun d\u00fcnya \u00e7ap\u0131nda, \u00f6zellikle de yoksul \u00fclkelerdeki insanlar\u0131n ya\u015fam standartlar\u0131n\u0131 olumsuz etkileyebilece\u011fini vurgulad\u0131.<\/p>\n<p>Okonjo-Iweala, &#8220;K\u00fcresel ekonominin par\u00e7alanmas\u0131 bu zorluklar\u0131 daha da art\u0131racakt\u0131r. Bu nedenle DT\u00d6 \u00fcyeleri ticarette korumac\u0131l\u0131ktan ka\u00e7\u0131narak ve daha diren\u00e7li ve kapsay\u0131c\u0131 bir k\u00fcresel ekonomiyi te\u015fvik ederek k\u00fcresel ticaret \u00e7er\u00e7evesini g\u00fc\u00e7lendirme f\u0131rsat\u0131n\u0131 de\u011ferlendirmelidir. K\u00fcresel ekonomi ve \u00f6zellikle de yoksul \u00fclkelerin ekonomisi istikrarl\u0131, a\u00e7\u0131k, \u00f6ng\u00f6r\u00fclebilir, kurallara dayal\u0131 ve adil bir \u00e7ok tarafl\u0131 ticaret sistemi olmadan toparlanmakta zorlanacakt\u0131r.&#8221; ifadelerini kulland\u0131.<\/p>\n<p>DT\u00d6 Ba\u015fekonomisti Ralph Ossa ise verilerin jeopolitik gerilimlere ba\u011fl\u0131 olarak k\u00fcresel ticaretin par\u00e7aland\u0131\u011f\u0131na dair baz\u0131 i\u015faretler g\u00f6sterdi\u011fini belirterek, \u201cPozitif ihracat ve ithalat hacmi b\u00fcy\u00fcmesi 2024 y\u0131l\u0131nda yeniden ba\u015flayacakt\u0131r ancak tetikte olmaya devam etmeliyiz.&#8221; yorumunu yapt\u0131.<\/p>\n<p>                            <span class=\"detay-foto-editor\">&#13;<br \/>\n                                <a href=\"https:\/\/www.aa.com.tr\/tr\/p\/abonelik-talep-formu\/1001\" target=\"_blank\" style=\"font-size:12px; color:#444; text-decoration:none;\" rel=\"noopener\">&#13;<br \/>\n                                    Anadolu Ajans\u0131 web sitesinde, AA Haber Ak\u0131\u015f Sistemi (HAS) \u00fczerinden abonelere sunulan haberler, \u00f6zetlenerek yay\u0131mlanmaktad\u0131r. <b style=\"color:#1897F7\">Abonelik i\u00e7in l\u00fctfen ileti\u015fime ge\u00e7iniz.<\/b>&#13;<br \/>\n                                <\/a>&#13;<br \/>\n                            <\/span>\n                        <\/div>\n<p><script>\n\t  window.fbAsyncInit = function() {\n\t\tFB.init({\n\t\t  appId: '1855843514662870',\n\t\t  status : true, \/\/ check login status\n\t\t  cookie : true, \/\/ enable cookies to allow the server to access the session\n\t\t  xfbml  : true  \/\/ parse XFBML\n\t\t});\n\t  };<\/p>\n<p>\t  (function() {\n\t\tvar e = document.createElement('script');\n\t\te.src=\"https:\/\/connect.facebook.net\/tr_TR\/all.js\";\n\t\te.async = true;\n\t\tdocument.getElementById('fb-root').appendChild(e);\n\t  }());\n    <\/script><br \/>\n<br \/><br \/>\n<br \/><a href=\"https:\/\/www.aa.com.tr\/tr\/ekonomi\/dto-kuresel-ticarette-2023-buyume-tahminini-dusurdu\/3008663\">Source link <\/a><\/p>\n","protected":false},"excerpt":{"rendered":"<p>DT\u00d6, k\u00fcresel ticaretin g\u00f6r\u00fcn\u00fcm\u00fc ve istatistiklere ili\u015fkin ekim ay\u0131 raporunu yay\u0131mlad\u0131. Raporda, 2023 y\u0131l\u0131 i\u00e7in k\u00fcresel mal ticareti b\u00fcy\u00fcmesine ili\u015fkin tahminin, yap\u0131\u015f\u0131k y\u00fcksek enflasyon, y\u00fcksek faiz oranlar\u0131, \u00c7in emlak piyasas\u0131ndaki s\u0131k\u0131nt\u0131lar ve Ukrayna&#8217;daki sava\u015f\u0131n k\u00fcresel ekonomik g\u00f6r\u00fcn\u00fcm\u00fc olumsuz etkilemesi nedeniyle y\u00fczde 1,7&#8217;den 0,8&#8217;e revize edildi\u011fi bildirildi. Ekonomilerin gelecek y\u0131l istikrarl\u0131 b\u00fcy\u00fcmesiyle birlikte k\u00fcresel mal ticaretinin [&hellip;]<\/p>\n","protected":false},"author":1,"featured_media":16206,"comment_status":"","ping_status":"","sticky":false,"template":"","format":"standard","meta":[],"categories":[44],"tags":[],"_links":{"self":[{"href":"https:\/\/kraios.app\/news\/wp-json\/wp\/v2\/posts\/16205"}],"collection":[{"href":"https:\/\/kraios.app\/news\/wp-json\/wp\/v2\/posts"}],"about":[{"href":"https:\/\/kraios.app\/news\/wp-json\/wp\/v2\/types\/post"}],"author":[{"embeddable":true,"href":"https:\/\/kraios.app\/news\/wp-json\/wp\/v2\/users\/1"}],"replies":[{"embeddable":true,"href":"https:\/\/kraios.app\/news\/wp-json\/wp\/v2\/comments?post=16205"}],"version-history":[{"count":0,"href":"https:\/\/kraios.app\/news\/wp-json\/wp\/v2\/posts\/16205\/revisions"}],"wp:featuredmedia":[{"embeddable":true,"href":"https:\/\/kraios.app\/news\/wp-json\/wp\/v2\/media\/16206"}],"wp:attachment":[{"href":"https:\/\/kraios.app\/news\/wp-json\/wp\/v2\/media?parent=16205"}],"wp:term":[{"taxonomy":"category","embeddable":true,"href":"https:\/\/kraios.app\/news\/wp-json\/wp\/v2\/categories?post=16205"},{"taxonomy":"post_tag","embeddable":true,"href":"https:\/\/kraios.app\/news\/wp-json\/wp\/v2\/tags?post=16205"}],"curies":[{"name":"wp","href":"https:\/\/api.w.org\/{rel}","templated":true}]}}