{"id":16199,"date":"2023-10-06T03:52:32","date_gmt":"2023-10-06T03:52:32","guid":{"rendered":"https:\/\/kraios.app\/news\/yasam\/2023\/10\/06\/hurda-parcalari-esere-donusturen-ogrencilere-sahil-guvenlik-komutanligindan-malzeme-destegi\/"},"modified":"2023-10-06T03:52:32","modified_gmt":"2023-10-06T03:52:32","slug":"hurda-parcalari-esere-donusturen-ogrencilere-sahil-guvenlik-komutanligindan-malzeme-destegi","status":"publish","type":"post","link":"https:\/\/kraios.app\/news\/yasam\/2023\/10\/06\/hurda-parcalari-esere-donusturen-ogrencilere-sahil-guvenlik-komutanligindan-malzeme-destegi\/","title":{"rendered":"Hurda par\u00e7alar\u0131 esere d\u00f6n\u00fc\u015ft\u00fcren \u00f6\u011frencilere Sahil G\u00fcvenlik Komutanl\u0131\u011f\u0131ndan malzeme deste\u011fi"},"content":{"rendered":"<p><\/p>\n<div>\n<p>Mehmet Murat \u0130\u015fler Mesleki ve Teknik Anadolu Lisesi Metal Teknolojisi B\u00f6l\u00fcm\u00fc \u00f6\u011frencileri, \u00f6\u011fretmenlerinin de deste\u011fiyle hem S\u0131f\u0131r At\u0131k Projesi&#8217;ne destek vermek hem de kendilerini geli\u015ftirmek i\u00e7in geri d\u00f6n\u00fc\u015f\u00fcm \u00e7al\u0131\u015fmas\u0131 ba\u015flatt\u0131.<\/p>\n<p>At\u00f6lyede kulland\u0131klar\u0131 \u00fcr\u00fcnlerden arta kalan sac, demir, profil par\u00e7alar\u0131n\u0131 kaynak makinesiyle birle\u015ftirerek birbirinden farkl\u0131 tasar\u0131mlar ortaya \u00e7\u0131karan \u00f6\u011frencilere Sahil G\u00fcvenlik Komutanl\u0131\u011f\u0131 destek verdi.<\/p>\n<p><img decoding=\"async\" alt=\"\" src=\"https:\/\/www.aa.com.tr\/uploads\/userFiles\/a54ea27f-6036-4f79-88c6-6bc9ba19a35d\/08_Nisan%2F05%20eyl%C3%BCl%2F06%2FAA-32315065.jpg\"\/><\/p>\n<p>Sahil G\u00fcvenlik Komutan\u0131 T\u00fcmamiral Ahmet Kendir&#8217;in onay\u0131yla, \u0130stanbul \u0130kmal Merkezi Komutanl\u0131\u011f\u0131nda kullan\u0131lmayan 2 kamyon hurda malzeme, Van&#8217;a g\u00f6nderildi.<\/p>\n<p>Malzemeler, Sahil G\u00fcvenlik Van G\u00f6l\u00fc Grup Komutanl\u0131\u011f\u0131 personelinin kat\u0131l\u0131m\u0131yla Mehmet Murat \u0130\u015fler Mesleki ve Teknik Anadolu Lisesine teslim edildi.<\/p>\n<p><img decoding=\"async\" alt=\"\" src=\"https:\/\/www.aa.com.tr\/uploads\/userFiles\/a54ea27f-6036-4f79-88c6-6bc9ba19a35d\/08_Nisan%2F05%20eyl%C3%BCl%2F06%2FAA-32315068.jpg\"\/><\/p>\n<h3>&#8220;\u00d6\u011frencilerimiz bu malzemeleri birer sanat eserine d\u00f6n\u00fc\u015ft\u00fcrecek&#8221;<\/h3>\n<p>Okul M\u00fcd\u00fcr\u00fc Veysel Sa\u011flam, AA muhabirine, Cumhurba\u015fkan\u0131 Recep Tayyip Erdo\u011fan&#8217;\u0131n e\u015fi Emine Erdo\u011fan&#8217;\u0131n himayesinde y\u00fcr\u00fct\u00fclen &#8220;S\u0131f\u0131r At\u0131k Projesi&#8221;ne destek olduklar\u0131n\u0131 s\u00f6yledi.<\/p>\n<p><img decoding=\"async\" alt=\"\" src=\"https:\/\/admin.aa.com.tr\/uploads\/userFiles\/a54ea27f-6036-4f79-88c6-6bc9ba19a35d\/08_Nisan%2F05%20eyl%C3%BCl%2F06%2FAA-32315073.jpg\"\/><\/p>\n<p>Hurda malzemeleri geri d\u00f6n\u00fc\u015f\u00fcme kazand\u0131rd\u0131klar\u0131n\u0131 anlatan Sa\u011flam, &#8220;\u00d6\u011frencilerimiz, at\u0131k malzemeleri, hayvan fig\u00fcrleri, u\u00e7ak, gemi, araba gibi s\u00fcs e\u015fyalar\u0131na d\u00f6n\u00fc\u015ft\u00fcr\u00fcyor. Bu g\u00fczel \u00e7al\u0131\u015fmam\u0131z\u0131 fark eden Sahil G\u00fcvenlik Komutanl\u0131\u011f\u0131m\u0131z at\u0131l durumda olan malzemeleri okulumuza g\u00f6nderdi. Malzemelerle \u00f6\u011frencilerimizin el becerileri daha da geli\u015ftirecek, ayn\u0131 zamanda okulumuza katk\u0131 sa\u011flayacak.&#8221; dedi.<\/p>\n<p><img decoding=\"async\" alt=\"\" src=\"https:\/\/www.aa.com.tr\/uploads\/userFiles\/a54ea27f-6036-4f79-88c6-6bc9ba19a35d\/08_Nisan%2F05%20eyl%C3%BCl%2F06%2FAA-32315077.jpg\"\/><\/p>\n<p>Metal Teknoloji Alan\u0131 \u00d6\u011fretmeni Mehmet Akif \u00c7elebi de &#8220;\u00d6\u011frencilerimiz, at\u00f6lyede yap\u0131lan \u00e7al\u0131\u015fmalardan \u00e7\u0131kan hurda malzemeleri birer sanat eserine d\u00f6n\u00fc\u015ft\u00fcr\u00fcyor. Yapt\u0131\u011f\u0131m\u0131z eserlerle sergi a\u00e7t\u0131k. Bu sergimize ili\u015fkin haberleri g\u00f6ren Sahil G\u00fcvenlik Komutanl\u0131\u011f\u0131, \u00f6\u011frencilerimize destek verdi. 2 kamyon malzeme g\u00f6nderildi. \u00d6\u011frencilerimiz bu malzemeleri birer sanat eserine d\u00f6n\u00fc\u015ft\u00fcrecek.&#8221; diye konu\u015ftu.<\/p>\n<p><img decoding=\"async\" alt=\"\" src=\"https:\/\/www.aa.com.tr\/uploads\/userFiles\/a54ea27f-6036-4f79-88c6-6bc9ba19a35d\/08_Nisan%2F05%20eyl%C3%BCl%2F06%2FAA-32315076.jpg\"\/><\/p>\n<p>Sahil G\u00fcvenlik Komutanl\u0131\u011f\u0131na te\u015fekk\u00fcr eden \u00f6\u011frencilerden Ersin \u00d6zmen ise &#8220;At\u0131k malzemelerle hayvan fig\u00fcrleri, u\u00e7ak, gemi tarz\u0131nda \u015feyler yapt\u0131k. Komutanl\u0131\u011f\u0131m\u0131z\u0131n g\u00f6nderdi\u011fi at\u0131k malzemelerle yeni tasar\u0131mlar yaparak kendimizi daha da geli\u015ftirece\u011fiz. Art\u0131k malzeme s\u0131k\u0131nt\u0131s\u0131 ya\u015famayaca\u011f\u0131z. Bundan dolay\u0131 \u00e7ok te\u015fekk\u00fcr ederiz.&#8221; ifadelerini kulland\u0131.<\/p>\n<p>                            <span class=\"detay-foto-editor\">&#13;<br \/>\n                                <a href=\"https:\/\/www.aa.com.tr\/tr\/p\/abonelik-talep-formu\/1001\" target=\"_blank\" style=\"font-size:12px; color:#444; text-decoration:none;\" rel=\"noopener\">&#13;<br \/>\n                                    Anadolu Ajans\u0131 web sitesinde, AA Haber Ak\u0131\u015f Sistemi (HAS) \u00fczerinden abonelere sunulan haberler, \u00f6zetlenerek yay\u0131mlanmaktad\u0131r. <b style=\"color:#1897F7\">Abonelik i\u00e7in l\u00fctfen ileti\u015fime ge\u00e7iniz.<\/b>&#13;<br \/>\n                                <\/a>&#13;<br \/>\n                            <\/span>\n                        <\/div>\n<p><script>\n\t  window.fbAsyncInit = function() {\n\t\tFB.init({\n\t\t  appId: '1855843514662870',\n\t\t  status : true, \/\/ check login status\n\t\t  cookie : true, \/\/ enable cookies to allow the server to access the session\n\t\t  xfbml  : true  \/\/ parse XFBML\n\t\t});\n\t  };<\/p>\n<p>\t  (function() {\n\t\tvar e = document.createElement('script');\n\t\te.src=\"https:\/\/connect.facebook.net\/tr_TR\/all.js\";\n\t\te.async = true;\n\t\tdocument.getElementById('fb-root').appendChild(e);\n\t  }());\n    <\/script><\/p>\n","protected":false},"excerpt":{"rendered":"<p>Mehmet Murat \u0130\u015fler Mesleki ve Teknik Anadolu Lisesi Metal Teknolojisi B\u00f6l\u00fcm\u00fc \u00f6\u011frencileri, \u00f6\u011fretmenlerinin de deste\u011fiyle hem S\u0131f\u0131r At\u0131k Projesi&#8217;ne destek vermek hem de kendilerini geli\u015ftirmek i\u00e7in geri d\u00f6n\u00fc\u015f\u00fcm \u00e7al\u0131\u015fmas\u0131 ba\u015flatt\u0131. At\u00f6lyede kulland\u0131klar\u0131 \u00fcr\u00fcnlerden arta kalan sac, demir, profil par\u00e7alar\u0131n\u0131 kaynak makinesiyle birle\u015ftirerek birbirinden farkl\u0131 tasar\u0131mlar ortaya \u00e7\u0131karan \u00f6\u011frencilere Sahil G\u00fcvenlik Komutanl\u0131\u011f\u0131 destek verdi. Sahil G\u00fcvenlik [&hellip;]<\/p>\n","protected":false},"author":1,"featured_media":16200,"comment_status":"","ping_status":"","sticky":false,"template":"","format":"standard","meta":[],"categories":[50],"tags":[],"_links":{"self":[{"href":"https:\/\/kraios.app\/news\/wp-json\/wp\/v2\/posts\/16199"}],"collection":[{"href":"https:\/\/kraios.app\/news\/wp-json\/wp\/v2\/posts"}],"about":[{"href":"https:\/\/kraios.app\/news\/wp-json\/wp\/v2\/types\/post"}],"author":[{"embeddable":true,"href":"https:\/\/kraios.app\/news\/wp-json\/wp\/v2\/users\/1"}],"replies":[{"embeddable":true,"href":"https:\/\/kraios.app\/news\/wp-json\/wp\/v2\/comments?post=16199"}],"version-history":[{"count":0,"href":"https:\/\/kraios.app\/news\/wp-json\/wp\/v2\/posts\/16199\/revisions"}],"wp:featuredmedia":[{"embeddable":true,"href":"https:\/\/kraios.app\/news\/wp-json\/wp\/v2\/media\/16200"}],"wp:attachment":[{"href":"https:\/\/kraios.app\/news\/wp-json\/wp\/v2\/media?parent=16199"}],"wp:term":[{"taxonomy":"category","embeddable":true,"href":"https:\/\/kraios.app\/news\/wp-json\/wp\/v2\/categories?post=16199"},{"taxonomy":"post_tag","embeddable":true,"href":"https:\/\/kraios.app\/news\/wp-json\/wp\/v2\/tags?post=16199"}],"curies":[{"name":"wp","href":"https:\/\/api.w.org\/{rel}","templated":true}]}}