{"id":16194,"date":"2023-10-06T03:09:03","date_gmt":"2023-10-06T03:09:03","guid":{"rendered":"https:\/\/kraios.app\/news\/siyaset\/2023\/10\/06\/turkiye-avrupa-parlamentosunun-kabul-ettigi-karabag-ile-ilgili-karari-kinadi\/"},"modified":"2023-10-06T03:09:03","modified_gmt":"2023-10-06T03:09:03","slug":"turkiye-avrupa-parlamentosunun-kabul-ettigi-karabag-ile-ilgili-karari-kinadi","status":"publish","type":"post","link":"https:\/\/kraios.app\/news\/siyaset\/2023\/10\/06\/turkiye-avrupa-parlamentosunun-kabul-ettigi-karabag-ile-ilgili-karari-kinadi\/","title":{"rendered":"T\u00fcrkiye, Avrupa Parlamentosu&#039;nun kabul etti\u011fi Karaba\u011f ile ilgili karar\u0131 k\u0131nad\u0131"},"content":{"rendered":"<p>D\u0131\u015fi\u015fleri Bakanl\u0131\u011f\u0131, Avrupa Parlamentosu&#8217;nun Karaba\u011f ile ilgili karar\u0131na tepki g\u00f6stererek, &#8220;Bir kesim pop\u00fclist ve ayr\u0131mc\u0131 AP \u00fcyesinin \u00fclkemizi hedef alan s\u00f6ylemlerini esas alan bu karar\u0131 k\u0131n\u0131yoruz.&#8221; ifadesini kulland\u0131.<\/p>\n","protected":false},"excerpt":{"rendered":"<p>D\u0131\u015fi\u015fleri Bakanl\u0131\u011f\u0131, Avrupa Parlamentosu&#8217;nun Karaba\u011f ile ilgili karar\u0131na tepki g\u00f6stererek, &#8220;Bir kesim pop\u00fclist ve ayr\u0131mc\u0131 AP \u00fcyesinin \u00fclkemizi hedef alan s\u00f6ylemlerini esas alan bu karar\u0131 k\u0131n\u0131yoruz.&#8221; ifadesini kulland\u0131.<\/p>\n","protected":false},"author":1,"featured_media":16195,"comment_status":"","ping_status":"","sticky":false,"template":"","format":"standard","meta":[],"categories":[47],"tags":[],"_links":{"self":[{"href":"https:\/\/kraios.app\/news\/wp-json\/wp\/v2\/posts\/16194"}],"collection":[{"href":"https:\/\/kraios.app\/news\/wp-json\/wp\/v2\/posts"}],"about":[{"href":"https:\/\/kraios.app\/news\/wp-json\/wp\/v2\/types\/post"}],"author":[{"embeddable":true,"href":"https:\/\/kraios.app\/news\/wp-json\/wp\/v2\/users\/1"}],"replies":[{"embeddable":true,"href":"https:\/\/kraios.app\/news\/wp-json\/wp\/v2\/comments?post=16194"}],"version-history":[{"count":0,"href":"https:\/\/kraios.app\/news\/wp-json\/wp\/v2\/posts\/16194\/revisions"}],"wp:featuredmedia":[{"embeddable":true,"href":"https:\/\/kraios.app\/news\/wp-json\/wp\/v2\/media\/16195"}],"wp:attachment":[{"href":"https:\/\/kraios.app\/news\/wp-json\/wp\/v2\/media?parent=16194"}],"wp:term":[{"taxonomy":"category","embeddable":true,"href":"https:\/\/kraios.app\/news\/wp-json\/wp\/v2\/categories?post=16194"},{"taxonomy":"post_tag","embeddable":true,"href":"https:\/\/kraios.app\/news\/wp-json\/wp\/v2\/tags?post=16194"}],"curies":[{"name":"wp","href":"https:\/\/api.w.org\/{rel}","templated":true}]}}