{"id":16189,"date":"2023-10-06T02:19:44","date_gmt":"2023-10-06T02:19:44","guid":{"rendered":"https:\/\/kraios.app\/news\/spor\/2023\/10\/06\/besiktasta-yonetim-kurulu-toplantisi-yapildi\/"},"modified":"2023-10-06T02:19:44","modified_gmt":"2023-10-06T02:19:44","slug":"besiktasta-yonetim-kurulu-toplantisi-yapildi","status":"publish","type":"post","link":"https:\/\/kraios.app\/news\/spor\/2023\/10\/06\/besiktasta-yonetim-kurulu-toplantisi-yapildi\/","title":{"rendered":"Be\u015fikta\u015f&#039;ta y\u00f6netim kurulu toplant\u0131s\u0131 yap\u0131ld\u0131"},"content":{"rendered":"<p>UEFA Avrupa Konferans Ligi D Grubu ikinci hafta ma\u00e7\u0131nda \u0130svi\u00e7re&#8217;ye 3-2 yenilen Be\u015fikta\u015f&#8217;ta ma\u00e7\u0131n ard\u0131ndan ger\u00e7ekle\u015ftirilen y\u00f6netim kurulu toplant\u0131s\u0131n\u0131 sona erdi.<\/p>\n","protected":false},"excerpt":{"rendered":"<p>UEFA Avrupa Konferans Ligi D Grubu ikinci hafta ma\u00e7\u0131nda \u0130svi\u00e7re&#8217;ye 3-2 yenilen Be\u015fikta\u015f&#8217;ta ma\u00e7\u0131n ard\u0131ndan ger\u00e7ekle\u015ftirilen y\u00f6netim kurulu toplant\u0131s\u0131n\u0131 sona erdi.<\/p>\n","protected":false},"author":1,"featured_media":16190,"comment_status":"","ping_status":"","sticky":false,"template":"","format":"standard","meta":[],"categories":[48],"tags":[],"_links":{"self":[{"href":"https:\/\/kraios.app\/news\/wp-json\/wp\/v2\/posts\/16189"}],"collection":[{"href":"https:\/\/kraios.app\/news\/wp-json\/wp\/v2\/posts"}],"about":[{"href":"https:\/\/kraios.app\/news\/wp-json\/wp\/v2\/types\/post"}],"author":[{"embeddable":true,"href":"https:\/\/kraios.app\/news\/wp-json\/wp\/v2\/users\/1"}],"replies":[{"embeddable":true,"href":"https:\/\/kraios.app\/news\/wp-json\/wp\/v2\/comments?post=16189"}],"version-history":[{"count":0,"href":"https:\/\/kraios.app\/news\/wp-json\/wp\/v2\/posts\/16189\/revisions"}],"wp:featuredmedia":[{"embeddable":true,"href":"https:\/\/kraios.app\/news\/wp-json\/wp\/v2\/media\/16190"}],"wp:attachment":[{"href":"https:\/\/kraios.app\/news\/wp-json\/wp\/v2\/media?parent=16189"}],"wp:term":[{"taxonomy":"category","embeddable":true,"href":"https:\/\/kraios.app\/news\/wp-json\/wp\/v2\/categories?post=16189"},{"taxonomy":"post_tag","embeddable":true,"href":"https:\/\/kraios.app\/news\/wp-json\/wp\/v2\/tags?post=16189"}],"curies":[{"name":"wp","href":"https:\/\/api.w.org\/{rel}","templated":true}]}}