{"id":16185,"date":"2023-10-05T21:59:43","date_gmt":"2023-10-05T21:59:43","guid":{"rendered":"https:\/\/kraios.app\/news\/yasam\/2023\/10\/05\/balikesirdeki-276-kilometrelik-artemea-parkurlarinda-doga-yuruyusu-festivali-basladi\/"},"modified":"2023-10-05T21:59:43","modified_gmt":"2023-10-05T21:59:43","slug":"balikesirdeki-276-kilometrelik-artemea-parkurlarinda-doga-yuruyusu-festivali-basladi","status":"publish","type":"post","link":"https:\/\/kraios.app\/news\/yasam\/2023\/10\/05\/balikesirdeki-276-kilometrelik-artemea-parkurlarinda-doga-yuruyusu-festivali-basladi\/","title":{"rendered":"Bal\u0131kesir&#8217;deki 276 kilometrelik Artemea parkurlar\u0131nda do\u011fa y\u00fcr\u00fcy\u00fc\u015f\u00fc festivali ba\u015flad\u0131"},"content":{"rendered":"<p><\/p>\n<div>\n<p>G\u00f6nen Kaymakaml\u0131\u011f\u0131 ve Belediyesi, Beykent \u00dcniversitesi, Artemea Da\u011fc\u0131l\u0131k ve Do\u011fa Sporlar\u0131 Kul\u00fcb\u00fc i\u015fbirli\u011fiyle uzun s\u00fcren \u00e7al\u0131\u015fmalar sonucu k\u00fcresel konumlama sistemi (GPS) ve do\u011fal i\u015faretleme teknikleriyle haz\u0131rlanan parkurlar 276 kilometreden olu\u015fuyor.<\/p>\n<p><img decoding=\"async\" alt=\"\" src=\"https:\/\/www.aa.com.tr\/uploads\/userFiles\/96f91bbd-282f-4a24-a12c-1b1092cfeb3b\/009_2023%2F03_2023%2F27_Ekim%2F25%2F20231005_2_60549532_93364958.jpg\"\/><\/p>\n<p>T\u00fcrkiye&#8217;nin d\u00f6rt bir yan\u0131ndan gelen do\u011fa tutkunlar\u0131, 8 Ekim&#8217;de sona erecek festival i\u00e7in Derek\u00f6y Mesire Alan\u0131&#8217;nda kamp kurdu.<\/p>\n<p><img decoding=\"async\" alt=\"\" src=\"https:\/\/www.aa.com.tr\/uploads\/userFiles\/96f91bbd-282f-4a24-a12c-1b1092cfeb3b\/009_2023%2F03_2023%2F27_Ekim%2F25%2F20231005_2_60549532_93364959.jpg\"\/><\/p>\n<p>G\u00f6nen Kaymakam\u0131 Arslan Yurt, festivalin a\u00e7\u0131l\u0131\u015f\u0131nda, do\u011faseverleri bir araya getiren Artemea parkurlar\u0131 projesine emeklerinden dolay\u0131 Belediye Ba\u015fkan\u0131 \u0130brahim Palaz, Artemea Da\u011fc\u0131l\u0131k ve Do\u011fa Sporlar\u0131 Kul\u00fcb\u00fc Ba\u015fkan\u0131 Mete Din\u00e7 ile g\u00f6rev alan ki\u015fi ve kurulu\u015flara te\u015fekk\u00fcr etti.<\/p>\n<p><img decoding=\"async\" alt=\"\" src=\"https:\/\/www.aa.com.tr\/uploads\/userFiles\/96f91bbd-282f-4a24-a12c-1b1092cfeb3b\/009_2023%2F03_2023%2F27_Ekim%2F25%2F20231005_2_60549532_93364961.jpg\"\/><\/p>\n<p>Palaz da kapl\u0131calar\u0131 ve ye\u015filli\u011fiyle bilinen il\u00e7enin do\u011fa y\u00fcr\u00fcy\u00fc\u015f\u00fc ve kamp\u00e7\u0131lar\u0131n g\u00f6zde adreslerinden olaca\u011f\u0131n\u0131 vurgulad\u0131.<\/p>\n<p>Konuklar\u0131n y\u00fcr\u00fcy\u00fc\u015fler boyunca rotalar\u0131, ula\u015f\u0131m kolayl\u0131\u011f\u0131 ve g\u00fczergah detaylar\u0131yla dinlene dinlene kaliteli vakit ge\u00e7irmelerini temenni eden Palaz, \u015funlar\u0131 s\u00f6yledi:<\/p>\n<p><img decoding=\"async\" alt=\"\" src=\"https:\/\/www.aa.com.tr\/uploads\/userFiles\/96f91bbd-282f-4a24-a12c-1b1092cfeb3b\/009_2023%2F03_2023%2F27_Ekim%2F25%2F20231005_2_60549532_93364962.jpg\"\/><\/p>\n<p>&#8220;Ge\u00e7en sene ilkti, eksiklerimizi g\u00f6rd\u00fck. Bu y\u0131l \u00e7ok daha kalabal\u0131k ve tamamlanm\u0131\u015f rotalarla festivale haz\u0131r\u0131z. Uzun y\u0131llar turizm olarak trekking sevdal\u0131lar\u0131n\u0131 bir araya getirece\u011fine inand\u0131\u011f\u0131m bu projenin payda\u015flar\u0131yla ne gerekiyorsa her zaman destek olmaya devam edece\u011fiz. Bu projede eme\u011fi ge\u00e7en, \u015fu an burada \u00fclkemizin her yerinden misafir do\u011faseverlerle bulu\u015fturan Mete Din\u00e7&#8217;e ve ekibine \u00e7ok te\u015fekk\u00fcr ediyorum.&#8221;<\/p>\n<p><img decoding=\"async\" alt=\"\" src=\"https:\/\/www.aa.com.tr\/uploads\/userFiles\/96f91bbd-282f-4a24-a12c-1b1092cfeb3b\/009_2023%2F03_2023%2F27_Ekim%2F25%2F20231005_2_60549532_93364963.jpg\"\/><\/p>\n<p>&#8220;Tanr\u0131\u00e7a Artemis&#8217;in \u00fclkesi&#8221; anlam\u0131na gelen Artemea&#8217;n\u0131n, G\u00f6nen&#8217;in antik \u00e7a\u011flardaki ad\u0131 oldu\u011funu hat\u0131rlatan Palaz, y\u00fcr\u00fcy\u00fc\u015f yolunun il\u00e7e s\u0131n\u0131rlar\u0131 i\u00e7indeki Geyikli, Y\u00f6r\u00fckke\u00e7idere, Derek\u00f6y, \u00c7\u0131\u011fm\u0131\u015f, \u015earoluk, Beyoluk ve Tahtal\u0131 k\u0131rsal mahallelerinde molal\u0131 g\u00fczergahlardan olu\u015ftu\u011funu s\u00f6zlerine ekledi.<\/p>\n<p><img decoding=\"async\" alt=\"\" src=\"https:\/\/www.aa.com.tr\/uploads\/userFiles\/96f91bbd-282f-4a24-a12c-1b1092cfeb3b\/009_2023%2F03_2023%2F27_Ekim%2F25%2F20231005_2_60549532_93364964.jpg\"\/><\/p>\n<p>Dernek Ba\u015fkan\u0131 Din\u00e7 ise 276 kilometrede farkl\u0131 zorluk derecesine sahip parkurlar\u0131n bulundu\u011funu dile getirdi.<\/p>\n<p><img decoding=\"async\" alt=\"\" src=\"https:\/\/www.aa.com.tr\/uploads\/userFiles\/96f91bbd-282f-4a24-a12c-1b1092cfeb3b\/009_2023%2F03_2023%2F27_Ekim%2F25%2F20231005_2_60549532_93364969.jpg\"\/><\/p>\n<p>G\u00fczergahlar boyunca farkl\u0131 co\u011frafyalar\u0131n g\u00f6r\u00fclebilece\u011fini anlatan Din\u00e7, &#8220;Kay\u0131n, me\u015fe, \u00e7am, kestane ormanlar\u0131, makilik ve kayal\u0131k b\u00f6lgeler, kanyonlar, dereler, \u015felaleler gibi alanlar var. Ayr\u0131ca kapl\u0131calar\u0131 ile \u00fcnl\u00fc bu il\u00e7emizin kapl\u0131calar\u0131nda, y\u00fcr\u00fcy\u00fc\u015f yorgunlu\u011funu da atman\u0131z m\u00fcmk\u00fcn olacakt\u0131r. Yolun en temel \u00f6zelli\u011fi ise T\u00fcrkiye&#8217;nin belki de en sulu y\u00fcr\u00fcy\u00fc\u015f yolu olmas\u0131d\u0131r.&#8221; diye konu\u015ftu.<\/p>\n<p>                            <span class=\"detay-foto-editor\">&#13;<br \/>\n                                <a href=\"https:\/\/www.aa.com.tr\/tr\/p\/abonelik-talep-formu\/1001\" target=\"_blank\" style=\"font-size:12px; color:#444; text-decoration:none;\" rel=\"noopener\">&#13;<br \/>\n                                    Anadolu Ajans\u0131 web sitesinde, AA Haber Ak\u0131\u015f Sistemi (HAS) \u00fczerinden abonelere sunulan haberler, \u00f6zetlenerek yay\u0131mlanmaktad\u0131r. <b style=\"color:#1897F7\">Abonelik i\u00e7in l\u00fctfen ileti\u015fime ge\u00e7iniz.<\/b>&#13;<br \/>\n                                <\/a>&#13;<br \/>\n                            <\/span>\n                        <\/div>\n<p><script>\n\t  window.fbAsyncInit = function() {\n\t\tFB.init({\n\t\t  appId: '1855843514662870',\n\t\t  status : true, \/\/ check login status\n\t\t  cookie : true, \/\/ enable cookies to allow the server to access the session\n\t\t  xfbml  : true  \/\/ parse XFBML\n\t\t});\n\t  };<\/p>\n<p>\t  (function() {\n\t\tvar e = document.createElement('script');\n\t\te.src=\"https:\/\/connect.facebook.net\/tr_TR\/all.js\";\n\t\te.async = true;\n\t\tdocument.getElementById('fb-root').appendChild(e);\n\t  }());\n    <\/script><\/p>\n","protected":false},"excerpt":{"rendered":"<p>G\u00f6nen Kaymakaml\u0131\u011f\u0131 ve Belediyesi, Beykent \u00dcniversitesi, Artemea Da\u011fc\u0131l\u0131k ve Do\u011fa Sporlar\u0131 Kul\u00fcb\u00fc i\u015fbirli\u011fiyle uzun s\u00fcren \u00e7al\u0131\u015fmalar sonucu k\u00fcresel konumlama sistemi (GPS) ve do\u011fal i\u015faretleme teknikleriyle haz\u0131rlanan parkurlar 276 kilometreden olu\u015fuyor. T\u00fcrkiye&#8217;nin d\u00f6rt bir yan\u0131ndan gelen do\u011fa tutkunlar\u0131, 8 Ekim&#8217;de sona erecek festival i\u00e7in Derek\u00f6y Mesire Alan\u0131&#8217;nda kamp kurdu. G\u00f6nen Kaymakam\u0131 Arslan Yurt, festivalin a\u00e7\u0131l\u0131\u015f\u0131nda, do\u011faseverleri [&hellip;]<\/p>\n","protected":false},"author":1,"featured_media":16186,"comment_status":"","ping_status":"","sticky":false,"template":"","format":"standard","meta":[],"categories":[50],"tags":[],"_links":{"self":[{"href":"https:\/\/kraios.app\/news\/wp-json\/wp\/v2\/posts\/16185"}],"collection":[{"href":"https:\/\/kraios.app\/news\/wp-json\/wp\/v2\/posts"}],"about":[{"href":"https:\/\/kraios.app\/news\/wp-json\/wp\/v2\/types\/post"}],"author":[{"embeddable":true,"href":"https:\/\/kraios.app\/news\/wp-json\/wp\/v2\/users\/1"}],"replies":[{"embeddable":true,"href":"https:\/\/kraios.app\/news\/wp-json\/wp\/v2\/comments?post=16185"}],"version-history":[{"count":0,"href":"https:\/\/kraios.app\/news\/wp-json\/wp\/v2\/posts\/16185\/revisions"}],"wp:featuredmedia":[{"embeddable":true,"href":"https:\/\/kraios.app\/news\/wp-json\/wp\/v2\/media\/16186"}],"wp:attachment":[{"href":"https:\/\/kraios.app\/news\/wp-json\/wp\/v2\/media?parent=16185"}],"wp:term":[{"taxonomy":"category","embeddable":true,"href":"https:\/\/kraios.app\/news\/wp-json\/wp\/v2\/categories?post=16185"},{"taxonomy":"post_tag","embeddable":true,"href":"https:\/\/kraios.app\/news\/wp-json\/wp\/v2\/tags?post=16185"}],"curies":[{"name":"wp","href":"https:\/\/api.w.org\/{rel}","templated":true}]}}