{"id":16139,"date":"2023-10-05T11:09:47","date_gmt":"2023-10-05T11:09:47","guid":{"rendered":"https:\/\/kraios.app\/news\/siyaset\/2023\/10\/05\/bir-anayasanin-referanduma-goturulmeden-yururluge-konulmasi-dusunulemez\/"},"modified":"2023-10-05T11:09:47","modified_gmt":"2023-10-05T11:09:47","slug":"bir-anayasanin-referanduma-goturulmeden-yururluge-konulmasi-dusunulemez","status":"publish","type":"post","link":"https:\/\/kraios.app\/news\/siyaset\/2023\/10\/05\/bir-anayasanin-referanduma-goturulmeden-yururluge-konulmasi-dusunulemez\/","title":{"rendered":"Bir anayasan\u0131n referanduma g\u00f6t\u00fcr\u00fclmeden y\u00fcr\u00fcrl\u00fc\u011fe konulmas\u0131 d\u00fc\u015f\u00fcn\u00fclemez"},"content":{"rendered":"<p><\/p>\n<div>\n<p>Yaz\u0131c\u0131, AA muhabirinin, yeni anayasa \u00e7al\u0131\u015fmalar\u0131na ili\u015fkin sorular\u0131n\u0131 yan\u0131tlad\u0131.<\/p>\n<p>Yeni anayasa \u00fczerinde birka\u00e7 y\u0131ld\u0131r \u00e7al\u0131\u015f\u0131ld\u0131\u011f\u0131n\u0131, haz\u0131rlanan tasla\u011f\u0131n g\u00f6zden ge\u00e7irildi\u011fini ve metnin okundu\u011funu belirten Yaz\u0131c\u0131, tasla\u011f\u0131n, dile getirilen eksikler ve \u00f6nerilerle madde madde yeniden ele al\u0131nd\u0131\u011f\u0131n\u0131 dile getirdi.<\/p>\n<p>Anayasan\u0131n de\u011fi\u015ftirilmesinin, her zaman T\u00fcrkiye&#8217;nin g\u00fcndeminde oldu\u011funa i\u015faret eden Yaz\u0131c\u0131, &#8220;\u00c7\u00fcnk\u00fc anayasalar \u00e7ok \u00f6nemli bir i\u015flev g\u00f6ren normlar b\u00fct\u00fcn\u00fc. Anayasa, bir \u00fclkenin tabiri caizse makinesidir. Devletin ayg\u0131tlar\u0131, \u00e7al\u0131\u015fmalar\u0131, g\u00f6rev ve yetkilerinin belirlendi\u011fi, herkesi ba\u011flayan, ki\u015filerin hak ve \u00f6zg\u00fcrl\u00fcklerinin g\u00fcvence alt\u0131na al\u0131nd\u0131\u011f\u0131, di\u011fer yasama faaliyetlerinin dikkate almas\u0131 gerekti\u011fi bir \u00fcst norm, metin.&#8221; dedi.<\/p>\n<p>Hayati Yaz\u0131c\u0131, anayasan\u0131n, egemenli\u011fin sahibi olan millet taraf\u0131ndan yap\u0131lmas\u0131 gerekti\u011finin alt\u0131n\u0131 \u00e7izerek, &#8220;Egemenlik millete ait, anayasay\u0131 da millet yapar. Kendi hak ve hukukunun g\u00fcvence alt\u0131na al\u0131nmas\u0131, devlet organlar\u0131n\u0131n i\u015fleyi\u015fi, devlet birey ili\u015fkileri, bunu yapmak millete ait. Anayasa yapmak vazge\u00e7ilmez, devredilmez bir millet hakk\u0131d\u0131r. Buna herhalde itiraz edecek kimse yok. Millet bu hakk\u0131n\u0131 kullanabilmeli.&#8221; de\u011ferlendirmesinde bulundu.<\/p>\n<p>AK Parti Genel Ba\u015fkan Yard\u0131mc\u0131s\u0131 Yaz\u0131c\u0131, 1921, 1924, 1961 anayasalar\u0131 ile mevcut 1982 Anayasas\u0131n\u0131n, ya ola\u011fan\u00fcst\u00fc d\u00f6nemlerde ya farkl\u0131 kompozisyonlarda ya da darbeler sonucu darbeciler taraf\u0131ndan yap\u0131ld\u0131\u011f\u0131na dikkati \u00e7ekti.<\/p>\n<p>Mevcut Anayasa&#8217;da 23 kez de\u011fi\u015fiklik yap\u0131ld\u0131\u011f\u0131n\u0131, bu kapsamda 70-80 maddenin de\u011fi\u015ftirildi\u011fini hat\u0131rlatan Yaz\u0131c\u0131, Anayasa&#8217;n\u0131n &#8220;yamal\u0131 boh\u00e7a&#8221;ya d\u00f6n\u00fc\u015ft\u00fc\u011f\u00fcn\u00fc belirtti.<\/p>\n<h3>&#8220;Millet bu hakk\u0131 kullanabilmeli&#8221;<\/h3>\n<p>Milletin, anayasa yapma hakk\u0131n\u0131 kullanabilmesi gerekti\u011fini dile getiren Yaz\u0131c\u0131, \u015f\u00f6yle devam etti:<\/p>\n<p>&#8220;Siyaset yapanlar, siyasi akt\u00f6rler de milletin bu hakk\u0131n\u0131 kullanmas\u0131na imkan sa\u011flayacak bir alan, bir zemin olu\u015fturmal\u0131. Anayasa&#8217;n\u0131n Meclis&#8217;ten ge\u00e7mesi say\u0131sal verilere ba\u011fl\u0131. Bu say\u0131sal veriler itibar\u0131yla da Cumhur \u0130ttifak\u0131 tek ba\u015f\u0131na yeterli de\u011fil. Mutlaka di\u011fer partilerin deste\u011fini almas\u0131 laz\u0131m.<\/p>\n<p>Referandum d\u00fczeyinde olursa 360, referandumsuz s\u0131n\u0131r 400 ve \u00fczeri. Ama bir anayasa de\u011fi\u015fikli\u011finin, ba\u015ftan sona bir anayasa yaz\u0131m\u0131n\u0131n, referanduma g\u00f6t\u00fcr\u00fclmeden y\u00fcr\u00fcrl\u00fc\u011fe konulmas\u0131 d\u00fc\u015f\u00fcn\u00fclemez. Mutlaka referanduma gitmesi gerekiyor. Arzu ederiz 400&#8217;e \u00e7\u0131ks\u0131n, ama yine referanduma gitsin, ihtiyari referanduma gitsin. A&#8217;dan Z&#8217;ye yaz\u0131lm\u0131\u015f yeni bir anayasan\u0131n mutlaka referanduma g\u00f6t\u00fcr\u00fcl\u00fcp, milletin onay\u0131ndan ge\u00e7mesi laz\u0131m. \u00c7\u00fcnk\u00fc o hak millete ait, milletin onu kullanmas\u0131 laz\u0131m.&#8221;<\/p>\n<p>Yaz\u0131c\u0131, yeni anayasa taslak metninde madde say\u0131s\u0131n\u0131n 100&#8217;\u00fcn \u00fczerinde oldu\u011funu vurgulad\u0131.<\/p>\n<p>AK Parti&#8217;li Yaz\u0131c\u0131, Anayasa&#8217;n\u0131n ilk 4 maddesiyle ilgili a\u00e7\u0131klamalara ili\u015fkin ise &#8220;\u0130lk 4 maddeyle hi\u00e7 kimsenin sorunu yok ki.&#8221; diye konu\u015ftu.<\/p>\n<p>                            <span class=\"detay-foto-editor\">&#13;<br \/>\n                                <a href=\"https:\/\/www.aa.com.tr\/tr\/p\/abonelik-talep-formu\/1001\" target=\"_blank\" style=\"font-size:12px; color:#444; text-decoration:none;\" rel=\"noopener\">&#13;<br \/>\n                                    Anadolu Ajans\u0131 web sitesinde, AA Haber Ak\u0131\u015f Sistemi (HAS) \u00fczerinden abonelere sunulan haberler, \u00f6zetlenerek yay\u0131mlanmaktad\u0131r. <b style=\"color:#1897F7\">Abonelik i\u00e7in l\u00fctfen ileti\u015fime ge\u00e7iniz.<\/b>&#13;<br \/>\n                                <\/a>&#13;<br \/>\n                            <\/span>\n                        <\/div>\n<p><script>\n\t  window.fbAsyncInit = function() {\n\t\tFB.init({\n\t\t  appId: '1855843514662870',\n\t\t  status : true, \/\/ check login status\n\t\t  cookie : true, \/\/ enable cookies to allow the server to access the session\n\t\t  xfbml  : true  \/\/ parse XFBML\n\t\t});\n\t  };<\/p>\n<p>\t  (function() {\n\t\tvar e = document.createElement('script');\n\t\te.src=\"https:\/\/connect.facebook.net\/tr_TR\/all.js\";\n\t\te.async = true;\n\t\tdocument.getElementById('fb-root').appendChild(e);\n\t  }());\n    <\/script><\/p>\n","protected":false},"excerpt":{"rendered":"<p>Yaz\u0131c\u0131, AA muhabirinin, yeni anayasa \u00e7al\u0131\u015fmalar\u0131na ili\u015fkin sorular\u0131n\u0131 yan\u0131tlad\u0131. Yeni anayasa \u00fczerinde birka\u00e7 y\u0131ld\u0131r \u00e7al\u0131\u015f\u0131ld\u0131\u011f\u0131n\u0131, haz\u0131rlanan tasla\u011f\u0131n g\u00f6zden ge\u00e7irildi\u011fini ve metnin okundu\u011funu belirten Yaz\u0131c\u0131, tasla\u011f\u0131n, dile getirilen eksikler ve \u00f6nerilerle madde madde yeniden ele al\u0131nd\u0131\u011f\u0131n\u0131 dile getirdi. Anayasan\u0131n de\u011fi\u015ftirilmesinin, her zaman T\u00fcrkiye&#8217;nin g\u00fcndeminde oldu\u011funa i\u015faret eden Yaz\u0131c\u0131, &#8220;\u00c7\u00fcnk\u00fc anayasalar \u00e7ok \u00f6nemli bir i\u015flev g\u00f6ren normlar [&hellip;]<\/p>\n","protected":false},"author":1,"featured_media":16140,"comment_status":"","ping_status":"","sticky":false,"template":"","format":"standard","meta":[],"categories":[47],"tags":[],"_links":{"self":[{"href":"https:\/\/kraios.app\/news\/wp-json\/wp\/v2\/posts\/16139"}],"collection":[{"href":"https:\/\/kraios.app\/news\/wp-json\/wp\/v2\/posts"}],"about":[{"href":"https:\/\/kraios.app\/news\/wp-json\/wp\/v2\/types\/post"}],"author":[{"embeddable":true,"href":"https:\/\/kraios.app\/news\/wp-json\/wp\/v2\/users\/1"}],"replies":[{"embeddable":true,"href":"https:\/\/kraios.app\/news\/wp-json\/wp\/v2\/comments?post=16139"}],"version-history":[{"count":0,"href":"https:\/\/kraios.app\/news\/wp-json\/wp\/v2\/posts\/16139\/revisions"}],"wp:featuredmedia":[{"embeddable":true,"href":"https:\/\/kraios.app\/news\/wp-json\/wp\/v2\/media\/16140"}],"wp:attachment":[{"href":"https:\/\/kraios.app\/news\/wp-json\/wp\/v2\/media?parent=16139"}],"wp:term":[{"taxonomy":"category","embeddable":true,"href":"https:\/\/kraios.app\/news\/wp-json\/wp\/v2\/categories?post=16139"},{"taxonomy":"post_tag","embeddable":true,"href":"https:\/\/kraios.app\/news\/wp-json\/wp\/v2\/tags?post=16139"}],"curies":[{"name":"wp","href":"https:\/\/api.w.org\/{rel}","templated":true}]}}