{"id":16135,"date":"2023-10-05T11:07:02","date_gmt":"2023-10-05T11:07:02","guid":{"rendered":"https:\/\/kraios.app\/news\/spor\/2023\/10\/05\/tete-transferi-legal-bir-transferdir\/"},"modified":"2023-10-05T11:07:02","modified_gmt":"2023-10-05T11:07:02","slug":"tete-transferi-legal-bir-transferdir","status":"publish","type":"post","link":"https:\/\/kraios.app\/news\/spor\/2023\/10\/05\/tete-transferi-legal-bir-transferdir\/","title":{"rendered":"Tete transferi legal bir transferdir"},"content":{"rendered":"<p><\/p>\n<div>\n<p>RAMS Park&#8217;ta EKMAS Group ile ger\u00e7ekle\u015ftirilen sponsorluk anla\u015fmas\u0131n\u0131n ard\u0131ndan g\u00fcndeme ili\u015fkin sorular\u0131 yan\u0131tlayan Galatasaray Ba\u015fkan\u0131 Dursun \u00d6zbek, Fenerbah\u00e7e Ba\u015fkan\u0131 Ali Ko\u00e7&#8217;un konuk oldu\u011fu televizyon program\u0131n enteresan oldu\u011funu vurgulad\u0131.<\/p>\n<p>Fenerbah\u00e7e Y\u00fcksek Divan Kurulu Ba\u015fkan\u0131 U\u011fur D\u00fcndar&#8217;\u0131n program moderat\u00f6rl\u00fc\u011f\u00fcn\u00fc yapt\u0131\u011f\u0131n\u0131, Fenerbah\u00e7e Kul\u00fcb\u00fc Ba\u015fkan\u0131 Ali Ko\u00e7&#8217;un da sorular\u0131 cevaplayan ki\u015fi oldu\u011funu ifade eden \u00d6zbek, \u015f\u00f6yle devam etti:<\/p>\n<p>&#8220;\u0130thamlar\u0131n i\u00e7eri\u011finden \u00e7ok kompozisyona dikkat etmek laz\u0131m. Nereden ba\u015flayaca\u011f\u0131m konusunu hala kafamda \u00e7eviriyorum. Bug\u00fcne kadar Say\u0131n Ba\u015fkan tek ba\u015f\u0131na televizyon programlar\u0131nda, divan kurulu toplant\u0131lar\u0131nda konu\u015ftu. D\u00fcn ak\u015famki program bana biraz Hacivat-Karag\u00f6z orta oyununu an\u0131msatt\u0131. Bilirsiniz orta oyunda her \u015fey \u00f6nden haz\u0131rlan\u0131p konu\u015fulurdu. Her \u015fey \u00f6nceden tasarlan\u0131rd\u0131. Belli replikleri vard\u0131. Bu oyunu izleyenler, Hacivat bir \u015fey dedi\u011finde Karag\u00f6z&#8217;\u00fcn ne cevap verece\u011fini bilirlerdi. D\u00fcn ak\u015famki program da b\u00f6yle bir program oldu. Bitmek t\u00fckenmek bilmeyen yak\u0131\u015ft\u0131rmalar, iftiralar pe\u015fi s\u0131ra geldi. Buna al\u0131\u015fm\u0131\u015ft\u0131k. Ge\u00e7mi\u015fte de bu ifadeleri kullan\u0131yordu. Bunun art\u0131k orta oyunu seviyesine indi\u011fini d\u00fc\u015f\u00fcn\u00fcyorum.&#8221;<\/p>\n<p>Fenerbah\u00e7e Kul\u00fcb\u00fc Ba\u015fkan\u0131 Ali Ko\u00e7&#8217;un s\u00fcrekli olarak sistemi ve T\u00fcrkiye Futbol Federasyonunu (TFF) bask\u0131 alt\u0131na almaya \u00e7al\u0131\u015ft\u0131\u011f\u0131n\u0131 ileri s\u00fcren Dursun \u00d6zbek, a\u00e7\u0131klamalar\u0131n\u0131 \u015fu \u015fekilde s\u00fcrd\u00fcrd\u00fc:<\/p>\n<p>&#8220;Herkesi eli kanl\u0131 ter\u00f6r \u00f6rg\u00fct\u00fcyle ili\u015fkilendirmeye \u00e7al\u0131\u015fan bir ba\u015fkan var. Kendisi ayn\u0131 zamanda Kul\u00fcpler Birli\u011fi Vakf\u0131 ba\u015fkan\u0131. E\u011fer ithamlar\u0131n\u0131z varsa, burada gerek\u00e7eleri de ortaya koyman\u0131z laz\u0131m. \u0130nsanlar\u0131 itham ederek bir yere varmak m\u00fcmk\u00fcn de\u011fil. \u0130\u015f \u00e7ok tehlikeli bir boyuta getirilmeye \u00e7al\u0131\u015f\u0131l\u0131yor. Bizim i\u015fimiz sahada m\u00fccadele etmek, birbirimizi orada yenmeye \u00e7al\u0131\u015fmak. \u0130\u015fi farkl\u0131 boyuta \u00e7ekerek bir yere varmam\u0131z m\u00fcmk\u00fcn de\u011fil. Tabii Say\u0131n Ali Ko\u00e7&#8217;un muhatab\u0131 TFF&#8217;dir. Yapt\u0131\u011f\u0131 ithamlar\u0131n b\u00fcy\u00fck k\u0131sm\u0131 federasyonla ilgili. Benzer sorular\u0131 federasyon ba\u015fkan\u0131na, yetkililere sorman\u0131z gerekiyor. Say\u0131n ba\u015fkanla toplant\u0131larda bir araya geliyoruz. Orada \u00f6zellikle federasyonla ilgili kulland\u0131\u011f\u0131 ifadelerle d\u00fcn kulland\u0131\u011f\u0131 ifadeler aras\u0131nda b\u00fcy\u00fck \u00e7eli\u015fki var. Hangisi do\u011fru? Kul\u00fcpler Birli\u011fi Vakf\u0131&#8217;nda bize ifade ettiklerin mi do\u011fru, yoksa d\u00fcnk\u00fc ifade ettiklerin mi? Kul\u00fcpler Birli\u011fi Vakf\u0131 ba\u015fkan\u0131 olarak kucaklay\u0131c\u0131 olman laz\u0131m.&#8221;<\/p>\n<h3>&#8220;Baz\u0131 kul\u00fcplerin FET\u00d6&#8217;yle ili\u015fkili oldu\u011funu s\u00f6ylemekle neyi anlatmaya \u00e7al\u0131\u015f\u0131yorsunuz?&#8221;<\/h3>\n<p>Ali Ko\u00e7&#8217;un Kul\u00fcpler Birli\u011fi Vakf\u0131 ba\u015fkan\u0131 olarak T\u00fcrk futboluna bar\u0131\u015f\u0131 ve sevgiyi getirmesi gerekti\u011fini s\u00f6yleyen \u00d6zbek, s\u00f6zlerini \u015f\u00f6yle s\u00fcrd\u00fcrd\u00fc:<\/p>\n<p>&#8220;Baz\u0131 kul\u00fcplerin FET\u00d6&#8217;yle ili\u015fkili oldu\u011funu s\u00f6ylemekle neyi anlatmaya \u00e7al\u0131\u015f\u0131yorsunuz? T\u00fcrkiye topyekun m\u00fccadele i\u00e7indeyken bu s\u00f6yleminiz, yapt\u0131\u011f\u0131n\u0131z g\u00f6revle ba\u011fda\u015fm\u0131yor. Umar\u0131m bundan sonraki toplant\u0131lar\u0131m\u0131zda bu konuya dikkat edersiniz. Bu konunun T\u00fcrk futboluna hi\u00e7bir fayda getirmedi\u011fini s\u00f6ylemek istiyorum. Galatasaray&#8217;\u0131n g\u00f6r\u00fc\u015f\u00fc her zaman bar\u0131\u015f ve sevgiden yana olmu\u015ftur. Futbolla ilgili a\u00e7\u0131klamalar\u0131na da zaten al\u0131\u015ft\u0131k. Daha ligler ba\u015flamadan hakemleri ve sistemi etki alt\u0131na almaya \u00e7al\u0131\u015ft\u0131lar. Evet Trabzonspor ma\u00e7\u0131ndan sonra ben de baz\u0131 ifadeler kulland\u0131m. O g\u00fcn bu ifadelere gereksinim vard\u0131. Hakemleri ve VAR sistemini \u00f6n plana al\u0131p, devaml\u0131 bask\u0131 uygulama a\u015famas\u0131ndalar. Art\u0131k bunun terk edilmesi gerekti\u011fini d\u00fc\u015f\u00fcn\u00fcyorum. Cumhuriyetimizin 100. y\u0131l\u0131nda bir k\u0131sm\u0131n\u0131 idrak etti\u011fimiz futbol sezonunun b\u00fct\u00fcn kul\u00fcplere bar\u0131\u015f ve sevgi getirmesini diliyorum.&#8221;<\/p>\n<p>Sar\u0131-k\u0131rm\u0131z\u0131l\u0131 kul\u00fcb\u00fcn, T\u00fcrkiye Bankalar Birli\u011fi (TBB) anla\u015fmas\u0131ndan \u00e7\u0131kma hedefine emin ad\u0131mlarla gitti\u011fini de s\u00f6zlerine ekleyen \u00d6zbek, \u015funlar\u0131 s\u00f6yledi:<\/p>\n<p>&#8220;Galatasaray&#8217;\u0131 di\u011fer kul\u00fcplerden ayr\u0131\u015ft\u0131ran bir konu var. Say\u0131n Ali Ko\u00e7, Say\u0131n Ahmet Nur \u00c7ebi ve Say\u0131n Ertu\u011frul Do\u011fan&#8217;la birlikte Maliye Bakan\u0131 Say\u0131n Mehmet \u015eim\u015fek&#8217;i ziyarete gittik. Kul\u00fcplerin mali yap\u0131s\u0131n\u0131n d\u00fczelmesi konusunu g\u00f6r\u00fc\u015ft\u00fck. Etrafl\u0131ca tart\u0131\u015f\u0131ld\u0131. Kul\u00fcplerin gerekli, gereksiz bir harcama i\u00e7inde oldu\u011fu alg\u0131s\u0131 var. Galatasaray olarak buna cevap vermek zorunday\u0131z. Galatasaray olarak iyi transferler yap\u0131yoruz, iyi bonservis ve iyi maa\u015fla bu m\u00fcmk\u00fcn oluyor. Kul\u00fcplerin istenilen ba\u015far\u0131lar\u0131 yakalamas\u0131 i\u00e7in bunun gerekli oldu\u011funu d\u00fc\u015f\u00fcn\u00fcyorum. Say\u0131n Bakan ile konu\u015ftu\u011fumuz konulardan birisi buydu. Galatasaray&#8217;\u0131n daha \u00f6nce yapt\u0131\u011f\u0131 yap\u0131land\u0131rma anla\u015fmas\u0131n\u0131n esnetilmesini de konu\u015ftuk. Ama Galatasaray&#8217;\u0131n iddias\u0131 \u015fu, Galatasaray, bu yap\u0131land\u0131rmadan \u00e7\u0131kmak istiyor. Projeleri de Bakan\u0131m\u0131za anlatt\u0131m. Elimizi kolumuzu ba\u011flayan yap\u0131land\u0131rma anla\u015fmas\u0131ndan \u00e7\u0131kma arzusunda olan tek kul\u00fcp Galatasaray. Ge\u00e7mi\u015fte bu anla\u015fman\u0131n faydal\u0131 oldu\u011fu, faizinin \u00e7ok d\u00fc\u015f\u00fck oldu\u011fu konusu g\u00fcndemdeydi. Ama bug\u00fcn geldi\u011fimiz noktada bu da art\u0131k kalmam\u0131\u015ft\u0131r. \u00c7ok k\u0131sa s\u00fcrede bu anla\u015fmadan \u00e7\u0131kaca\u011f\u0131z.&#8221;<\/p>\n<h3>&#8220;Tete transferi legal bir transferdir&#8221;<\/h3>\n<p>Manchester United deplasman\u0131nda \u0130ngiliz yetkililerin havaliman\u0131nda kafileye uygulad\u0131\u011f\u0131 tav\u0131rla ilgili olarak kendisini \u015fu ana kadar kimsenin aramad\u0131\u011f\u0131n\u0131 s\u00f6yleyen Dursun \u00d6zbek, rahats\u0131zl\u0131\u011f\u0131 nedeniyle deplasmana gidemedi\u011fini ve bu konuyla ilgili a\u00e7\u0131klamaya Erden Timur&#8217;un yapmas\u0131n\u0131n daha uygun olaca\u011f\u0131n\u0131 ifade etti.<\/p>\n<p>Tete transferiyle ilgili olarak oyuncunun eski kul\u00fcb\u00fc Ukrayna ekibi Shakhtar Donetsk&#8217;in FIFA&#8217;ya ba\u015fvurmas\u0131 hakk\u0131nda da konu\u015fan \u00d6zbek, s\u00f6zlerini \u015f\u00f6yle noktalad\u0131:<\/p>\n<p>&#8220;Tete transferinde son derece hukuksal boyutu ge\u00e7erli olan uluslararas\u0131 boyuttaki kurumlardan g\u00f6r\u00fc\u015f ald\u0131k. Oyuncusunu kaybeden her tak\u0131m\u0131n belli bir yakla\u015f\u0131m\u0131 vard\u0131r. Konuyla ilgili endi\u015femiz bulunmamaktad\u0131r. Tete transferi legal bir transferdir. Zaten b\u00f6yle olmasayd\u0131 federasyon, oyuncunun T\u00fcrkiye&#8217;de oynamas\u0131na izin vermezdi.&#8221;<\/p>\n<h3>Erden Timur: &#8220;\u00dclkemiz i\u00e7in g\u00f6sterdi\u011fimiz tav\u0131r, \u015eampiyonlar Ligi \u015fampiyonu olmaktan daha \u00f6nemlidir&#8221;\u200b\u200b\u200b\u200b\u200b\u200b\u200b<\/h3>\n<p>UEFA \u015eampiyonlar Ligi&#8217;nde Manchester United ile oynanan ma\u00e7 \u00f6ncesinde ve sonras\u0131nda yap\u0131lan uygulamalar hakk\u0131nda konu\u015fan Galatasaray Sportif A\u015e Ba\u015fkan Vekili Erden Timur, ya\u015fananlar\u0131n sistematik bir \u015fekilde ger\u00e7ekle\u015ftirildi\u011finin alt\u0131n\u0131 \u00e7izdi.<\/p>\n<p>Vize s\u00fcrecinde de ciddi zorluklar\u0131n olu\u015fturuldu\u011funu ifade eden Timur, \u015fu a\u00e7\u0131klamay\u0131 yapt\u0131:<\/p>\n<p>&#8220;\u00dclkeye giri\u015fte de sorun olmu\u015ftu, d\u00f6nerken i\u015f iyice z\u0131vanadan \u00e7\u0131kt\u0131. Temel konu g\u00fcvenlik tedbiri de\u011fil, g\u00f6sterilen davran\u0131\u015f. Son derece gayriahlaki, hadsizce ve terbiyesizceydi. Bu davran\u0131\u015flara yakla\u015f\u0131k 3 saat maruz kald\u0131k. Bu durum \u00fclkemize kar\u015f\u0131 g\u00f6sterilen bir tav\u0131r. Bunu net \u015fekilde g\u00f6rd\u00fck. Kimsenin b\u00f6yle bir haddi yok. Gereken tepkiyi g\u00f6sterdik. Herkes ge\u00e7tikten sonra, bize bu davran\u0131\u015f\u0131 sergileyenleri tek tek hizaya soktuk. Buradaki kameralar\u0131n incelenmesinden hukuki haklar\u0131n kullan\u0131lmas\u0131na kadar konunun takip\u00e7isi olmak gerekiyor. Size yap\u0131lana kar\u015f\u0131l\u0131k vermek laz\u0131m. Normalde k\u00fclt\u00fcr\u00fcm\u00fcz b\u00f6yle de\u011fildir ama gerekli tav\u0131r g\u00f6sterilecektir. Bundan \u00f6nce de ya\u015fanm\u0131\u015f ama ses \u00e7\u0131kar\u0131lmam\u0131\u015f. Bundan sonra ya\u015fanmamas\u0131 i\u00e7in gerekli sesi \u00e7\u0131karaca\u011f\u0131z. \u00dclkemiz i\u00e7in g\u00f6sterdi\u011fimiz tav\u0131r, \u015eampiyonlar Ligi \u015fampiyonu olmaktan daha \u00f6nemlidir. Bu konuda her platformda sesimizi \u00e7\u0131karmaya devam edece\u011fiz.&#8221;<\/p>\n<p>                            <span class=\"detay-foto-editor\">&#13;<br \/>\n                                <a href=\"https:\/\/www.aa.com.tr\/tr\/p\/abonelik-talep-formu\/1001\" target=\"_blank\" style=\"font-size:12px; color:#444; text-decoration:none;\" rel=\"noopener\">&#13;<br \/>\n                                    Anadolu Ajans\u0131 web sitesinde, AA Haber Ak\u0131\u015f Sistemi (HAS) \u00fczerinden abonelere sunulan haberler, \u00f6zetlenerek yay\u0131mlanmaktad\u0131r. <b style=\"color:#1897F7\">Abonelik i\u00e7in l\u00fctfen ileti\u015fime ge\u00e7iniz.<\/b>&#13;<br \/>\n                                <\/a>&#13;<br \/>\n                            <\/span>\n                        <\/div>\n<p><script>\n\t  window.fbAsyncInit = function() {\n\t\tFB.init({\n\t\t  appId: '1855843514662870',\n\t\t  status : true, \/\/ check login status\n\t\t  cookie : true, \/\/ enable cookies to allow the server to access the session\n\t\t  xfbml  : true  \/\/ parse XFBML\n\t\t});\n\t  };<\/p>\n<p>\t  (function() {\n\t\tvar e = document.createElement('script');\n\t\te.src=\"https:\/\/connect.facebook.net\/tr_TR\/all.js\";\n\t\te.async = true;\n\t\tdocument.getElementById('fb-root').appendChild(e);\n\t  }());\n    <\/script><\/p>\n","protected":false},"excerpt":{"rendered":"<p>RAMS Park&#8217;ta EKMAS Group ile ger\u00e7ekle\u015ftirilen sponsorluk anla\u015fmas\u0131n\u0131n ard\u0131ndan g\u00fcndeme ili\u015fkin sorular\u0131 yan\u0131tlayan Galatasaray Ba\u015fkan\u0131 Dursun \u00d6zbek, Fenerbah\u00e7e Ba\u015fkan\u0131 Ali Ko\u00e7&#8217;un konuk oldu\u011fu televizyon program\u0131n enteresan oldu\u011funu vurgulad\u0131. Fenerbah\u00e7e Y\u00fcksek Divan Kurulu Ba\u015fkan\u0131 U\u011fur D\u00fcndar&#8217;\u0131n program moderat\u00f6rl\u00fc\u011f\u00fcn\u00fc yapt\u0131\u011f\u0131n\u0131, Fenerbah\u00e7e Kul\u00fcb\u00fc Ba\u015fkan\u0131 Ali Ko\u00e7&#8217;un da sorular\u0131 cevaplayan ki\u015fi oldu\u011funu ifade eden \u00d6zbek, \u015f\u00f6yle devam etti: &#8220;\u0130thamlar\u0131n [&hellip;]<\/p>\n","protected":false},"author":1,"featured_media":0,"comment_status":"","ping_status":"","sticky":false,"template":"","format":"standard","meta":[],"categories":[48],"tags":[],"_links":{"self":[{"href":"https:\/\/kraios.app\/news\/wp-json\/wp\/v2\/posts\/16135"}],"collection":[{"href":"https:\/\/kraios.app\/news\/wp-json\/wp\/v2\/posts"}],"about":[{"href":"https:\/\/kraios.app\/news\/wp-json\/wp\/v2\/types\/post"}],"author":[{"embeddable":true,"href":"https:\/\/kraios.app\/news\/wp-json\/wp\/v2\/users\/1"}],"replies":[{"embeddable":true,"href":"https:\/\/kraios.app\/news\/wp-json\/wp\/v2\/comments?post=16135"}],"version-history":[{"count":0,"href":"https:\/\/kraios.app\/news\/wp-json\/wp\/v2\/posts\/16135\/revisions"}],"wp:attachment":[{"href":"https:\/\/kraios.app\/news\/wp-json\/wp\/v2\/media?parent=16135"}],"wp:term":[{"taxonomy":"category","embeddable":true,"href":"https:\/\/kraios.app\/news\/wp-json\/wp\/v2\/categories?post=16135"},{"taxonomy":"post_tag","embeddable":true,"href":"https:\/\/kraios.app\/news\/wp-json\/wp\/v2\/tags?post=16135"}],"curies":[{"name":"wp","href":"https:\/\/api.w.org\/{rel}","templated":true}]}}