{"id":16126,"date":"2023-10-05T11:04:24","date_gmt":"2023-10-05T11:04:24","guid":{"rendered":"https:\/\/kraios.app\/news\/yasam\/2023\/10\/05\/uzun-sureli-bakim-guvence-sistemi-amacimiz-vatandasimizin-faydasini-gozeten-bir-sistem-kurmak\/"},"modified":"2023-10-05T11:04:24","modified_gmt":"2023-10-05T11:04:24","slug":"uzun-sureli-bakim-guvence-sistemi-amacimiz-vatandasimizin-faydasini-gozeten-bir-sistem-kurmak","status":"publish","type":"post","link":"https:\/\/kraios.app\/news\/yasam\/2023\/10\/05\/uzun-sureli-bakim-guvence-sistemi-amacimiz-vatandasimizin-faydasini-gozeten-bir-sistem-kurmak\/","title":{"rendered":"(Uzun S\u00fcreli Bak\u0131m G\u00fcvence Sistemi) Amac\u0131m\u0131z vatanda\u015f\u0131m\u0131z\u0131n faydas\u0131n\u0131 g\u00f6zeten bir sistem kurmak"},"content":{"rendered":"<p><\/p>\n<div>\n<p><strong>Aile ve Sosyal Hizmetler Bakan\u0131 Mahinur \u00d6zdemir G\u00f6kta\u015f,<\/strong> \u00e7e\u015fitli bakanl\u0131klar ile sivil toplum kurulu\u015flar\u0131n\u0131n temsilcilerinin de yer ald\u0131\u011f\u0131 75. Y\u0131l Huzurevi Ya\u015fl\u0131 Bak\u0131m ve Rehabilitasyon Merkezi&#8217;nde d\u00fczenlenen Engelli Haklar\u0131 \u0130zleme ve De\u011ferlendirme Kurulu Toplant\u0131s\u0131&#8217;na kat\u0131ld\u0131.<\/p>\n<p>Toplant\u0131da konu\u015fan G\u00f6kta\u015f, T\u00fcrkiye&#8217;nin engellilik alan\u0131ndaki ulusal vizyonunu ve yol haritas\u0131n\u0131 ortaya koyan 2030 Engelsiz Vizyon Belgesi&#8217;nin, 3 Aral\u0131k 2021&#8217;de D\u00fcnya Engelliler G\u00fcn\u00fc&#8217;nde Cumhurba\u015fkan\u0131 Recep Tayyip Erdo\u011fan taraf\u0131ndan ilan edildi\u011fini an\u0131msatarak, &#8220;Engelli bireylerin haklar\u0131n\u0131n korunmas\u0131 ve geli\u015ftirilmesi konusunda yasal, kurumsal ve uygulamaya y\u00f6nelik yap\u0131lmas\u0131 gerekenleri, g\u00fc\u00e7l\u00fc bir i\u015fbirli\u011fi, koordinasyon ve en \u00f6nemlisi kat\u0131l\u0131mc\u0131 bir anlay\u0131\u015fla ger\u00e7ekle\u015ftiriyoruz.&#8221; dedi.<\/p>\n<p>Bakan G\u00f6kta\u015f, 2030 Engelsiz Vizyonu&#8217;na verdikleri \u00f6nemin, &#8220;Engelli Haklar\u0131 Ulusal Eylem Plan\u0131&#8221;nda kendini a\u00e7\u0131k\u00e7a g\u00f6sterdi\u011fini ifade ederek, eylem plan\u0131n\u0131n ilk 6 ayl\u0131k d\u00f6neminde ald\u0131klar\u0131 geri bildirimlerin \u0131\u015f\u0131\u011f\u0131nda, Kurul&#8217;un bug\u00fcnk\u00fc toplant\u0131 g\u00fcndemini &#8220;Uzun S\u00fcreli Bak\u0131m G\u00fcvence Sistemi&#8221; olarak belirlediklerini s\u00f6yledi.<\/p>\n<h3>&#8220;\u00dclkede ya\u015fl\u0131 n\u00fcfus ve ya\u015fa ba\u011fl\u0131 engelli birey say\u0131s\u0131 art\u0131yor&#8221;<\/h3>\n<p>T\u00fcm d\u00fcnyada ya\u015fanan demografik d\u00f6n\u00fc\u015f\u00fcmden T\u00fcrkiye&#8217;nin de etkilendi\u011fine i\u015faret eden G\u00f6kta\u015f, \u00fclkede ya\u015fl\u0131 n\u00fcfus oran\u0131 ve ya\u015fa ba\u011fl\u0131 olarak engelli birey say\u0131s\u0131n\u0131n artt\u0131\u011f\u0131n\u0131 bildirdi.<\/p>\n<p>G\u00f6kta\u015f, &#8220;Bizim \u00f6nceli\u011fimiz Bakanl\u0131k olarak, aile odakl\u0131 ve toplum temelli hizmetlerimizi ve uygulamalar\u0131m\u0131z\u0131 g\u00fc\u00e7lendirmektir. Bu kapsamda, evde bak\u0131ma destek, evde bak\u0131m yard\u0131m\u0131, ev tipi sosyal hizmet kurulu\u015flar\u0131 ve g\u00fcnd\u00fczl\u00fc bak\u0131m merkezlerimizi \u00fclke genelinde yayg\u0131nla\u015ft\u0131r\u0131yoruz.&#8221; diye konu\u015ftu.<\/p>\n<p>Evde bak\u0131m yard\u0131m\u0131n\u0131 2006&#8217;dan bu yana vatanda\u015flara sunduklar\u0131n\u0131 hat\u0131rlatan G\u00f6kta\u015f, engelli vatanda\u015flara bak\u0131m hizmeti veren 566 bin ki\u015fiye evde bak\u0131m yard\u0131m\u0131 \u00f6demesi yapt\u0131klar\u0131n\u0131 ifade etti.<\/p>\n<p>G\u00f6kta\u015f, Evde Bak\u0131ma Destek Program\u0131 pilot uygulamas\u0131yla kendi evlerinde ya\u015famlar\u0131n\u0131 s\u00fcrd\u00fcren engelli bireyleri ve bak\u0131m veren aileleri destekleyerek bak\u0131m y\u00fck\u00fcn\u00fc payla\u015ft\u0131klar\u0131n\u0131 belirterek, 3 ilde s\u00fcrd\u00fcrd\u00fckleri pilot uygulamay\u0131 \u00fclke geneline yayg\u0131nla\u015ft\u0131rmay\u0131 hedeflediklerini anlatt\u0131.<\/p>\n<p>\u00dclke genelinde 171 g\u00fcnd\u00fczl\u00fc bak\u0131m merkezinde engelli ve ya\u015fl\u0131 bireylere y\u00f6nelik g\u00fcnd\u00fcz bak\u0131m hizmetinin yan\u0131 s\u0131ra sosyal, k\u00fclt\u00fcrel faaliyetler ile dan\u0131\u015fmanl\u0131k hizmetleri sunduklar\u0131n\u0131 kaydeden G\u00f6kta\u015f, adanm\u0131\u015f hayatlara bir nefes olmak amac\u0131yla bu merkezlerde engelli bireylere g\u00fcnd\u00fczl\u00fc bak\u0131m hizmeti sunarak ailelerin kendilerine vakit ay\u0131rmalar\u0131na destek olduklar\u0131n\u0131 s\u00f6yledi.<\/p>\n<p>G\u00f6kta\u015f, ayr\u0131ca engelli ve ya\u015fl\u0131lar\u0131n ihtiya\u00e7 ve talepleri do\u011frultusunda sunduklar\u0131 yat\u0131l\u0131 bak\u0131m hizmetlerini insan onuruna yak\u0131\u015f\u0131r \u015fekilde s\u00fcrd\u00fcrd\u00fcklerini vurgulad\u0131.<\/p>\n<h3>&#8220;168 huzurevinden yakla\u015f\u0131k 14 bin 500 ya\u015fl\u0131 vatanda\u015f\u0131m\u0131z yararlan\u0131yor&#8221;<\/h3>\n<p>Bakanl\u0131\u011fa ba\u011fl\u0131 107 engelsiz bak\u0131m merkezi ve 309 \u00f6zel engelli bak\u0131m merkezinde yakla\u015f\u0131k 36 bin engelli bireye bak\u0131m hizmeti sunduklar\u0131n\u0131 dile getiren G\u00f6kta\u015f, kanunda belirtilen kriterleri ta\u015f\u0131yan engelli bireyler i\u00e7in \u00f6zel bak\u0131m merkezlerine Bakanl\u0131k b\u00fct\u00e7esinden \u00f6deme yapt\u0131klar\u0131n\u0131 bildirdi. G\u00f6kta\u015f, \u015f\u00f6yle devam etti:<\/p>\n<p>&#8220;Bakanl\u0131\u011f\u0131m\u0131za ba\u011fl\u0131 168 huzurevinden yakla\u015f\u0131k 14 bin 500 ya\u015fl\u0131 vatanda\u015f\u0131m\u0131z yararlan\u0131yor. Tabii ki bu bizim Bakanl\u0131\u011f\u0131m\u0131za d\u00fc\u015fen k\u0131s\u0131m. \u0130\u015fin bir de sa\u011fl\u0131k, ekonomik ve sosyal g\u00fcvenlik, sosyal hayata kat\u0131l\u0131m gibi boyutlar\u0131 da elbette bulunuyor. T\u00fcm bu alanlar etkili ve \u00e7ok tarafl\u0131 i\u015fbirli\u011fini gerektirdi\u011fi gibi ya\u015fam boyu ve b\u00fct\u00fcnc\u00fcl anlay\u0131\u015fla uzun s\u00fcreli bak\u0131m sistemini de i\u015faret ediyor. Uzun s\u00fcreli bak\u0131m sistemi, engelli ve ya\u015fl\u0131 bireylerin bireysel ihtiya\u00e7lar\u0131n\u0131n de\u011ferlendirilmesi sonucu tespit edilen sosyal ve sa\u011fl\u0131k hizmetleri ile ki\u015fisel destekleri kaps\u0131yor. Birey odakl\u0131, toplum temelli, kaliteli, insan onuruna yara\u015f\u0131r ve s\u00fcrd\u00fcr\u00fclebilir &#8216;Uzun S\u00fcreli Bak\u0131m G\u00fcvence Sistemi&#8217;nin olu\u015fturulmas\u0131 \u00e7ok \u00f6nemli hale gelmi\u015ftir.&#8221;<\/p>\n<p>Uzun S\u00fcreli Bak\u0131m G\u00fcvence Sistemi&#8217;nin kurulmas\u0131n\u0131n, 11. Kalk\u0131nma Plan\u0131&#8217;na, Engelli Haklar\u0131 Ulusal Eylem Plan\u0131&#8217;na ve Cumhurba\u015fkanl\u0131\u011f\u0131 Y\u0131ll\u0131k Program\u0131&#8217;na al\u0131nd\u0131\u011f\u0131n\u0131 an\u0131msatan G\u00f6kta\u015f, toplant\u0131n\u0131n akabinde ilgili taraflar\u0131n kat\u0131laca\u011f\u0131 uzman d\u00fczeyinde teknik bir \u00e7al\u0131\u015ftay ger\u00e7ekle\u015ftireceklerini s\u00f6yledi.<\/p>\n<p>G\u00f6kta\u015f, bu konuda uluslararas\u0131 alanda olu\u015fturulmu\u015f sistemler oldu\u011funu ve akademik \u00e7al\u0131\u015fmalar ile saha \u00f6rneklerini yak\u0131ndan takip ettiklerini vurgulayarak, &#8220;Bizim amac\u0131m\u0131z, \u00fclkemizin de\u011ferleriyle uyumlu, devaml\u0131l\u0131\u011f\u0131 olan, vatanda\u015flar\u0131m\u0131z\u0131n faydas\u0131n\u0131 g\u00f6zeten, \u00fclkemize \u00f6zg\u00fc bir sistem kurmakt\u0131r.&#8221; dedi.<\/p>\n<p>Bu toplant\u0131 ve \u00e7al\u0131\u015ftay\u0131n, i\u015fbirli\u011fi ve ortak akla verdikleri \u00f6nemin bir sonucu oldu\u011funu belirten G\u00f6kta\u015f, Kurul b\u00fcnyesinde bir alt \u00e7al\u0131\u015fma grubu kurulaca\u011f\u0131n\u0131, modele ili\u015fkin ayr\u0131nt\u0131l\u0131 bir \u00e7al\u0131\u015fma yap\u0131laca\u011f\u0131n\u0131 ve aral\u0131k ay\u0131ndaki Kurul toplant\u0131s\u0131n\u0131n ayn\u0131 g\u00fcndemle ger\u00e7ekle\u015ftirilece\u011fini anlatt\u0131.<\/p>\n<p>Program, daha sonra bas\u0131na kapal\u0131 devam etti.<\/p>\n<p>                            <span class=\"detay-foto-editor\">&#13;<br \/>\n                                <a href=\"https:\/\/www.aa.com.tr\/tr\/p\/abonelik-talep-formu\/1001\" target=\"_blank\" style=\"font-size:12px; color:#444; text-decoration:none;\" rel=\"noopener\">&#13;<br \/>\n                                    Anadolu Ajans\u0131 web sitesinde, AA Haber Ak\u0131\u015f Sistemi (HAS) \u00fczerinden abonelere sunulan haberler, \u00f6zetlenerek yay\u0131mlanmaktad\u0131r. <b style=\"color:#1897F7\">Abonelik i\u00e7in l\u00fctfen ileti\u015fime ge\u00e7iniz.<\/b>&#13;<br \/>\n                                <\/a>&#13;<br \/>\n                            <\/span>\n                        <\/div>\n<p><script>\n\t  window.fbAsyncInit = function() {\n\t\tFB.init({\n\t\t  appId: '1855843514662870',\n\t\t  status : true, \/\/ check login status\n\t\t  cookie : true, \/\/ enable cookies to allow the server to access the session\n\t\t  xfbml  : true  \/\/ parse XFBML\n\t\t});\n\t  };<\/p>\n<p>\t  (function() {\n\t\tvar e = document.createElement('script');\n\t\te.src=\"https:\/\/connect.facebook.net\/tr_TR\/all.js\";\n\t\te.async = true;\n\t\tdocument.getElementById('fb-root').appendChild(e);\n\t  }());\n    <\/script><\/p>\n","protected":false},"excerpt":{"rendered":"<p>Aile ve Sosyal Hizmetler Bakan\u0131 Mahinur \u00d6zdemir G\u00f6kta\u015f, \u00e7e\u015fitli bakanl\u0131klar ile sivil toplum kurulu\u015flar\u0131n\u0131n temsilcilerinin de yer ald\u0131\u011f\u0131 75. Y\u0131l Huzurevi Ya\u015fl\u0131 Bak\u0131m ve Rehabilitasyon Merkezi&#8217;nde d\u00fczenlenen Engelli Haklar\u0131 \u0130zleme ve De\u011ferlendirme Kurulu Toplant\u0131s\u0131&#8217;na kat\u0131ld\u0131. Toplant\u0131da konu\u015fan G\u00f6kta\u015f, T\u00fcrkiye&#8217;nin engellilik alan\u0131ndaki ulusal vizyonunu ve yol haritas\u0131n\u0131 ortaya koyan 2030 Engelsiz Vizyon Belgesi&#8217;nin, 3 Aral\u0131k 2021&#8217;de [&hellip;]<\/p>\n","protected":false},"author":1,"featured_media":0,"comment_status":"","ping_status":"","sticky":false,"template":"","format":"standard","meta":[],"categories":[50],"tags":[],"_links":{"self":[{"href":"https:\/\/kraios.app\/news\/wp-json\/wp\/v2\/posts\/16126"}],"collection":[{"href":"https:\/\/kraios.app\/news\/wp-json\/wp\/v2\/posts"}],"about":[{"href":"https:\/\/kraios.app\/news\/wp-json\/wp\/v2\/types\/post"}],"author":[{"embeddable":true,"href":"https:\/\/kraios.app\/news\/wp-json\/wp\/v2\/users\/1"}],"replies":[{"embeddable":true,"href":"https:\/\/kraios.app\/news\/wp-json\/wp\/v2\/comments?post=16126"}],"version-history":[{"count":0,"href":"https:\/\/kraios.app\/news\/wp-json\/wp\/v2\/posts\/16126\/revisions"}],"wp:attachment":[{"href":"https:\/\/kraios.app\/news\/wp-json\/wp\/v2\/media?parent=16126"}],"wp:term":[{"taxonomy":"category","embeddable":true,"href":"https:\/\/kraios.app\/news\/wp-json\/wp\/v2\/categories?post=16126"},{"taxonomy":"post_tag","embeddable":true,"href":"https:\/\/kraios.app\/news\/wp-json\/wp\/v2\/tags?post=16126"}],"curies":[{"name":"wp","href":"https:\/\/api.w.org\/{rel}","templated":true}]}}