{"id":16116,"date":"2023-10-05T07:12:46","date_gmt":"2023-10-05T07:12:46","guid":{"rendered":"https:\/\/kraios.app\/news\/spor\/2023\/10\/05\/trabzonspor-adana-demirspora-konuk-olacak\/"},"modified":"2023-10-05T07:12:46","modified_gmt":"2023-10-05T07:12:46","slug":"trabzonspor-adana-demirspora-konuk-olacak","status":"publish","type":"post","link":"https:\/\/kraios.app\/news\/spor\/2023\/10\/05\/trabzonspor-adana-demirspora-konuk-olacak\/","title":{"rendered":"Trabzonspor, Adana Demirspor&#039;a konuk olacak"},"content":{"rendered":"<p>Trabzonspor, Trendyol S\u00fcper Lig&#8217;in 8. haftas\u0131nda yar\u0131n deplasmanda Yukatel Adana Demirspor ile kar\u015f\u0131la\u015facak.<\/p>\n","protected":false},"excerpt":{"rendered":"<p>Trabzonspor, Trendyol S\u00fcper Lig&#8217;in 8. haftas\u0131nda yar\u0131n deplasmanda Yukatel Adana Demirspor ile kar\u015f\u0131la\u015facak.<\/p>\n","protected":false},"author":1,"featured_media":16117,"comment_status":"","ping_status":"","sticky":false,"template":"","format":"standard","meta":[],"categories":[48],"tags":[],"_links":{"self":[{"href":"https:\/\/kraios.app\/news\/wp-json\/wp\/v2\/posts\/16116"}],"collection":[{"href":"https:\/\/kraios.app\/news\/wp-json\/wp\/v2\/posts"}],"about":[{"href":"https:\/\/kraios.app\/news\/wp-json\/wp\/v2\/types\/post"}],"author":[{"embeddable":true,"href":"https:\/\/kraios.app\/news\/wp-json\/wp\/v2\/users\/1"}],"replies":[{"embeddable":true,"href":"https:\/\/kraios.app\/news\/wp-json\/wp\/v2\/comments?post=16116"}],"version-history":[{"count":0,"href":"https:\/\/kraios.app\/news\/wp-json\/wp\/v2\/posts\/16116\/revisions"}],"wp:featuredmedia":[{"embeddable":true,"href":"https:\/\/kraios.app\/news\/wp-json\/wp\/v2\/media\/16117"}],"wp:attachment":[{"href":"https:\/\/kraios.app\/news\/wp-json\/wp\/v2\/media?parent=16116"}],"wp:term":[{"taxonomy":"category","embeddable":true,"href":"https:\/\/kraios.app\/news\/wp-json\/wp\/v2\/categories?post=16116"},{"taxonomy":"post_tag","embeddable":true,"href":"https:\/\/kraios.app\/news\/wp-json\/wp\/v2\/tags?post=16116"}],"curies":[{"name":"wp","href":"https:\/\/api.w.org\/{rel}","templated":true}]}}