{"id":16102,"date":"2023-10-05T04:33:49","date_gmt":"2023-10-05T04:33:49","guid":{"rendered":"https:\/\/kraios.app\/news\/ekonomi\/2023\/10\/05\/zeray-insaat-dilasa-orman-projesini-tanitti\/"},"modified":"2023-10-05T04:33:49","modified_gmt":"2023-10-05T04:33:49","slug":"zeray-insaat-dilasa-orman-projesini-tanitti","status":"publish","type":"post","link":"https:\/\/kraios.app\/news\/ekonomi\/2023\/10\/05\/zeray-insaat-dilasa-orman-projesini-tanitti\/","title":{"rendered":"Zeray \u0130n\u015faat, Dilasa Orman projesini tan\u0131tt\u0131"},"content":{"rendered":"<p> <br \/>\n<\/p>\n<div>\n<p>Zeray A\u015e Y\u00f6netim Kurulu Ba\u015fkan\u0131 Zeki Zeray, Kocaeli&#8217;nin Ba\u015fiskele il\u00e7esindeki Zeray Dilasa Orman Sat\u0131\u015f Ofisi&#8217;nde yap\u0131lan tan\u0131t\u0131m t\u00f6renindeki konu\u015fmas\u0131nda, projenin, sekt\u00f6rdeki d\u00f6n\u00fc\u015f\u00fcme \u00f6nc\u00fcl\u00fck eden misyonla, sa\u011fl\u0131k ve do\u011fa konseptine uygun olarak geli\u015ftirildi\u011fini, tabiatla b\u00fct\u00fcnle\u015febilen, \u00e7evreye sayg\u0131l\u0131 ve modern tasar\u0131ma sahip oldu\u011funu belirtti.<\/p>\n<p>Kocaeli&#8217;nin, T\u00fcrkiye&#8217;nin en k\u0131ymetli lokasyonlar\u0131ndan ve \u00fclke ekonomisinin amiral gemisi niteli\u011findeki \u015fehri oldu\u011funu belirten Zeray, &#8220;Asya ile Avrupa&#8217;n\u0131n kara, deniz, hava ve demir yolu ula\u015f\u0131m\u0131n\u0131n kesi\u015fti\u011fi nokta olmas\u0131n\u0131n yan\u0131 s\u0131ra bir yanda muhte\u015fem Karadeniz sahilleri, bir yanda Marmara denizi, bir yanda Sapanca G\u00f6l\u00fc, bir yanda k\u0131\u015f turizminin merkezlerinden Kartepe ve s\u0131rt\u0131n\u0131 Samanl\u0131 Da\u011flar\u0131&#8217;na yaslam\u0131\u015f e\u015fsiz noktada yer al\u0131yor. Dilasa Orman projemiz de Kocaeli&#8217;nin en \u00f6zel konumunda, tabiat\u0131n i\u00e7inde, do\u011fan\u0131n ve mimarinin ortak b\u00fcy\u00fcs\u00fcn\u00fc ayn\u0131 anda sunuyor. Adeta \u015fehrin de\u011ferine de\u011fer katan mimariyle insan\u0131m\u0131z i\u00e7in en g\u00fczelini sunmak Zeray&#8217;\u0131 sekt\u00f6rde farkl\u0131la\u015ft\u0131r\u0131yor.&#8221; diye konu\u015ftu.<\/p>\n<p><img decoding=\"async\" alt=\"\" src=\"https:\/\/www.aa.com.tr\/uploads\/userFiles\/c9f1ae26-3cf3-4ab4-9d72-230dedd01a4c\/20231004_2_60540332_93345436.jpg\"\/><\/p>\n<p>Zeray, gayrimenkul sekt\u00f6r\u00fcnde 15 y\u0131l\u0131 geride b\u0131rakt\u0131klar\u0131na de\u011finerek, Ba\u015fiskele&#8217;de y\u00fckselecek yeni projeyle, il\u00e7ede hayata ge\u00e7irdikleri &#8220;Zeray County Bah\u00e7ecik Zeray G\u00fcne\u015fi, Zeray Perla, Zeray Korupark, Zeray \u015eehristan Konaklar\u0131, Zeray Kent, G\u00fclistan Konaklar\u0131, Delal Garden, Zeray Bella Bah\u00e7ecik&#8221; projeleri gibi \u00f6zg\u00fcn konsept olu\u015fturduklar\u0131n\u0131 kaydetti.<\/p>\n<p>Daha \u00f6nce geli\u015ftirdikleri projelerde yat\u0131r\u0131mc\u0131lara y\u00fcksek prim sa\u011flad\u0131klar\u0131na i\u015faret eden Zeray, \u015f\u00f6yle devam etti:<\/p>\n<p>&#8220;Dilasa Orman projemizde de y\u00fcksek getiri f\u0131rsat\u0131 yat\u0131r\u0131mc\u0131lar\u0131m\u0131z\u0131 bekliyor. Hi\u00e7bir d\u00f6nemde kendi yat\u0131r\u0131m program\u0131m\u0131zdan sapmad\u0131\u011f\u0131m\u0131z gibi bu s\u00fcre\u00e7te de \u00fcretmeye planlar\u0131m\u0131z dahilinde devam ediyoruz. Temal\u0131 ve markal\u0131 projelerimizle insan\u0131m\u0131z\u0131 hak etti\u011fi nitelikli ya\u015fam alanlar\u0131yla bulu\u015fturuyoruz. Ev al\u0131rken, yat\u0131r\u0131m yapmakla hayat\u0131n\u0131z\u0131 ya\u015famak aras\u0131nda se\u00e7im yapmak zorunda kalmad\u0131\u011f\u0131n\u0131z efektif projelerimizle her y\u00f6nden kazand\u0131rmay\u0131 hedefliyoruz.&#8221;<\/p>\n<p><img decoding=\"async\" alt=\"\" src=\"https:\/\/www.aa.com.tr\/uploads\/userFiles\/c9f1ae26-3cf3-4ab4-9d72-230dedd01a4c\/20231004_2_60540332_93345435.jpg\"\/><\/p>\n<h3>&#8220;Do\u011fayla uyum ve yat\u0131r\u0131m\u0131n bulu\u015ftu\u011fu nokta&#8221;<\/h3>\n<p>Zeray \u0130n\u015faat Pazarlama Genel M\u00fcd\u00fcr Yard\u0131mc\u0131s\u0131 Ayt\u00fcl Ayhan da projeyi, &#8220;do\u011fayla uyum ve yat\u0131r\u0131m\u0131n bulu\u015ftu\u011fu nokta&#8221; olarak nitelendirdi.<\/p>\n<p>Salg\u0131n s\u00fcrecinde de\u011fi\u015fimin h\u0131zland\u0131\u011f\u0131 gayrimenkul sekt\u00f6r\u00fcnde ye\u015fil d\u00f6n\u00fc\u015f\u00fcm, sa\u011fl\u0131kl\u0131 ya\u015fam, eri\u015filebilir ve ya\u015fanabilir konut ihtiyac\u0131n\u0131n daha s\u0131k konu\u015fmaya ba\u015flad\u0131\u011f\u0131na de\u011finen Ayhan, &#8220;N\u00fcfus ve iklim de\u011fi\u015fikli\u011fi, deprem ve yeni ekonomik modeller, konut piyasas\u0131n\u0131 yeniden \u015fekillendirirken, yeni geli\u015ftirilen konut projelerinin de\u011fi\u015fen talepleri kar\u015f\u0131lamas\u0131 ve gelece\u011fin ihtiya\u00e7lar\u0131na hitap eder nitelikte olmas\u0131 \u00f6nem kazand\u0131.&#8221; \u015feklinde konu\u015ftu.<\/p>\n<p>Ayhan, projeyi sekt\u00f6rdeki d\u00f6n\u00fc\u015f\u00fcme \u00f6nc\u00fcl\u00fck eden misyonla, sa\u011fl\u0131k ve do\u011fa konseptine uygun olarak b\u00f6lgelerdeki beklenti ve ihtiya\u00e7lar\u0131 derinlemesine analiz ederek tasarlad\u0131klar\u0131n\u0131 vurgulayarak, \u015funlar\u0131 kaydetti:<\/p>\n<p>&#8220;El de\u011fmemi\u015f do\u011fal orman\u0131n adeta kalbinde konumlanan projemiz, dikkat \u00e7ekici zerafete sahip modern mimarisinin yan\u0131 s\u0131ra zengin sosyal donat\u0131lar\u0131yla da be\u011feni topluyor. Bu nedenle Dilasa Orman, sadece Kocaeli&#8217;den de\u011fil t\u00fcm T\u00fcrkiye ve yurt d\u0131\u015f\u0131ndan da b\u00fcy\u00fck ilgi g\u00f6r\u00fcyor. Dilasa Orman, nefes alan ve ald\u0131ran ya\u015fam alanlar\u0131na, zengin sosyal imkanlara sahip proje olarak fark yarat\u0131yor.&#8221;<\/p>\n<p><img decoding=\"async\" alt=\"\" src=\"https:\/\/www.aa.com.tr\/uploads\/userFiles\/c9f1ae26-3cf3-4ab4-9d72-230dedd01a4c\/20231004_2_60540332_93345434.jpg\"\/><\/p>\n<h3>Her ya\u015ftan insan\u0131n ihtiya\u00e7lar\u0131na cevap veriyor<\/h3>\n<p>Zeray Dilasa Orman Sat\u0131\u015f M\u00fcd\u00fcr\u00fc Gonca Yaman, projenin, geni\u015f peyzaj alanlar\u0131yla a\u00e7\u0131k havada sakin ve se\u00e7kin atmosfer sundu\u011funu anlatt\u0131.<\/p>\n<p>Dilasa Orman&#8217;\u0131n, do\u011fan\u0131n yan\u0131 ba\u015f\u0131nda y\u00fczme havuzlar\u0131, y\u00fcr\u00fcy\u00fc\u015f yollar\u0131, parklar\u0131, dinlenme alanlar\u0131, s\u00fcs havuzlar\u0131, tenis kortu, basketbol sahas\u0131, fitness salonu, pilates ve yoga odas\u0131, a\u00e7\u0131k ve kapal\u0131 \u00e7ocuk oyun parklar\u0131yla her ya\u015ftan insan\u0131n ihtiya\u00e7lar\u0131na ayr\u0131 ayr\u0131 cevap verdi\u011fine dikkati \u00e7eken Yaman, konu\u015fmas\u0131n\u0131 \u015f\u00f6yle s\u00fcrd\u00fcrd\u00fc:<\/p>\n<p>&#8220;Projenin merkezi boyunca konumland\u0131r\u0131lan s\u00fcs havuzlar\u0131 ile aile ya\u015fam\u0131n\u0131 merkezine alan Zeray Dilasa Orman, sakinlerine suyun sa\u011flad\u0131\u011f\u0131 dinginlik ve huzur hissi ile tabiat\u0131n e\u015fsiz ambiyans\u0131n\u0131 sunuyor. Do\u011fayla ba\u015f ba\u015fa kalmak isteyen yerli ve yabac\u0131 bir\u00e7ok ki\u015finin u\u011frak noktas\u0131 Yuvac\u0131k Baraj\u0131&#8217;na 5 dakika mesafede yer alan Dilasa Orman, \u0130stanbul ve Ankara\u2019n\u0131n kolay ula\u015f\u0131m rotas\u0131nda bulunan ve \u00e7arp\u0131c\u0131 do\u011faya sahip Sapanca G\u00f6l\u00fc\u2019ne 20 dakika, Avrupa\u2019n\u0131n en b\u00fcy\u00fck do\u011fal ya\u015fam park\u0131 Ormanya&#8217;ya 15 dakika, k\u0131\u015f tatili denilince ilk akla gelen merkezlerden Kartepe&#8217;ye 25 dakika mesafede bulunuyor.&#8221;<\/p>\n<p>\u00c7evreye sayg\u0131ya odaklanarak 65 bin metrekare alana in\u015fa edilen Dilasa Orman, farkl\u0131 ihtiya\u00e7lara \u00e7\u00f6z\u00fcm sunan daire alternatifleriyle dikkati \u00e7ekiyor. 20 blokta 660 daire bulunan projede, katta 1+1, 2+1, 3+1, 4+1 daire se\u00e7eneklerinin yan\u0131 s\u0131ra katta villa konforu sunan bah\u00e7e dubleks ve panoramik manzaras\u0131yla g\u00f6z kama\u015ft\u0131ran teras dubleks olarak tasarlanan daireler de yer al\u0131yor.<\/p>\n<p>Zeray \u0130n\u015faat Medya ve Planlama Y\u00f6neticisi Yasemin Din\u00e7ok&#8217;un organizasyonuyla lansman\u0131 yap\u0131lan projenin, 30 Aral\u0131k 2024&#8217;te tamamlanmas\u0131 planlan\u0131yor.<\/p>\n<p>                            <span class=\"detay-foto-editor\">&#13;<br \/>\n                                <a href=\"https:\/\/www.aa.com.tr\/tr\/p\/abonelik-talep-formu\/1001\" target=\"_blank\" style=\"font-size:12px; color:#444; text-decoration:none;\" rel=\"noopener\">&#13;<br \/>\n                                    Anadolu Ajans\u0131 web sitesinde, AA Haber Ak\u0131\u015f Sistemi (HAS) \u00fczerinden abonelere sunulan haberler, \u00f6zetlenerek yay\u0131mlanmaktad\u0131r. <b style=\"color:#1897F7\">Abonelik i\u00e7in l\u00fctfen ileti\u015fime ge\u00e7iniz.<\/b>&#13;<br \/>\n                                <\/a>&#13;<br \/>\n                            <\/span>\n                        <\/div>\n<p><script>\n\t  window.fbAsyncInit = function() {\n\t\tFB.init({\n\t\t  appId: '1855843514662870',\n\t\t  status : true, \/\/ check login status\n\t\t  cookie : true, \/\/ enable cookies to allow the server to access the session\n\t\t  xfbml  : true  \/\/ parse XFBML\n\t\t});\n\t  };<\/p>\n<p>\t  (function() {\n\t\tvar e = document.createElement('script');\n\t\te.src=\"https:\/\/connect.facebook.net\/tr_TR\/all.js\";\n\t\te.async = true;\n\t\tdocument.getElementById('fb-root').appendChild(e);\n\t  }());\n    <\/script><br \/>\n<br \/><br \/>\n<br \/><a href=\"https:\/\/www.aa.com.tr\/tr\/ekonomi\/zeray-insaat-dilasa-orman-projesini-tanitti\/3007927\">Source link <\/a><\/p>\n","protected":false},"excerpt":{"rendered":"<p>Zeray A\u015e Y\u00f6netim Kurulu Ba\u015fkan\u0131 Zeki Zeray, Kocaeli&#8217;nin Ba\u015fiskele il\u00e7esindeki Zeray Dilasa Orman Sat\u0131\u015f Ofisi&#8217;nde yap\u0131lan tan\u0131t\u0131m t\u00f6renindeki konu\u015fmas\u0131nda, projenin, sekt\u00f6rdeki d\u00f6n\u00fc\u015f\u00fcme \u00f6nc\u00fcl\u00fck eden misyonla, sa\u011fl\u0131k ve do\u011fa konseptine uygun olarak geli\u015ftirildi\u011fini, tabiatla b\u00fct\u00fcnle\u015febilen, \u00e7evreye sayg\u0131l\u0131 ve modern tasar\u0131ma sahip oldu\u011funu belirtti. Kocaeli&#8217;nin, T\u00fcrkiye&#8217;nin en k\u0131ymetli lokasyonlar\u0131ndan ve \u00fclke ekonomisinin amiral gemisi niteli\u011findeki \u015fehri oldu\u011funu [&hellip;]<\/p>\n","protected":false},"author":1,"featured_media":16103,"comment_status":"","ping_status":"","sticky":false,"template":"","format":"standard","meta":[],"categories":[44],"tags":[],"_links":{"self":[{"href":"https:\/\/kraios.app\/news\/wp-json\/wp\/v2\/posts\/16102"}],"collection":[{"href":"https:\/\/kraios.app\/news\/wp-json\/wp\/v2\/posts"}],"about":[{"href":"https:\/\/kraios.app\/news\/wp-json\/wp\/v2\/types\/post"}],"author":[{"embeddable":true,"href":"https:\/\/kraios.app\/news\/wp-json\/wp\/v2\/users\/1"}],"replies":[{"embeddable":true,"href":"https:\/\/kraios.app\/news\/wp-json\/wp\/v2\/comments?post=16102"}],"version-history":[{"count":0,"href":"https:\/\/kraios.app\/news\/wp-json\/wp\/v2\/posts\/16102\/revisions"}],"wp:featuredmedia":[{"embeddable":true,"href":"https:\/\/kraios.app\/news\/wp-json\/wp\/v2\/media\/16103"}],"wp:attachment":[{"href":"https:\/\/kraios.app\/news\/wp-json\/wp\/v2\/media?parent=16102"}],"wp:term":[{"taxonomy":"category","embeddable":true,"href":"https:\/\/kraios.app\/news\/wp-json\/wp\/v2\/categories?post=16102"},{"taxonomy":"post_tag","embeddable":true,"href":"https:\/\/kraios.app\/news\/wp-json\/wp\/v2\/tags?post=16102"}],"curies":[{"name":"wp","href":"https:\/\/api.w.org\/{rel}","templated":true}]}}