{"id":16075,"date":"2023-10-04T18:15:27","date_gmt":"2023-10-04T18:15:27","guid":{"rendered":"https:\/\/kraios.app\/news\/ekonomi\/2023\/10\/04\/elazigda-472-bin-agacta-badem-hasadi-basladi\/"},"modified":"2023-10-04T18:15:27","modified_gmt":"2023-10-04T18:15:27","slug":"elazigda-472-bin-agacta-badem-hasadi-basladi","status":"publish","type":"post","link":"https:\/\/kraios.app\/news\/ekonomi\/2023\/10\/04\/elazigda-472-bin-agacta-badem-hasadi-basladi\/","title":{"rendered":"Elaz\u0131\u011f&#8217;da 472 bin a\u011fa\u00e7ta badem hasad\u0131 ba\u015flad\u0131"},"content":{"rendered":"<p> <br \/>\n<\/p>\n<div>\n<p>Kentte <strong>badem <\/strong>\u00fcretimin yayg\u0131n olarak yap\u0131ld\u0131\u011f\u0131, merkeze ba\u011fl\u0131 \u00c7atalharman k\u00f6y\u00fcnde <strong>hasat <\/strong>dolay\u0131s\u0131yla t\u00f6ren d\u00fczenlendi.<\/p>\n<p>Vali \u00d6mer Toraman, burada yapt\u0131\u011f\u0131 konu\u015fmada, y\u0131l boyunca emek veren \u00e7ift\u00e7ilerin hasat sevin\u00e7lerine ortak olduklar\u0131n\u0131 s\u00f6yledi.<\/p>\n<p>Kentte son 15 y\u0131lda badem \u00fcretiminde ciddi bir art\u0131\u015f oldu\u011funu ifade eden Toraman, &#8220;Elaz\u0131\u011f pek \u00e7ok \u00fcr\u00fcnde oldu\u011fu gibi badem \u00fcretiminde de T\u00fcrkiye\u2019nin \u00f6nce gelen illerinden bir tanesi. Badem, ilimiz ekonomisi i\u00e7in de ciddi bir paya sahip bir \u00fcr\u00fcn haline geldi. Bunun daha da artmas\u0131n\u0131 arzu ediyoruz.&#8221; dedi.<\/p>\n<p>Devletin ve h\u00fck\u00fcmetin deste\u011fiyle bu \u00fcr\u00fcnlerin \u00fcretim alanlar\u0131n\u0131n art\u0131r\u0131lmas\u0131n\u0131n hedeflendi\u011fini belirten Toraman, \u015f\u00f6yle konu\u015ftu:<\/p>\n<p>&#8220;Yerli \u00fcretim bizim t\u00fcketimimizi kar\u015f\u0131lam\u0131yor. Badem ciddi manada ithalat yapt\u0131\u011f\u0131m\u0131z \u00fcr\u00fcnlerden bir tanesi oluyor. \u0130n\u015fallah devletimizin de destekleriyle bu \u00fcretim sahalar\u0131 \u00e7o\u011fald\u0131k\u00e7a kendi kendine yeter hale gelmi\u015f olaca\u011f\u0131z. Tar\u0131m ve Orman Bakanl\u0131\u011f\u0131m\u0131z\u0131n hedefi de budur. Tar\u0131msal \u00fcretim art\u0131k stratejik \u00fcretim. Son d\u00f6nemde ya\u015fad\u0131\u011f\u0131m\u0131z geli\u015fmeler bize bunu g\u00f6sterdi. O y\u00fczden her t\u00fcrl\u00fc tar\u0131m \u00fcretiminde \u00f6nce kendi kendimize yeterli olmam\u0131z laz\u0131m. Fazlas\u0131n\u0131 da d\u0131\u015far\u0131ya satarak gelir elde etmemiz laz\u0131m.&#8221;<\/p>\n<p><img decoding=\"async\" alt=\"\" src=\"https:\/\/www.aa.com.tr\/uploads\/userFiles\/40b5e6df-807a-4c96-8fee-5e91cbea23a3\/2023%2FEkim%2Fbads.jpg\"\/><\/p>\n<p>Tar\u0131m ve Orman \u0130l M\u00fcd\u00fcr\u00fc Ali K\u0131l\u0131\u00e7 da kentte 23 bin dekarl\u0131k alanda ekilen 472 bin badem a\u011fac\u0131nda hasad\u0131n ba\u015flad\u0131\u011f\u0131n\u0131 belirtti.<\/p>\n<p>\u00dcreticinin bereketli ve g\u00fczel bir hasat d\u00f6nemi ge\u00e7irmesini dileyen K\u0131l\u0131\u00e7, \u015f\u00f6yle devam etti:<\/p>\n<p>&#8220;\u00dcretim bak\u0131m\u0131ndan 2022 y\u0131l\u0131 i\u00e7erisinde ger\u00e7ekle\u015fen miktar 3 bin 250 ton olarak kendini g\u00f6sterdi. \u0130limiz badem \u00fcretimi bak\u0131m\u0131ndan \u00fclkemizdeki \u00f6nemli iller aras\u0131nda 19\u2019uncu s\u0131rada yer ald\u0131. \u0130n\u015fallah 2023 y\u0131l\u0131 sezonu i\u00e7erisinde \u00fcretim miktar\u0131m\u0131z bir miktar daha artacakt\u0131r. Bu y\u0131l yakla\u015f\u0131k y\u00fczde 30\u2019luk bir art\u0131\u015f \u00f6ng\u00f6r\u00fcyoruz. Rekolte tahminimiz bu y\u0131l sonu itibariyle 4 bin 200 ton olarak ger\u00e7ekle\u015fmesini hedefliyoruz.&#8221;<\/p>\n<p>300 d\u00f6n\u00fcml\u00fck alanda badem hasad\u0131 yapan Cemil Bayta\u015f da &#8220;12 bin k\u00f6k a\u011fac\u0131m\u0131z var. Buras\u0131 6 y\u0131ll\u0131k bah\u00e7e. Bu sene \u00fcr\u00fcn daha iyi \u00e7\u00fcnk\u00fc a\u011fa\u00e7lar tam ya\u015f\u0131na geldi, bundan sonraki y\u0131llarda daha iyi olacak.&#8221; ifadelerini kulland\u0131.<\/p>\n<p>Konu\u015fmalar\u0131n ard\u0131ndan kat\u0131l\u0131mc\u0131lar, mevsimlik tar\u0131m i\u015f\u00e7ileriyle badem hasad\u0131 ger\u00e7ekle\u015ftirdi.<\/p>\n<p>                            <span class=\"detay-foto-editor\">&#13;<br \/>\n                                <a href=\"https:\/\/www.aa.com.tr\/tr\/p\/abonelik-talep-formu\/1001\" target=\"_blank\" style=\"font-size:12px; color:#444; text-decoration:none;\" rel=\"noopener\">&#13;<br \/>\n                                    Anadolu Ajans\u0131 web sitesinde, AA Haber Ak\u0131\u015f Sistemi (HAS) \u00fczerinden abonelere sunulan haberler, \u00f6zetlenerek yay\u0131mlanmaktad\u0131r. <b style=\"color:#1897F7\">Abonelik i\u00e7in l\u00fctfen ileti\u015fime ge\u00e7iniz.<\/b>&#13;<br \/>\n                                <\/a>&#13;<br \/>\n                            <\/span>\n                        <\/div>\n<p><script>\n\t  window.fbAsyncInit = function() {\n\t\tFB.init({\n\t\t  appId: '1855843514662870',\n\t\t  status : true, \/\/ check login status\n\t\t  cookie : true, \/\/ enable cookies to allow the server to access the session\n\t\t  xfbml  : true  \/\/ parse XFBML\n\t\t});\n\t  };<\/p>\n<p>\t  (function() {\n\t\tvar e = document.createElement('script');\n\t\te.src=\"https:\/\/connect.facebook.net\/tr_TR\/all.js\";\n\t\te.async = true;\n\t\tdocument.getElementById('fb-root').appendChild(e);\n\t  }());\n    <\/script><br \/>\n<br \/><br \/>\n<br \/><a href=\"https:\/\/www.aa.com.tr\/tr\/ekonomi\/elazigda-472-bin-agacta-badem-hasadi-basladi\/3007942\">Source link <\/a><\/p>\n","protected":false},"excerpt":{"rendered":"<p>Kentte badem \u00fcretimin yayg\u0131n olarak yap\u0131ld\u0131\u011f\u0131, merkeze ba\u011fl\u0131 \u00c7atalharman k\u00f6y\u00fcnde hasat dolay\u0131s\u0131yla t\u00f6ren d\u00fczenlendi. Vali \u00d6mer Toraman, burada yapt\u0131\u011f\u0131 konu\u015fmada, y\u0131l boyunca emek veren \u00e7ift\u00e7ilerin hasat sevin\u00e7lerine ortak olduklar\u0131n\u0131 s\u00f6yledi. Kentte son 15 y\u0131lda badem \u00fcretiminde ciddi bir art\u0131\u015f oldu\u011funu ifade eden Toraman, &#8220;Elaz\u0131\u011f pek \u00e7ok \u00fcr\u00fcnde oldu\u011fu gibi badem \u00fcretiminde de T\u00fcrkiye\u2019nin \u00f6nce gelen [&hellip;]<\/p>\n","protected":false},"author":1,"featured_media":16076,"comment_status":"","ping_status":"","sticky":false,"template":"","format":"standard","meta":[],"categories":[44],"tags":[],"_links":{"self":[{"href":"https:\/\/kraios.app\/news\/wp-json\/wp\/v2\/posts\/16075"}],"collection":[{"href":"https:\/\/kraios.app\/news\/wp-json\/wp\/v2\/posts"}],"about":[{"href":"https:\/\/kraios.app\/news\/wp-json\/wp\/v2\/types\/post"}],"author":[{"embeddable":true,"href":"https:\/\/kraios.app\/news\/wp-json\/wp\/v2\/users\/1"}],"replies":[{"embeddable":true,"href":"https:\/\/kraios.app\/news\/wp-json\/wp\/v2\/comments?post=16075"}],"version-history":[{"count":0,"href":"https:\/\/kraios.app\/news\/wp-json\/wp\/v2\/posts\/16075\/revisions"}],"wp:featuredmedia":[{"embeddable":true,"href":"https:\/\/kraios.app\/news\/wp-json\/wp\/v2\/media\/16076"}],"wp:attachment":[{"href":"https:\/\/kraios.app\/news\/wp-json\/wp\/v2\/media?parent=16075"}],"wp:term":[{"taxonomy":"category","embeddable":true,"href":"https:\/\/kraios.app\/news\/wp-json\/wp\/v2\/categories?post=16075"},{"taxonomy":"post_tag","embeddable":true,"href":"https:\/\/kraios.app\/news\/wp-json\/wp\/v2\/tags?post=16075"}],"curies":[{"name":"wp","href":"https:\/\/api.w.org\/{rel}","templated":true}]}}