{"id":16073,"date":"2023-10-04T17:44:53","date_gmt":"2023-10-04T17:44:53","guid":{"rendered":"https:\/\/kraios.app\/news\/spor\/2023\/10\/04\/fenerbahcenin-brezilyali-oyuncusu-luan-peres-ameliyat-edildi\/"},"modified":"2023-10-04T17:44:53","modified_gmt":"2023-10-04T17:44:53","slug":"fenerbahcenin-brezilyali-oyuncusu-luan-peres-ameliyat-edildi","status":"publish","type":"post","link":"https:\/\/kraios.app\/news\/spor\/2023\/10\/04\/fenerbahcenin-brezilyali-oyuncusu-luan-peres-ameliyat-edildi\/","title":{"rendered":"Fenerbah\u00e7e&#039;nin Brezilyal\u0131 oyuncusu Luan Peres ameliyat edildi"},"content":{"rendered":"<p>Fenerbah\u00e7e Kul\u00fcb\u00fc, Brezilyal\u0131 savunma oyuncusu Luan Peres&#8217;in sol dizinden ameliyat edildi\u011fini duyurdu.<\/p>\n","protected":false},"excerpt":{"rendered":"<p>Fenerbah\u00e7e Kul\u00fcb\u00fc, Brezilyal\u0131 savunma oyuncusu Luan Peres&#8217;in sol dizinden ameliyat edildi\u011fini duyurdu.<\/p>\n","protected":false},"author":1,"featured_media":16074,"comment_status":"","ping_status":"","sticky":false,"template":"","format":"standard","meta":[],"categories":[48],"tags":[],"_links":{"self":[{"href":"https:\/\/kraios.app\/news\/wp-json\/wp\/v2\/posts\/16073"}],"collection":[{"href":"https:\/\/kraios.app\/news\/wp-json\/wp\/v2\/posts"}],"about":[{"href":"https:\/\/kraios.app\/news\/wp-json\/wp\/v2\/types\/post"}],"author":[{"embeddable":true,"href":"https:\/\/kraios.app\/news\/wp-json\/wp\/v2\/users\/1"}],"replies":[{"embeddable":true,"href":"https:\/\/kraios.app\/news\/wp-json\/wp\/v2\/comments?post=16073"}],"version-history":[{"count":0,"href":"https:\/\/kraios.app\/news\/wp-json\/wp\/v2\/posts\/16073\/revisions"}],"wp:featuredmedia":[{"embeddable":true,"href":"https:\/\/kraios.app\/news\/wp-json\/wp\/v2\/media\/16074"}],"wp:attachment":[{"href":"https:\/\/kraios.app\/news\/wp-json\/wp\/v2\/media?parent=16073"}],"wp:term":[{"taxonomy":"category","embeddable":true,"href":"https:\/\/kraios.app\/news\/wp-json\/wp\/v2\/categories?post=16073"},{"taxonomy":"post_tag","embeddable":true,"href":"https:\/\/kraios.app\/news\/wp-json\/wp\/v2\/tags?post=16073"}],"curies":[{"name":"wp","href":"https:\/\/api.w.org\/{rel}","templated":true}]}}