{"id":16063,"date":"2023-10-04T15:15:33","date_gmt":"2023-10-04T15:15:33","guid":{"rendered":"https:\/\/kraios.app\/news\/siyaset\/2023\/10\/04\/buyuk-milletimizi-7-ekim-gunu-kongremize-davet-ediyoruz\/"},"modified":"2023-10-04T15:15:33","modified_gmt":"2023-10-04T15:15:33","slug":"buyuk-milletimizi-7-ekim-gunu-kongremize-davet-ediyoruz","status":"publish","type":"post","link":"https:\/\/kraios.app\/news\/siyaset\/2023\/10\/04\/buyuk-milletimizi-7-ekim-gunu-kongremize-davet-ediyoruz\/","title":{"rendered":"B\u00fcy\u00fck milletimizi 7 Ekim g\u00fcn\u00fc kongremize davet ediyoruz"},"content":{"rendered":"<p><\/p>\n<div>\n<p>\u00c7elik, parti genel merkezinde d\u00fczenledi\u011fi bas\u0131n toplant\u0131s\u0131nda g\u00fcndeme ili\u015fkin a\u00e7\u0131klamalarda bulundu, sorular\u0131 yan\u0131tlad\u0131.<\/p>\n<p>AK Parti kongrelerinin yurt i\u00e7i ve d\u0131\u015f\u0131ndan ilgi g\u00f6rd\u00fc\u011f\u00fcn\u00fc, bu kongrede siyasi parti temsilcilerinin, 30 \u00fclkeden misafirlerin olaca\u011f\u0131n\u0131 belirten \u00c7elik, Cumhurba\u015fkan\u0131 Recep Tayyip Erdo\u011fan&#8217;\u0131n hassasiyetle ve iradeyle y\u00fcr\u00fctt\u00fc\u011f\u00fc tecr\u00fcbe ve de\u011fi\u015fim dengesinin milletin talepleri do\u011frultusunda yeniden kurulmas\u0131n\u0131n bir AK Parti gelene\u011fi oldu\u011funu s\u00f6yledi.<\/p>\n<p>AK Parti&#8217;nin, hem bir merkez T\u00fcrkiye partisi hem de d\u00fcnya markas\u0131 oldu\u011funu dile getiren \u00c7elik, partilerinin, y\u0131llard\u0131r demokratikle\u015fmeye \u00f6nc\u00fcl\u00fck eden b\u00fcy\u00fck bir siyaset markas\u0131 oldu\u011funu belirtti.<\/p>\n<p>\u00c7elik, AK Parti kongrelerinin d\u00fcnyaya verilmi\u015f bir mesaj niteli\u011fi de ta\u015f\u0131d\u0131\u011f\u0131n\u0131, bunu bir\u00e7ok siyasi partinin, oda\u011f\u0131n yak\u0131n takip etti\u011fini kaydederek, &#8220;B\u00fcy\u00fck milletimizi 7 Ekim g\u00fcn\u00fc kongremize davet ediyoruz. Bu b\u00fcy\u00fck demokrasi bulu\u015fmas\u0131nda, \u015f\u00f6leninde Cumhurba\u015fkan\u0131m\u0131z\u0131n \u00e7ok g\u00fc\u00e7l\u00fc mesajlar\u0131 olacakt\u0131r.&#8221; dedi.<\/p>\n<p>Kongrede, T\u00fcrkiye Y\u00fczy\u0131l\u0131 ile ilgili mesajlar\u0131n, gelecek d\u00f6nemin kucaklanmas\u0131n\u0131n, milletin taleplerinin, \u00f6zlemlerinin yerine getirilmesinin, b\u00f6lge ve d\u00fcnya bar\u0131\u015f\u0131n\u0131n, sosyal alandan siyasal alana, demokratikle\u015fmeden b\u00fct\u00fcn kurumsal yeniliklere kadar bir\u00e7ok konunun g\u00fcndeme gelece\u011fini belirten \u00c7elik, gen\u00e7lerin, kad\u0131nlar\u0131n, de\u011fi\u015fimin, tecr\u00fcbenin ve T\u00fcrkiye&#8217;nin b\u00fct\u00fcn sosyolojisinin bir arada kucakland\u0131\u011f\u0131 bir tablonun kongre g\u00fcn\u00fc bir kere daha g\u00f6r\u00fclece\u011fini s\u00f6yledi.<\/p>\n<p>\u00c7elik, AK Parti kongrelerinin, gelecek d\u00f6neme \u0131\u015f\u0131k tutacak, siyasi partiler a\u00e7\u0131s\u0131ndan olu\u015facak g\u00fcndemi belirleyecek nitelikte, Cumhurba\u015fkan\u0131 Erdo\u011fan&#8217;\u0131n mesajlar\u0131yla ge\u00e7ti\u011fini belirterek, &#8220;Kar\u015f\u0131m\u0131zdakilerin &#8216;de\u011fi\u015fim miydi, stat\u00fcko muydu&#8217; gibisinden tart\u0131\u015fmalar yapt\u0131\u011f\u0131 bir d\u00f6nemde, AK Parti bir kere daha siyasi geleneklerini, tecr\u00fcbesini ve de\u011fi\u015fimini bir arada kucaklayacak, siyasi sentezleri, form\u00fclleri, denklemleri \u00fcretecek kapasitesini ortaya koyacakt\u0131r. B\u00fcy\u00fck milletimize \u015fimdiden hay\u0131rl\u0131 olsun.&#8221; diye konu\u015ftu.<\/p>\n<h3>&#8220;K\u0131l\u0131\u00e7daro\u011flu, vahim bir skandala imza att\u0131&#8221;<\/h3>\n<p>CHP Genel Ba\u015fkan\u0131 Kemal K\u0131l\u0131\u00e7daro\u011flu&#8217;nun d\u00fcnk\u00fc CHP Grup Toplant\u0131s\u0131&#8217;nda &#8220;Bu Meclis&#8217;e ben Gazi Meclis demiyorum.&#8221; dedi\u011fini hat\u0131rlatan \u00c7elik, T\u00fcrkiye Cumhuriyeti tarihinde ilk defa bu kadar vahim bir skandala imza at\u0131ld\u0131\u011f\u0131n\u0131 kaydetti.<\/p>\n<p>Bu c\u00fcmlenin y\u00fcce Meclis&#8217;e hakaret anlam\u0131na geldi\u011fini ifade eden \u00c7elik, \u015f\u00f6yle konu\u015ftu:<\/p>\n<p>&#8220;Maalesef gelinen nokta vahimdir ve Say\u0131n K\u0131l\u0131\u00e7daro\u011flu ad\u0131na bile \u00fcz\u00fcc\u00fcd\u00fcr. Gazi Meclis, milletin ortak de\u011feridir. Gazi Meclis milletin bayra\u011f\u0131d\u0131r, egemenli\u011finin simgesidir. Bu Meclis, iki kere gazi olmu\u015ftur. Kurtulu\u015f Sava\u015f\u0131&#8217;na ba\u015fkomutanl\u0131k etmi\u015ftir, gaza yapm\u0131\u015ft\u0131r ve gazi olmu\u015ftur. 15 Temmuz&#8217;da da direni\u015f ortaya koyarak ikinci kere gazi olmu\u015ftur. &#8216;Ben, bu Meclis&#8217;e Gazi demeyece\u011fim&#8217; diyen birisi, kesinlikle me\u015fru alanda siyaset yapan birisinin diliyle konu\u015fmamaktad\u0131r. TBMM&#8217;nin d\u00fcnyadaki hi\u00e7bir mecliste olmayan bir vasf\u0131 vard\u0131r. O da \u015fudur, d\u00fcnyadaki b\u00fct\u00fcn meclisler bir kurtulu\u015f sava\u015f\u0131n\u0131n sonunda kurulmu\u015ftur. Bir tek ve sadece TBMM, bir Kurtulu\u015f Sava\u015f\u0131&#8217;na bizzat kumandanl\u0131k etmi\u015ftir. O sebeple Gazi s\u0131fat\u0131n\u0131 sonuna kadar hak etmi\u015ftir.&#8221;<\/p>\n<p>K\u0131l\u0131\u00e7daro\u011flu&#8217;nun bu ifadesini, y\u00fcce Meclis&#8217;e d\u00f6n\u00fck bu hakaretini \u015fiddetle k\u0131nad\u0131klar\u0131n\u0131 dile getiren \u00c7elik, &#8220;T\u00fcrkiye Cumhuriyeti tarihinde b\u00f6yle bir hakarete, skandala imza atan ikinci bir ki\u015fi gelmemi\u015ftir. Bu, T\u00fcrkiye&#8217;ye sald\u0131ranlar\u0131n bile akl\u0131ndan ge\u00e7meyen \u00e7ok ay\u0131p bir ifadedir.&#8221; dedi.<\/p>\n<h3>&#8220;Meclis&#8217;in me\u015fruiyetini tart\u0131\u015fmak kimsenin haddine d\u00fc\u015fmez&#8221;<\/h3>\n<p>TBMM&#8217;nin iradesini tart\u0131\u015fmay\u0131, Meclis&#8217;in me\u015fruiyetini ortadan kald\u0131rmak i\u00e7in darbecilerin yapt\u0131\u011f\u0131n\u0131 hat\u0131rlatan \u00c7elik, \u015funlar\u0131 kaydetti:<\/p>\n<p>&#8220;Bu, Yass\u0131ada zihniyetinin, 12 Eyl\u00fcl zihniyetinin bu \u00fclkenin ba\u015f\u0131na bela etti\u011fi bir hastal\u0131k, k\u00f6t\u00fc niyetli bir zihniyettir. \u00c7\u0131km\u0131\u015f Cumhur \u0130ttifak\u0131&#8217;n\u0131n kulland\u0131\u011f\u0131 oylar\u0131, ge\u00e7irdi\u011fi yasalar\u0131 gerek\u00e7e g\u00f6stererek &#8216;Meclis&#8217;e, Gazi Meclis&#8217; demeyecekmi\u015f. Meclis&#8217;in me\u015fruiyetini tart\u0131\u015fmak kimsenin haddine d\u00fc\u015fmez. Hele K\u0131l\u0131\u00e7daro\u011flu&#8217;nun kendisini Meclis&#8217;in me\u015fruiyetini tart\u0131\u015facak \u00fcst bir konumda g\u00f6rerek, bu \u015fekilde konu\u015fmas\u0131 bizim bu \u00fclkede darbecilerin dilinden al\u0131\u015f\u0131k oldu\u011fumuz, \u00e7ok iyi tan\u0131d\u0131\u011f\u0131m\u0131z bir \u00fcsluptur. Gazi Mustafa Kemal&#8217;in bu \u00fclkenin Kurucu Cumhurba\u015fkan\u0131 olarak, bu Meclis&#8217;in ba\u015fkan\u0131 olarak y\u00fcr\u00fctt\u00fc\u011f\u00fc b\u00fct\u00fcn s\u00fcre\u00e7ler dikkate al\u0131nd\u0131\u011f\u0131nda, ne zaman bir laf a\u00e7\u0131lsa &#8216;Biz, Atat\u00fcrk&#8217;\u00fcn kurdu\u011fu partinin devam\u0131y\u0131z&#8217; diyenler, bug\u00fcn Atat\u00fcrk&#8217;\u00fcn kurdu\u011fu partinin devam\u0131 olmad\u0131klar\u0131n\u0131 her vesileyle ve s\u00f6zleriyle a\u00e7\u0131k etmektedirler.&#8221;<\/p>\n<p>\u00c7elik, K\u0131l\u0131\u00e7daro\u011flu&#8217;nun &#8220;Koltu\u011funu b\u0131rak&#8221; seslerine ra\u011fmen, bu tip polemiklerle koltukta kalmaya \u00e7al\u0131\u015ft\u0131\u011f\u0131n\u0131 s\u00f6yledi.<\/p>\n<h3>&#8220;Cehaletten kaynaklanm\u0131yorsa \u00e7ok b\u00fcy\u00fck yanl\u0131\u015f&#8221;<\/h3>\n<p>Azerbaycan Cumhurba\u015fkan\u0131 \u0130lham Aliyev&#8217;in \u0130spanya ziyaretini T\u00fcrkiye&#8217;nin toplant\u0131ya kat\u0131lma \u015fart\u0131 kabul edilmedi\u011fi i\u00e7in iptal etti\u011fini hat\u0131rlatan \u00c7elik, bunu takdirle kar\u015f\u0131lad\u0131klar\u0131n\u0131 ifade etti.<\/p>\n<p>Fransa, Almanya, Avrupa Birli\u011fi ve Ermenistan&#8217;\u0131n kat\u0131laca\u011f\u0131 toplant\u0131ya Azerbaycan&#8217;\u0131n da davet edildi\u011fini ancak T\u00fcrkiye&#8217;nin olmad\u0131\u011f\u0131na dikkati \u00e7eken \u00c7elik, &#8220;Orada Fransa oturacak ama b\u00f6lge bar\u0131\u015f\u0131 i\u00e7in bu kadar b\u00fcy\u00fck bir misyon \u00fcreten Cumhurba\u015fkan\u0131&#8217;m\u0131z ve T\u00fcrkiye o masada olmayacak. Tabii ki Azerbaycan ve Cumhurba\u015fkan\u0131 Aliyev taraf\u0131ndan kabul edilemezdi. Onlar da bu \u015fekilde bir tutum ortaya koydular.&#8221; dedi.<\/p>\n<p>\u00c7elik, Granada&#8217;da toplanacak masada Cumhurba\u015fkan\u0131 Erdo\u011fan ve T\u00fcrkiye&#8217;nin olmamas\u0131n\u0131n, AB&#8217;nin ayn\u0131 vizyonsuzlu\u011fu s\u00fcrd\u00fcrd\u00fc\u011f\u00fcn\u00fc g\u00f6sterdi\u011fine i\u015faret etti.<\/p>\n<p>Fransa D\u0131\u015fi\u015fleri Bakan\u0131 Catherine Colonna&#8217;n\u0131n, Ermenistan ziyaretinden sonra sosyal medya hesab\u0131ndan yapt\u0131\u011f\u0131 payla\u015f\u0131mda A\u011fr\u0131 Da\u011f\u0131 g\u00f6rseli kulland\u0131\u011f\u0131na dikkati \u00e7eken \u00c7elik, &#8220;E\u011fer bu cehaletten kaynaklanm\u0131yorsa \u00e7ok b\u00fcy\u00fck bir yanl\u0131\u015ft\u0131r. Bu diplomasiden bihaber oldu\u011funu, \u00e7\u00f6z\u00fcms\u00fczl\u00fckten yana oldu\u011funu, Da\u011fl\u0131k Karaba\u011f&#8217;\u0131n asli sahibi olan Azerbaycan&#8217;a d\u00f6nmesinden rahats\u0131z oldu\u011funu ve Ermeni diasporas\u0131n\u0131n, o s\u00f6zde soyk\u0131r\u0131m end\u00fcstrisinin s\u00f6zc\u00fcs\u00fc olmaya soyundu\u011funu g\u00f6stermektedir. O tweeti silmelidir. A\u011fr\u0131 Da\u011f\u0131 g\u00f6rselini bu \u015fekilde kullanmas\u0131 son derece b\u00fcy\u00fck bir diplomatik hatad\u0131r.&#8221; diye konu\u015ftu.<\/p>\n<p>(S\u00fcrecek)<\/p>\n<p>                            <span class=\"detay-foto-editor\">&#13;<br \/>\n                                <a href=\"https:\/\/www.aa.com.tr\/tr\/p\/abonelik-talep-formu\/1001\" target=\"_blank\" style=\"font-size:12px; color:#444; text-decoration:none;\" rel=\"noopener\">&#13;<br \/>\n                                    Anadolu Ajans\u0131 web sitesinde, AA Haber Ak\u0131\u015f Sistemi (HAS) \u00fczerinden abonelere sunulan haberler, \u00f6zetlenerek yay\u0131mlanmaktad\u0131r. <b style=\"color:#1897F7\">Abonelik i\u00e7in l\u00fctfen ileti\u015fime ge\u00e7iniz.<\/b>&#13;<br \/>\n                                <\/a>&#13;<br \/>\n                            <\/span>\n                        <\/div>\n<p><script>\n\t  window.fbAsyncInit = function() {\n\t\tFB.init({\n\t\t  appId: '1855843514662870',\n\t\t  status : true, \/\/ check login status\n\t\t  cookie : true, \/\/ enable cookies to allow the server to access the session\n\t\t  xfbml  : true  \/\/ parse XFBML\n\t\t});\n\t  };<\/p>\n<p>\t  (function() {\n\t\tvar e = document.createElement('script');\n\t\te.src=\"https:\/\/connect.facebook.net\/tr_TR\/all.js\";\n\t\te.async = true;\n\t\tdocument.getElementById('fb-root').appendChild(e);\n\t  }());\n    <\/script><\/p>\n","protected":false},"excerpt":{"rendered":"<p>\u00c7elik, parti genel merkezinde d\u00fczenledi\u011fi bas\u0131n toplant\u0131s\u0131nda g\u00fcndeme ili\u015fkin a\u00e7\u0131klamalarda bulundu, sorular\u0131 yan\u0131tlad\u0131. AK Parti kongrelerinin yurt i\u00e7i ve d\u0131\u015f\u0131ndan ilgi g\u00f6rd\u00fc\u011f\u00fcn\u00fc, bu kongrede siyasi parti temsilcilerinin, 30 \u00fclkeden misafirlerin olaca\u011f\u0131n\u0131 belirten \u00c7elik, Cumhurba\u015fkan\u0131 Recep Tayyip Erdo\u011fan&#8217;\u0131n hassasiyetle ve iradeyle y\u00fcr\u00fctt\u00fc\u011f\u00fc tecr\u00fcbe ve de\u011fi\u015fim dengesinin milletin talepleri do\u011frultusunda yeniden kurulmas\u0131n\u0131n bir AK Parti gelene\u011fi oldu\u011funu [&hellip;]<\/p>\n","protected":false},"author":1,"featured_media":16064,"comment_status":"","ping_status":"","sticky":false,"template":"","format":"standard","meta":[],"categories":[47],"tags":[],"_links":{"self":[{"href":"https:\/\/kraios.app\/news\/wp-json\/wp\/v2\/posts\/16063"}],"collection":[{"href":"https:\/\/kraios.app\/news\/wp-json\/wp\/v2\/posts"}],"about":[{"href":"https:\/\/kraios.app\/news\/wp-json\/wp\/v2\/types\/post"}],"author":[{"embeddable":true,"href":"https:\/\/kraios.app\/news\/wp-json\/wp\/v2\/users\/1"}],"replies":[{"embeddable":true,"href":"https:\/\/kraios.app\/news\/wp-json\/wp\/v2\/comments?post=16063"}],"version-history":[{"count":0,"href":"https:\/\/kraios.app\/news\/wp-json\/wp\/v2\/posts\/16063\/revisions"}],"wp:featuredmedia":[{"embeddable":true,"href":"https:\/\/kraios.app\/news\/wp-json\/wp\/v2\/media\/16064"}],"wp:attachment":[{"href":"https:\/\/kraios.app\/news\/wp-json\/wp\/v2\/media?parent=16063"}],"wp:term":[{"taxonomy":"category","embeddable":true,"href":"https:\/\/kraios.app\/news\/wp-json\/wp\/v2\/categories?post=16063"},{"taxonomy":"post_tag","embeddable":true,"href":"https:\/\/kraios.app\/news\/wp-json\/wp\/v2\/tags?post=16063"}],"curies":[{"name":"wp","href":"https:\/\/api.w.org\/{rel}","templated":true}]}}