{"id":16061,"date":"2023-10-04T15:14:28","date_gmt":"2023-10-04T15:14:28","guid":{"rendered":"https:\/\/kraios.app\/news\/ekonomi\/2023\/10\/04\/almanya-linyit-yakitli-elektrik-santrallerinin-bu-kis-da-devreye-alinmasini-onayladi\/"},"modified":"2023-10-04T15:14:28","modified_gmt":"2023-10-04T15:14:28","slug":"almanya-linyit-yakitli-elektrik-santrallerinin-bu-kis-da-devreye-alinmasini-onayladi","status":"publish","type":"post","link":"https:\/\/kraios.app\/news\/ekonomi\/2023\/10\/04\/almanya-linyit-yakitli-elektrik-santrallerinin-bu-kis-da-devreye-alinmasini-onayladi\/","title":{"rendered":"Almanya, linyit yak\u0131tl\u0131 elektrik santrallerinin bu k\u0131\u015f da devreye al\u0131nmas\u0131n\u0131 onaylad\u0131"},"content":{"rendered":"<p> <br \/>\n<br \/>Almanya&#8217;da Bakanlar Kurulu, k\u0131\u015f\u0131n enerji s\u0131k\u0131nt\u0131s\u0131 ya\u015fanmas\u0131 halinde rezervdeki linyit yak\u0131tl\u0131 elektrik santrallerinin Mart 2024 sonuna kadar tekrar devreye sokulmas\u0131n\u0131 onaylad\u0131.<br \/>\n<br \/><br \/>\n<br \/><a href=\"https:\/\/www.aa.com.tr\/tr\/ekonomi\/almanya-linyit-yakitli-elektrik-santrallerinin-bu-kis-da-devreye-alinmasini-onayladi\/3007892\">Source link <\/a><\/p>\n","protected":false},"excerpt":{"rendered":"<p>Almanya&#8217;da Bakanlar Kurulu, k\u0131\u015f\u0131n enerji s\u0131k\u0131nt\u0131s\u0131 ya\u015fanmas\u0131 halinde rezervdeki linyit yak\u0131tl\u0131 elektrik santrallerinin Mart 2024 sonuna kadar tekrar devreye sokulmas\u0131n\u0131 onaylad\u0131. Source link<\/p>\n","protected":false},"author":1,"featured_media":16062,"comment_status":"","ping_status":"","sticky":false,"template":"","format":"standard","meta":[],"categories":[44],"tags":[],"_links":{"self":[{"href":"https:\/\/kraios.app\/news\/wp-json\/wp\/v2\/posts\/16061"}],"collection":[{"href":"https:\/\/kraios.app\/news\/wp-json\/wp\/v2\/posts"}],"about":[{"href":"https:\/\/kraios.app\/news\/wp-json\/wp\/v2\/types\/post"}],"author":[{"embeddable":true,"href":"https:\/\/kraios.app\/news\/wp-json\/wp\/v2\/users\/1"}],"replies":[{"embeddable":true,"href":"https:\/\/kraios.app\/news\/wp-json\/wp\/v2\/comments?post=16061"}],"version-history":[{"count":0,"href":"https:\/\/kraios.app\/news\/wp-json\/wp\/v2\/posts\/16061\/revisions"}],"wp:featuredmedia":[{"embeddable":true,"href":"https:\/\/kraios.app\/news\/wp-json\/wp\/v2\/media\/16062"}],"wp:attachment":[{"href":"https:\/\/kraios.app\/news\/wp-json\/wp\/v2\/media?parent=16061"}],"wp:term":[{"taxonomy":"category","embeddable":true,"href":"https:\/\/kraios.app\/news\/wp-json\/wp\/v2\/categories?post=16061"},{"taxonomy":"post_tag","embeddable":true,"href":"https:\/\/kraios.app\/news\/wp-json\/wp\/v2\/tags?post=16061"}],"curies":[{"name":"wp","href":"https:\/\/api.w.org\/{rel}","templated":true}]}}