{"id":16006,"date":"2023-10-03T19:29:18","date_gmt":"2023-10-03T19:29:18","guid":{"rendered":"https:\/\/kraios.app\/news\/siyaset\/2023\/10\/03\/kirimdaki-kardeslerimiz-turkiyenin-gonul-cografyasinin-bir-parcasini-teskil-ediyor\/"},"modified":"2023-10-03T19:29:18","modified_gmt":"2023-10-03T19:29:18","slug":"kirimdaki-kardeslerimiz-turkiyenin-gonul-cografyasinin-bir-parcasini-teskil-ediyor","status":"publish","type":"post","link":"https:\/\/kraios.app\/news\/siyaset\/2023\/10\/03\/kirimdaki-kardeslerimiz-turkiyenin-gonul-cografyasinin-bir-parcasini-teskil-ediyor\/","title":{"rendered":"K\u0131r\u0131m&#8217;daki karde\u015flerimiz T\u00fcrkiye&#8217;nin g\u00f6n\u00fcl co\u011frafyas\u0131n\u0131n bir par\u00e7as\u0131n\u0131 te\u015fkil ediyor"},"content":{"rendered":"<p><\/p>\n<div>\n<p>TBMM Ba\u015fkan\u0131 Numan Kurtulmu\u015f, Meclis&#8217;te, \u00c7ekya&#8217;n\u0131n Ankara B\u00fcy\u00fckel\u00e7isi Pavel Vacek ile Ukrayna&#8217;n\u0131n Ankara B\u00fcy\u00fckel\u00e7isi Vasyl Bodnar&#8217;\u0131 ayn\u0131 anda kabul etti.<\/p>\n<p>Vacek ile Bodnar, 23-24 Ekim&#8217;de \u00c7ekya&#8217;n\u0131n ba\u015fkenti Prag&#8217;da d\u00fczenlenecek Uluslararas\u0131 K\u0131r\u0131m Platformu \u0130kinci Parlamenter Zirvesi&#8217;ne davet ettikleri Kurtulmu\u015f&#8217;a, T\u00fcrkiye&#8217;nin zirveye sa\u011flad\u0131\u011f\u0131 katk\u0131lar ve Rusya-Ukrayna sava\u015f\u0131nda Ukrayna&#8217;n\u0131n toprak b\u00fct\u00fcnl\u00fc\u011f\u00fc i\u00e7in uluslararas\u0131 platformda verdikleri destek i\u00e7in te\u015fekk\u00fcr etti.<\/p>\n<p>Kurtulmu\u015f, Uluslararas\u0131 K\u0131r\u0131m Platformu \u0130kinci Parlamenter Zirvesi&#8217;ne T\u00fcrkiye olarak kat\u0131lacaklar\u0131n\u0131 ve zirveye \u00f6nem verdiklerini belirtti.<\/p>\n<p>K\u0131r\u0131m meselesinin, T\u00fcrkiye i\u00e7in hassas bir konu oldu\u011funu ifade eden Kurtulmu\u015f, &#8220;K\u0131r\u0131m&#8217;daki dostlar\u0131m\u0131z, karde\u015flerimiz asl\u0131nda T\u00fcrkiye&#8217;nin g\u00f6n\u00fcl co\u011frafyas\u0131n\u0131n bir par\u00e7as\u0131n\u0131 te\u015fkil ediyor. K\u0131r\u0131m&#8217;da ya\u015fananlar\u0131 b\u00fct\u00fcn detaylar\u0131yla takip ediyoruz. K\u0131r\u0131m&#8217;daki karde\u015flerimizin hak ve hukuklar\u0131n\u0131n korunmas\u0131 i\u00e7in de her platformda g\u00f6r\u00fc\u015flerimizi dile getiriyoruz.&#8221; diye konu\u015ftu.<\/p>\n<p>K\u0131r\u0131m&#8217;\u0131n ilhak\u0131 meselesi g\u00fcndeme geldi\u011finde d\u00fcnyada buna kar\u015f\u0131 \u00e7\u0131kan ilk \u00fclkelerden birinin T\u00fcrkiye oldu\u011funu an\u0131msatan Kurtulmu\u015f, b\u00fct\u00fcn platformlarda da K\u0131r\u0131m&#8217;\u0131n ilhak\u0131 fikrinin uluslararas\u0131 hukuka uygun olmad\u0131\u011f\u0131n\u0131, K\u0131r\u0131m&#8217;\u0131n, Ukrayna&#8217;n\u0131n toprak b\u00fct\u00fcnl\u00fc\u011f\u00fc i\u00e7erisinde ele al\u0131nmas\u0131 gerekti\u011fini hep ifade ettiklerini s\u00f6yledi.<\/p>\n<h3>&#8220;T\u00fcrkiye, Ukrayna&#8217;n\u0131n egemenli\u011fi, ba\u011f\u0131ms\u0131zl\u0131\u011f\u0131 ve toprak b\u00fct\u00fcnl\u00fc\u011f\u00fcnden yanad\u0131r&#8221;<\/h3>\n<p>Rusya-Ukrayna sava\u015f\u0131n\u0131n ilk an\u0131ndan itibaren de T\u00fcrkiye&#8217;nin pozisyonun \u00e7ok net oldu\u011funa dikkati \u00e7eken Kurtulmu\u015f, &#8220;T\u00fcrkiye, Ukrayna&#8217;n\u0131n egemenli\u011fi, ba\u011f\u0131ms\u0131zl\u0131\u011f\u0131 ve toprak b\u00fct\u00fcnl\u00fc\u011f\u00fcnden yanad\u0131r. K\u0131r\u0131m&#8217;\u0131n ilhak\u0131 gibi Ukrayna&#8217;ya ait di\u011fer b\u00f6lgelerin de ilhak edilmesi konusunda reaksiyonumuzu \u00e7ok h\u0131zl\u0131 bir \u015fekilde verdik. Bu ilhaklar\u0131n da kabul edilemez, uluslararas\u0131 hukuka ayk\u0131r\u0131 oldu\u011funu b\u00fct\u00fcn d\u00fcnyaya deklare etmi\u015f olduk.&#8221; \u015feklinde konu\u015ftu.<\/p>\n<p>TBMM Ba\u015fkan\u0131 Kurtulmu\u015f, Rusya ve Ukrayna&#8217;ya kom\u015fu olan, her iki \u00fclkeyle de ili\u015fkilerini geli\u015ftirme niyetinde olan bir \u00fclke olarak T\u00fcrkiye&#8217;nin, hem Ukrayna&#8217;n\u0131n hak ve hukukunu korumak hem de bir an evvel bu sava\u015f\u0131n sona ermesini temin etmek i\u00e7in b\u00fct\u00fcn g\u00fcc\u00fcn\u00fc seferber etti\u011fini kaydetti.<\/p>\n<p>Sava\u015f dolay\u0131s\u0131yla yitip giden hayatlar\u0131n oldu\u011funu an\u0131msatan Kurtulmu\u015f, bu sava\u015f\u0131n bir an evvel sona erdirilmesinin uluslararas\u0131 camian\u0131n esas almas\u0131 gereken noktalardan birisi oldu\u011funu vurgulad\u0131.<\/p>\n<p>T\u00fcrkiye&#8217;nin, sava\u015f\u0131n a\u011f\u0131r y\u0131k\u0131mlar\u0131n\u0131n kald\u0131r\u0131lmas\u0131 i\u00e7in her iki tarafla da s\u00fcrekli g\u00f6r\u00fc\u015febilen tek \u00fclke oldu\u011funa dikkati \u00e7eken Kurtulmu\u015f, bunun sonu\u00e7lardan birisinin \u00e7ok say\u0131da sava\u015f esirinin kar\u015f\u0131l\u0131kl\u0131 olarak de\u011fi\u015ftirilmesi ve Karadeniz Tah\u0131l Koridoru&#8217;nun a\u00e7\u0131lmas\u0131 oldu\u011funu an\u0131msatt\u0131.<\/p>\n<h3>&#8220;D\u00fcnyada bar\u0131\u015f\u0131 sa\u011flayabilecek yeni bir sistemin kurulmas\u0131na ihtiya\u00e7 oldu\u011fu m\u00fc\u015fahede edilmi\u015ftir&#8221;<\/h3>\n<p>TBMM Ba\u015fkan\u0131 Kurtulmu\u015f, Rusya-Ukrayna sava\u015f\u0131n\u0131n b\u00fct\u00fcn d\u00fcnyaya \u00f6\u011fretti\u011fi hususlar\u0131n da bulundu\u011funa i\u015faret ederek, \u015funlar\u0131 kaydetti:<\/p>\n<p>&#8220;Bu sava\u015f\u0131n bu kadar a\u011f\u0131r kay\u0131plarla devam etmi\u015f olmas\u0131 ve hakkaniyetli bir bar\u0131\u015f ekseninde sonland\u0131r\u0131lamam\u0131\u015f olmas\u0131, d\u00fcnya sisteminin kurumlar\u0131n\u0131n da art\u0131k fonksiyon g\u00f6rmedi\u011fi anlam\u0131na geliyor. Ba\u015fta Birle\u015fmi\u015f Milletler ile Avrupa&#8217;n\u0131n ve Bat\u0131&#8217;n\u0131n g\u00fcvenli\u011finden sorumlu kurumlar olmak \u00fczere, d\u00fcnyadaki uluslararas\u0131 siyasal mimarinin \u00e7\u00f6km\u00fc\u015f oldu\u011funu g\u00f6r\u00fcyoruz. Dolay\u0131s\u0131yla d\u00fcnyada bar\u0131\u015f\u0131, hakkaniyeti, adaleti sa\u011flayabilecek yeni bir sistemin kurulmas\u0131na ihtiya\u00e7 oldu\u011fu her zamankinden daha \u00e7ok bu vesileyle bir kere daha m\u00fc\u015fahede edilmi\u015ftir.<\/p>\n<p>Onun i\u00e7in T\u00fcrkiye olarak uzun y\u0131llard\u0131r b\u00fct\u00fcn uluslararas\u0131 platformlarda &#8216;D\u00fcnya be\u015ften b\u00fcy\u00fckt\u00fcr&#8217; diyoruz. &#8216;D\u00fcnyada yeni ve hakkaniyetli bir sistemin kurulmas\u0131 \u015fartt\u0131r&#8217; diyerek her platformda g\u00f6r\u00fc\u015f\u00fcm\u00fcz\u00fc dile getiriyoruz. \u00dcmit ediyorum ki Prag&#8217;da ger\u00e7ekle\u015ftirilecek K\u0131r\u0131m Zirvesi, K\u0131r\u0131m halk\u0131n\u0131n ya\u015fad\u0131\u011f\u0131 s\u0131k\u0131nt\u0131lar\u0131n uluslararas\u0131 alana ta\u015f\u0131nmas\u0131 bak\u0131m\u0131ndan \u00f6nemli bir ara\u00e7 olur. Ayn\u0131 zamanda bu platform vas\u0131tas\u0131yla K\u0131r\u0131m ba\u015fta olmak \u00fczere Rusya taraf\u0131ndan ilhak edilen topraklar\u0131n yeniden asli stat\u00fclerine d\u00f6n\u00fc\u015fmesi i\u00e7in uluslararas\u0131 alanda \u00f6nemli bir ad\u0131m olarak ger\u00e7ekle\u015fir.&#8221;<\/p>\n<p>                            <span class=\"detay-foto-editor\">&#13;<br \/>\n                                <a href=\"https:\/\/www.aa.com.tr\/tr\/p\/abonelik-talep-formu\/1001\" target=\"_blank\" style=\"font-size:12px; color:#444; text-decoration:none;\" rel=\"noopener\">&#13;<br \/>\n                                    Anadolu Ajans\u0131 web sitesinde, AA Haber Ak\u0131\u015f Sistemi (HAS) \u00fczerinden abonelere sunulan haberler, \u00f6zetlenerek yay\u0131mlanmaktad\u0131r. <b style=\"color:#1897F7\">Abonelik i\u00e7in l\u00fctfen ileti\u015fime ge\u00e7iniz.<\/b>&#13;<br \/>\n                                <\/a>&#13;<br \/>\n                            <\/span>\n                        <\/div>\n<p><script>\n\t  window.fbAsyncInit = function() {\n\t\tFB.init({\n\t\t  appId: '1855843514662870',\n\t\t  status : true, \/\/ check login status\n\t\t  cookie : true, \/\/ enable cookies to allow the server to access the session\n\t\t  xfbml  : true  \/\/ parse XFBML\n\t\t});\n\t  };<\/p>\n<p>\t  (function() {\n\t\tvar e = document.createElement('script');\n\t\te.src=\"https:\/\/connect.facebook.net\/tr_TR\/all.js\";\n\t\te.async = true;\n\t\tdocument.getElementById('fb-root').appendChild(e);\n\t  }());\n    <\/script><\/p>\n","protected":false},"excerpt":{"rendered":"<p>TBMM Ba\u015fkan\u0131 Numan Kurtulmu\u015f, Meclis&#8217;te, \u00c7ekya&#8217;n\u0131n Ankara B\u00fcy\u00fckel\u00e7isi Pavel Vacek ile Ukrayna&#8217;n\u0131n Ankara B\u00fcy\u00fckel\u00e7isi Vasyl Bodnar&#8217;\u0131 ayn\u0131 anda kabul etti. Vacek ile Bodnar, 23-24 Ekim&#8217;de \u00c7ekya&#8217;n\u0131n ba\u015fkenti Prag&#8217;da d\u00fczenlenecek Uluslararas\u0131 K\u0131r\u0131m Platformu \u0130kinci Parlamenter Zirvesi&#8217;ne davet ettikleri Kurtulmu\u015f&#8217;a, T\u00fcrkiye&#8217;nin zirveye sa\u011flad\u0131\u011f\u0131 katk\u0131lar ve Rusya-Ukrayna sava\u015f\u0131nda Ukrayna&#8217;n\u0131n toprak b\u00fct\u00fcnl\u00fc\u011f\u00fc i\u00e7in uluslararas\u0131 platformda verdikleri destek i\u00e7in te\u015fekk\u00fcr [&hellip;]<\/p>\n","protected":false},"author":1,"featured_media":16007,"comment_status":"","ping_status":"","sticky":false,"template":"","format":"standard","meta":[],"categories":[47],"tags":[],"_links":{"self":[{"href":"https:\/\/kraios.app\/news\/wp-json\/wp\/v2\/posts\/16006"}],"collection":[{"href":"https:\/\/kraios.app\/news\/wp-json\/wp\/v2\/posts"}],"about":[{"href":"https:\/\/kraios.app\/news\/wp-json\/wp\/v2\/types\/post"}],"author":[{"embeddable":true,"href":"https:\/\/kraios.app\/news\/wp-json\/wp\/v2\/users\/1"}],"replies":[{"embeddable":true,"href":"https:\/\/kraios.app\/news\/wp-json\/wp\/v2\/comments?post=16006"}],"version-history":[{"count":0,"href":"https:\/\/kraios.app\/news\/wp-json\/wp\/v2\/posts\/16006\/revisions"}],"wp:featuredmedia":[{"embeddable":true,"href":"https:\/\/kraios.app\/news\/wp-json\/wp\/v2\/media\/16007"}],"wp:attachment":[{"href":"https:\/\/kraios.app\/news\/wp-json\/wp\/v2\/media?parent=16006"}],"wp:term":[{"taxonomy":"category","embeddable":true,"href":"https:\/\/kraios.app\/news\/wp-json\/wp\/v2\/categories?post=16006"},{"taxonomy":"post_tag","embeddable":true,"href":"https:\/\/kraios.app\/news\/wp-json\/wp\/v2\/tags?post=16006"}],"curies":[{"name":"wp","href":"https:\/\/api.w.org\/{rel}","templated":true}]}}