{"id":16002,"date":"2023-10-03T18:54:01","date_gmt":"2023-10-03T18:54:01","guid":{"rendered":"https:\/\/kraios.app\/news\/spor\/2023\/10\/03\/trabzonspor-kulubu-baskani-ertugrul-dogan-pfdkye-sevk-edildi\/"},"modified":"2023-10-03T18:54:01","modified_gmt":"2023-10-03T18:54:01","slug":"trabzonspor-kulubu-baskani-ertugrul-dogan-pfdkye-sevk-edildi","status":"publish","type":"post","link":"https:\/\/kraios.app\/news\/spor\/2023\/10\/03\/trabzonspor-kulubu-baskani-ertugrul-dogan-pfdkye-sevk-edildi\/","title":{"rendered":"Trabzonspor Kul\u00fcb\u00fc Ba\u015fkan\u0131 Ertu\u011frul Do\u011fan PFDK&#039;ye sevk edildi"},"content":{"rendered":"<p>T\u00fcrkiye Futbol Federasyonu (TFF) Hukuk M\u00fc\u015favirli\u011fi, Trabzonspor Kul\u00fcb\u00fc Ba\u015fkan\u0131 Ertu\u011frul Do\u011fan&#8217;\u0131 Profesyonel Futbol Disiplin Kuruluna (PFDK) sevk etti.<\/p>\n","protected":false},"excerpt":{"rendered":"<p>T\u00fcrkiye Futbol Federasyonu (TFF) Hukuk M\u00fc\u015favirli\u011fi, Trabzonspor Kul\u00fcb\u00fc Ba\u015fkan\u0131 Ertu\u011frul Do\u011fan&#8217;\u0131 Profesyonel Futbol Disiplin Kuruluna (PFDK) sevk etti.<\/p>\n","protected":false},"author":1,"featured_media":16003,"comment_status":"","ping_status":"","sticky":false,"template":"","format":"standard","meta":[],"categories":[48],"tags":[],"_links":{"self":[{"href":"https:\/\/kraios.app\/news\/wp-json\/wp\/v2\/posts\/16002"}],"collection":[{"href":"https:\/\/kraios.app\/news\/wp-json\/wp\/v2\/posts"}],"about":[{"href":"https:\/\/kraios.app\/news\/wp-json\/wp\/v2\/types\/post"}],"author":[{"embeddable":true,"href":"https:\/\/kraios.app\/news\/wp-json\/wp\/v2\/users\/1"}],"replies":[{"embeddable":true,"href":"https:\/\/kraios.app\/news\/wp-json\/wp\/v2\/comments?post=16002"}],"version-history":[{"count":0,"href":"https:\/\/kraios.app\/news\/wp-json\/wp\/v2\/posts\/16002\/revisions"}],"wp:featuredmedia":[{"embeddable":true,"href":"https:\/\/kraios.app\/news\/wp-json\/wp\/v2\/media\/16003"}],"wp:attachment":[{"href":"https:\/\/kraios.app\/news\/wp-json\/wp\/v2\/media?parent=16002"}],"wp:term":[{"taxonomy":"category","embeddable":true,"href":"https:\/\/kraios.app\/news\/wp-json\/wp\/v2\/categories?post=16002"},{"taxonomy":"post_tag","embeddable":true,"href":"https:\/\/kraios.app\/news\/wp-json\/wp\/v2\/tags?post=16002"}],"curies":[{"name":"wp","href":"https:\/\/api.w.org\/{rel}","templated":true}]}}