{"id":15986,"date":"2023-10-03T13:00:07","date_gmt":"2023-10-03T13:00:07","guid":{"rendered":"https:\/\/kraios.app\/news\/siyaset\/2023\/10\/03\/mhp-yeni-anayasa-icin-100-maddelik-teklif-metniyle-hazir\/"},"modified":"2023-10-03T13:00:07","modified_gmt":"2023-10-03T13:00:07","slug":"mhp-yeni-anayasa-icin-100-maddelik-teklif-metniyle-hazir","status":"publish","type":"post","link":"https:\/\/kraios.app\/news\/siyaset\/2023\/10\/03\/mhp-yeni-anayasa-icin-100-maddelik-teklif-metniyle-hazir\/","title":{"rendered":"MHP yeni anayasa i\u00e7in 100 maddelik teklif metniyle haz\u0131r"},"content":{"rendered":"<p><\/p>\n<div>\n<p>MHP Genel Ba\u015fkan\u0131 Devlet Bah\u00e7eli, MHP TBMM Grup Toplant\u0131s\u0131&#8217;nda yapt\u0131\u011f\u0131 konu\u015fmada, gelecek d\u00f6nemde siyasi g\u00fcndem ve etaplarla ilgili stratejik de\u011ferlendirmelerini yaparak kararl\u0131 bir \u015fekilde yola devam edeceklerini s\u00f6yledi.<\/p>\n<p>\u0130lk g\u00fcndemlerinin depremin hasarlar\u0131n\u0131 t\u00fcm\u00fcyle onarmak, yaralar\u0131 sarmak, yeni ve g\u00fcvenli 650 bin konutu in\u015fa ederek depremzedelere teslim etmek oldu\u011funu anlatan Bah\u00e7eli, yaralar\u0131n \u00f6zenle sar\u0131laca\u011f\u0131n\u0131, g\u00fcvenli bir gelecek kurulaca\u011f\u0131n\u0131 ifade etti.<\/p>\n<p>Devlet Bah\u00e7eli, ikinci g\u00fcndem konular\u0131n\u0131n sosyal ve ekonomik reformlarla toplumsal refah ve rahatlamay\u0131 daha da g\u00fc\u00e7lendirmek, daha da geni\u015fletmek ve her kesime yaymak oldu\u011funu belirtti. Enflasyonla m\u00fccadelede ba\u015far\u0131l\u0131 sonu\u00e7lar al\u0131nd\u0131\u011f\u0131n\u0131, herkesin ortak \u015fikayeti olan hayat pahal\u0131l\u0131\u011f\u0131n\u0131n g\u00fcnden g\u00fcne tesirini kaybedece\u011fini dile getiren Bah\u00e7eli, \u015funlar\u0131 kaydetti:<\/p>\n<p>&#8220;Say\u0131lar\u0131 16 milyonu bulan emeklilerimizin insanca ve huzur i\u00e7inde ya\u015fayacaklar\u0131 bir \u00fccret d\u00fczeyine kavu\u015fmalar\u0131ndan ba\u015fka se\u00e7enek kalmam\u0131\u015ft\u0131r. Emekli maa\u015flar\u0131na enflasyon \u00fczerinde zam verilmesi, hatta zamm\u0131n k\u00f6k \u00fccrete yans\u0131t\u0131lmas\u0131 samimi dile\u011fimiz ve beklentimizdir. Ayr\u0131ca k\u00fc\u00e7\u00fck \u00f6l\u00e7ekli i\u015f yapan esnaflar\u0131m\u0131zla \u00e7ift\u00e7ilerimizin prim y\u00fck\u00fcn\u00fcn hafifletilmesi, ev han\u0131mlar\u0131na sigorta deste\u011fi sa\u011flanmas\u0131 hususunda \u00fczerimize d\u00fc\u015fen sorumlulu\u011fu yerine getirece\u011fiz. Bu \u00e7er\u00e7evede k\u00fc\u00e7\u00fck esnaf\u0131n emeklilik g\u00fcn say\u0131s\u0131 7200&#8217;e indirilmelidir. Cumhuriyet&#8217;in 100. y\u0131l d\u00f6n\u00fcm\u00fc \u015ferefine memurlar\u0131m\u0131zdan i\u015f\u00e7ilerimize, emeklilerimizden esnaflar\u0131m\u0131za, \u00e7ift\u00e7ilerimizden dar ve orta gelirli insanlar\u0131m\u0131za var\u0131ncaya kadar sosyal ve ekonomik y\u00f6nden hepsinin y\u00fcz\u00fcn\u00fc g\u00fcld\u00fcrmek boynumuzun borcudur.&#8221;<\/p>\n<h3>&#8220;1 Ekim sald\u0131r\u0131s\u0131n\u0131n \u00f6n\u00fc ve arkas\u0131 s\u00fcratle ayd\u0131nlat\u0131lacak&#8221;<\/h3>\n<p>MHP lideri Bah\u00e7eli, ter\u00f6rle m\u00fccadeleyi mutlak bir ba\u015far\u0131yla sonu\u00e7land\u0131r\u0131p bu kanl\u0131 d\u00f6ng\u00fcy\u00fc milletin ve \u00fclkenin g\u00fcndeminden tamam\u0131yla \u00e7\u0131karman\u0131n, \u00fc\u00e7\u00fcnc\u00fc g\u00fcndem konular\u0131 oldu\u011funu vurgulad\u0131.<\/p>\n<p>Bah\u00e7eli, 1 Ekim 2023&#8217;te, Meclis&#8217;in a\u00e7\u0131ld\u0131\u011f\u0131 g\u00fcn Emniyet Genel M\u00fcd\u00fcrl\u00fc\u011f\u00fc ve \u0130\u00e7i\u015fleri Bakanl\u0131\u011f\u0131 binalar\u0131n\u0131n \u00f6n\u00fcne kadar gelen ter\u00f6ristlerin bombal\u0131 sald\u0131r\u0131 giri\u015fiminde bulunduklar\u0131n\u0131 hat\u0131rlatarak, bu hain sald\u0131r\u0131da iki polisin yaraland\u0131\u011f\u0131n\u0131, iki ter\u00f6ristin imha oldu\u011funu s\u00f6yledi. B\u00f6l\u00fcc\u00fc ter\u00f6ristlerin Kayseri&#8217;de \u015fehit edip otomobilini gasbettikleri veteriner teknikeri Mikail Bozla\u011fan&#8217;a Allah&#8217;tan rahmet, ailesine ba\u015fsa\u011fl\u0131\u011f\u0131 dileyen Bah\u00e7eli, s\u00f6zlerini \u015f\u00f6yle s\u00fcrd\u00fcrd\u00fc:<\/p>\n<p>&#8220;Ter\u00f6r\u00fc b\u00fct\u00fcn inanc\u0131mla lanetliyorum. Bu kanl\u0131 eylemi, &#8216;PKK&#8217;n\u0131n \u00f6l\u00fcms\u00fczler taburu&#8217; isimli \u015ferefsiz bir aparat\u0131n\u0131n ger\u00e7ekle\u015ftirdi\u011fi belli olmu\u015ftur. Ter\u00f6r\u00fcn sonu\u00e7 almas\u0131, T\u00fcrkiye&#8217;ye geri ad\u0131m att\u0131rmas\u0131, hakl\u0131 m\u00fccadeleyi sekteye u\u011fratmas\u0131 asla, kata m\u00fcmk\u00fcn de\u011fildir. Bu ha\u015faratlar\u0131n, bu insanl\u0131k defolar\u0131n\u0131n, bu soysuzlar\u0131n in\u015fallah k\u00f6k\u00fc kurutulacakt\u0131r. Ter\u00f6rle huzur, ter\u00f6rle g\u00fcvenlik, ter\u00f6rle insanl\u0131k aras\u0131nda ikinci bir se\u00e7enek yoktur. B\u00f6l\u00fcc\u00fc ter\u00f6r \u00f6rg\u00fct\u00fc kar\u015f\u0131s\u0131nda \u015faibeli ve \u015f\u00fcpheli duru\u015f sergileyen, canilere sahip \u00e7\u0131kan veya onlardan medet uman kim varsa, durumunu tekrar g\u00f6zden ge\u00e7irmeli, h\u0131yanetle \u00e7ak\u0131\u015fan yollar\u0131n\u0131 derhal ve \u00f6n \u015farts\u0131z ay\u0131rmal\u0131d\u0131r. Elbette 1 Ekim tarihli ter\u00f6r sald\u0131r\u0131s\u0131n\u0131n \u00f6n\u00fc ve arkas\u0131 s\u00fcratle ayd\u0131nlat\u0131lacak, ter\u00f6ristlerin Kayseri&#8217;den Ankara&#8217;ya nas\u0131l geldikleri, yard\u0131m ve yatakl\u0131\u011f\u0131n kimler taraf\u0131ndan yap\u0131ld\u0131\u011f\u0131 a\u00e7\u0131kl\u0131\u011fa kavu\u015facakt\u0131r.&#8221;<\/p>\n<p>Devlet Bah\u00e7eli, sald\u0131r\u0131n\u0131n esasen T\u00fcrkiye&#8217;ye kar\u015f\u0131 yap\u0131ld\u0131\u011f\u0131n\u0131 belirterek, &#8220;Bu sald\u0131r\u0131dan hemen sonra sosyal medyadan \u0130\u00e7i\u015fleri Bakanl\u0131\u011f\u0131 ekseninde maksatl\u0131 tart\u0131\u015fmalar\u0131n k\u00f6r\u00fcklenmesi, eski ve yeni bakanlar aras\u0131nda fitne ve fesat \u00fcretiminin tahrik edilmesi T\u00fcrkiye d\u00fc\u015fmanlar\u0131n\u0131n de\u011firmenine su ta\u015f\u0131yan ars\u0131zl\u0131k ve ahlaks\u0131zl\u0131kt\u0131r. Tescilli FET\u00d6&#8217;c\u00fclerin \u00f6zellikle Say\u0131n S\u00fcleyman Soylu&#8217;ya iftira kuyru\u011funa girmeleri, baz\u0131lar\u0131n\u0131n da g\u00f6revdeki \u0130\u00e7i\u015fleri Bakan\u0131&#8217;n\u0131 k\u00f6t\u00fclemeleri \u00fclkemize kurulan zaman ayarl\u0131 bir tuzakt\u0131r.&#8221; diye konu\u015ftu.<\/p>\n<h3>&#8220;\u015eanl\u0131 bir m\u00fccadele esnas\u0131nda arasak bile hi\u00e7 kimseyi bulamay\u0131z&#8221;<\/h3>\n<p>MHP lideri Bah\u00e7eli, emniyet te\u015fkilat\u0131nda tecr\u00fcbeyle ve kahramanca g\u00f6rev yapan, fakat bir sebepten dolay\u0131 g\u00f6revden al\u0131nan baz\u0131 isimler etraf\u0131nda dedikodu kampanyas\u0131na tevess\u00fcl edilmesinin do\u011fru ve hakkaniyetli bir uygulama olmad\u0131\u011f\u0131na i\u015faret etti.<\/p>\n<p>Ter\u00f6rle m\u00fccadeleyi cesaretle ve inanm\u0131\u015fl\u0131kla icra eden kamu g\u00f6revlilerinin itibarlar\u0131yla ve mesleki onurlar\u0131yla oynanmas\u0131n\u0131n \u00e7ok tehlikeli sonu\u00e7lara sebebiyet verece\u011fini dile getiren Bah\u00e7eli, \u015funlar\u0131 s\u00f6yledi:<\/p>\n<p>&#8220;(Bu vatan i\u00e7in kim can\u0131n\u0131 ortaya koyar?) diye soruldu\u011funda; sa\u011f\u0131na, soluna bakmadan, arkas\u0131n\u0131 \u00f6n\u00fcn\u00fc kollamadan &#8216;Ben var\u0131m.&#8217; diyen vatan evlatlar\u0131na sahip \u00e7\u0131kmak, \u00fcstlendikleri makam ve g\u00f6revlerinde sabit tutmak milli g\u00fcvenli\u011fimizin ka\u00e7\u0131n\u0131lmaz bir gere\u011fidir. Nefisleri ve ertelenmi\u015f hesaplar\u0131 \u00e7at\u0131\u015ft\u0131rarak devletin \u00fclkesi ve milletiyle b\u00f6l\u00fcnmez b\u00fct\u00fcnl\u00fc\u011f\u00fcn\u00fc muhafaza etmek \u00e7ok zordur. 15 Temmuz FET\u00d6 darbe te\u015febb\u00fcs\u00fcnden sonra vatana ve millete fedakarl\u0131kla hizmet eden evlatlar\u0131m\u0131z\u0131 dar\u0131lt\u0131rsak, incitirsek, k\u0131r\u0131p k\u00fcst\u00fcr\u00fcrsek, Allah muhafaza, g\u00fcn\u00fc geldi\u011finde, ihtiya\u00e7 has\u0131l oldu\u011funda sonu \u015fehadet veya gazilik olan \u015fanl\u0131 bir m\u00fccadele esnas\u0131nda arasak bile hi\u00e7 kimseyi bulamay\u0131z. Devlet y\u00f6netiminde duygusall\u0131k, ihmal olmaz; kahramana m\u00fckafat, haine cezadan ba\u015fka bir \u015fey olamaz. Ter\u00f6rle m\u00fccadelede deneyim kazanm\u0131\u015f, ahlaken ve vicdanen milletine kendisini vakfetmi\u015f kim varsa ba\u015f\u0131m\u0131z\u0131n tac\u0131d\u0131r, onlar\u0131n \u00fcz\u00fclmesi ve d\u0131\u015flanmas\u0131 \u00e7ok sak\u0131ncal\u0131d\u0131r.&#8221;<\/p>\n<h3>&#8220;Yeni anayasa hem MHP hem de Cumhur \u0130ttifak\u0131 i\u00e7in ortak hedef&#8221;<\/h3>\n<p>MHP Genel Ba\u015fkan\u0131 Bah\u00e7eli, d\u00f6rd\u00fcnc\u00fc g\u00fcndem konular\u0131n\u0131n ise yeni, demokratik, kapsay\u0131c\u0131, mutabakata dayal\u0131, milletin beklentilerine uygun, Cumhurba\u015fkanl\u0131\u011f\u0131 H\u00fck\u00fcmet Sistemi&#8217;nin do\u011fas\u0131yla uyumlu, yeni \u00e7a\u011f\u0131 kavrayan, T\u00fcrk ve T\u00fcrkiye Y\u00fczy\u0131l\u0131&#8217;n\u0131n hukuki altyap\u0131s\u0131n\u0131 kuran bir anayasay\u0131 T\u00fcrkiye&#8217;ye kazand\u0131rmak oldu\u011funu vurgulayarak, \u015f\u00f6yle devam etti:<\/p>\n<p>&#8220;MHP yeni anayasan\u0131n haz\u0131rlanmas\u0131nda 100 maddelik teklif metniyle haz\u0131rd\u0131r. Toplumun her kesimi bu s\u00fcrecin i\u00e7inde olmal\u0131d\u0131r. TBMM&#8217;de temsil edilen siyasi partiler sorumluluktan ka\u00e7mak yerine, milletimizin taleplerine m\u00fczahir, yap\u0131c\u0131 ve destekleyici tav\u0131r ve tutum i\u00e7inde hareket etmelidir. Darbe anayasas\u0131 T\u00fcrkiye&#8217;ye lay\u0131k de\u011fildir. Art\u0131k vakit gelmi\u015ftir.<\/p>\n<p>K\u0131l\u0131\u00e7daro\u011flu&#8217;nun tek adamla anayasa olmaz \u00e7\u0131k\u0131\u015f\u0131 aymazl\u0131kt\u0131r, ak\u0131ls\u0131zl\u0131kt\u0131r, ay\u0131pt\u0131r. Kald\u0131 ki T\u00fcrkiye&#8217;de tek adam sistemi falan diye bir \u015fey yoktur. Bu uydurman\u0131n anayasa haz\u0131rl\u0131\u011f\u0131n\u0131 istismar etmek ve minder d\u0131\u015f\u0131na \u00e7\u0131kmak i\u00e7in kullan\u0131ld\u0131\u011f\u0131 a\u00e7\u0131kt\u0131r. T\u00fcrkiye Cumhuriyeti&#8217;nin 100. y\u0131l d\u00f6n\u00fcm\u00fcn\u00fc yeni bir anayasayla ta\u00e7land\u0131rmak hem MHP hem de Cumhur \u0130ttifak\u0131 i\u00e7in ortak hedeftir.&#8221;<\/p>\n<h3>&#8220;Suriye ve M\u0131s\u0131r ile temaslar memnuniyet verici&#8221;<\/h3>\n<p>Bah\u00e7eli, adaletten sanata, sanayiden e\u011fitime, ula\u015ft\u0131rmadan sa\u011fl\u0131\u011fa, spordan k\u00fclt\u00fcrel hayata, tar\u0131mdan teknolojiye, \u00e7evre ve iklim de\u011fi\u015fikli\u011finden kentsel d\u00f6n\u00fc\u015f\u00fcme, diplomasiden turizme, ekonomiden siyasete var\u0131ncaya kadar her alanda yeni y\u00fczy\u0131l\u0131n ruhunu kavrayan ve devam eden yap\u0131sal d\u00f6n\u00fc\u015f\u00fcm hamlesini h\u0131zland\u0131ran, \u00f6n\u00fcm\u00fczdeki y\u00fczy\u0131l\u0131 T\u00fcrk\u00e7e ku\u015fatan bir milli stratejiyi el birli\u011fiyle olu\u015fturup olgunla\u015ft\u0131rman\u0131n di\u011fer g\u00fcndem konular\u0131 oldu\u011funu anlatt\u0131.<\/p>\n<p>Alt\u0131nc\u0131 g\u00fcndem konular\u0131n\u0131n ise \u00e7evrelerini samimi diyalog ve sa\u011flam diplomasi imkanlar\u0131yla bar\u0131\u015f ku\u015fa\u011f\u0131 haline d\u00f6n\u00fc\u015ft\u00fcrmek, kom\u015fularla iyi ve dostane ili\u015fkiler geli\u015ftirmek, T\u00fcrk ve \u0130slam d\u00fcnyas\u0131yla s\u0131k\u0131 diyaloglar kurmak oldu\u011funu a\u00e7\u0131klayan Bah\u00e7eli, &#8220;Suriye ve M\u0131s\u0131r ile temaslar memnuniyet vericidir. S\u0131\u011f\u0131nmac\u0131lar\u0131n \u00fclkelerine g\u00fcvenli, g\u00f6n\u00fcll\u00fc ve onurlu d\u00f6n\u00fc\u015fleri i\u00e7in b\u00fct\u00fcn tedbirler e\u015fzamanl\u0131 olarak al\u0131nmal\u0131d\u0131r. \u00dclkemizde misafir etti\u011fimiz kom\u015fu \u00fclke insanlar\u0131na cephe almak vatanseverlik de\u011fil, provokat\u00f6rl\u00fckt\u00fcr.&#8221; de\u011ferlendirmelerinde bulundu.<\/p>\n<p>Kazakistan&#8217;da 3 Kas\u0131m 2023&#8217;te yap\u0131lacak T\u00fcrk Devletleri Te\u015fkilat\u0131 Toplant\u0131s\u0131&#8217;nda KKTC&#8217;nin g\u00f6zlemci \u00fclke olarak yerini almas\u0131n\u0131n, K\u0131br\u0131s T\u00fcrkl\u00fc\u011f\u00fcn\u00fcn tan\u0131nmas\u0131nda \u00f6nemli bir e\u015fik olaca\u011f\u0131na i\u015faret eden Bah\u00e7eli, &#8220;Art\u0131k Kuzey K\u0131br\u0131s T\u00fcrk Cumhuriyeti demeye gerek yok, K\u0131br\u0131s Devleti demek gerek.&#8221; ifadesini kulland\u0131.<\/p>\n<p>Devlet Bah\u00e7eli, 19 Eyl\u00fcl 2023&#8217;te Azerbaycan&#8217;\u0131n Karaba\u011f&#8217;da d\u00fczenledi\u011fi antiter\u00f6r operasyonuna de\u011finerek, &#8220;Karaba\u011f T\u00fcrk&#8217;t\u00fcr, T\u00fcrk milletinindir, Azerbaycan&#8217;\u0131n egemenlik alan\u0131 ve sonuna kadar da topra\u011f\u0131d\u0131r. Azerbaycan&#8217;\u0131n siyasi ve toprak b\u00fct\u00fcnl\u00fc\u011f\u00fcne tart\u0131\u015fmas\u0131z, hilafs\u0131z, \u00f6n \u015farts\u0131z sayg\u0131 duyulmal\u0131, Karaba\u011f \u00fczerinde hi\u00e7bir muhas\u0131m g\u00fc\u00e7 hesap hatas\u0131 yapmamal\u0131d\u0131r. Say\u0131n Aliyev ile Ermenistan Ba\u015fbakan\u0131 Pa\u015finyan aras\u0131nda 5 Ekim 2023&#8217;te \u0130spanya&#8217;da yap\u0131lacak g\u00f6r\u00fc\u015fmenin hay\u0131rlara vesile olmas\u0131 i\u00e7ten beklentimizdir.&#8221; dedi.<\/p>\n<h3>&#8220;(15 Temmuz) Unutursak g\u00f6k girsin k\u0131z\u0131l \u00e7\u0131ks\u0131n&#8221;<\/h3>\n<p>\u0130l ve il\u00e7e kongrelerini b\u00fcy\u00fck oranda tamamlayarak 14. B\u00fcy\u00fck Kurultay&#8217;a haz\u0131r hale geldiklerini dile getiren Bah\u00e7eli, partisinin se\u00e7imlere heyecan ve inanm\u0131\u015fl\u0131kla haz\u0131rland\u0131\u011f\u0131n\u0131 vurgulad\u0131. Bah\u00e7eli, &#8220;Akl\u0131n yolu bir, genelden yerele birlik, \u00fclkede y\u00f6netimde dirlik i\u00e7in Cumhur \u0130ttifak\u0131 ile y\u00fcr\u00fcyoruz. \u0130stikrar ve hizmet i\u00e7in, uyumlu y\u00f6netimle umutlu gelece\u011fe ula\u015fmak i\u00e7in 31 Mart 2024&#8217;te zilletin kalan izlerini de silmek i\u00e7in serdenge\u00e7ti bir y\u00fcrekle \u00e7al\u0131\u015fman\u0131n azmindeyiz. Y\u00f6netimde istikrar, daha g\u00fc\u00e7l\u00fc istikbal i\u00e7in \u00e7are Cumhur \u0130ttifak\u0131&#8217;d\u0131r.&#8221; diye konu\u015ftu.<\/p>\n<p>Bah\u00e7eli, FET\u00d6&#8217;c\u00fclerin Avrupa \u0130nsan Haklar\u0131 Mahkemesine \u00fcmit ba\u011flamamas\u0131n\u0131 isteyerek, &#8220;Siyasi fig\u00fcranlar\u0131na g\u00fcvenmesin, film festivallerinde d\u00f6nen dolaplara aldanmas\u0131n; biz 15 Temmuz&#8217;u, 254 \u015fehidimizi, gazilerimizi, tepemizden ya\u011fan bombalar\u0131, \u00fczerimize s\u00fcr\u00fclen tanklar\u0131 unutmad\u0131k; herkes bilsin ki unutursak kan\u0131m\u0131z kurusun, unutursak g\u00f6k girsin k\u0131z\u0131l \u00e7\u0131ks\u0131n.&#8221; ifadelerini kulland\u0131.<\/p>\n<p>                            <span class=\"detay-foto-editor\">&#13;<br \/>\n                                <a href=\"https:\/\/www.aa.com.tr\/tr\/p\/abonelik-talep-formu\/1001\" target=\"_blank\" style=\"font-size:12px; color:#444; text-decoration:none;\" rel=\"noopener\">&#13;<br \/>\n                                    Anadolu Ajans\u0131 web sitesinde, AA Haber Ak\u0131\u015f Sistemi (HAS) \u00fczerinden abonelere sunulan haberler, \u00f6zetlenerek yay\u0131mlanmaktad\u0131r. <b style=\"color:#1897F7\">Abonelik i\u00e7in l\u00fctfen ileti\u015fime ge\u00e7iniz.<\/b>&#13;<br \/>\n                                <\/a>&#13;<br \/>\n                            <\/span>\n                        <\/div>\n<p><script>\n\t  window.fbAsyncInit = function() {\n\t\tFB.init({\n\t\t  appId: '1855843514662870',\n\t\t  status : true, \/\/ check login status\n\t\t  cookie : true, \/\/ enable cookies to allow the server to access the session\n\t\t  xfbml  : true  \/\/ parse XFBML\n\t\t});\n\t  };<\/p>\n<p>\t  (function() {\n\t\tvar e = document.createElement('script');\n\t\te.src=\"https:\/\/connect.facebook.net\/tr_TR\/all.js\";\n\t\te.async = true;\n\t\tdocument.getElementById('fb-root').appendChild(e);\n\t  }());\n    <\/script><\/p>\n","protected":false},"excerpt":{"rendered":"<p>MHP Genel Ba\u015fkan\u0131 Devlet Bah\u00e7eli, MHP TBMM Grup Toplant\u0131s\u0131&#8217;nda yapt\u0131\u011f\u0131 konu\u015fmada, gelecek d\u00f6nemde siyasi g\u00fcndem ve etaplarla ilgili stratejik de\u011ferlendirmelerini yaparak kararl\u0131 bir \u015fekilde yola devam edeceklerini s\u00f6yledi. \u0130lk g\u00fcndemlerinin depremin hasarlar\u0131n\u0131 t\u00fcm\u00fcyle onarmak, yaralar\u0131 sarmak, yeni ve g\u00fcvenli 650 bin konutu in\u015fa ederek depremzedelere teslim etmek oldu\u011funu anlatan Bah\u00e7eli, yaralar\u0131n \u00f6zenle sar\u0131laca\u011f\u0131n\u0131, g\u00fcvenli bir [&hellip;]<\/p>\n","protected":false},"author":1,"featured_media":15987,"comment_status":"","ping_status":"","sticky":false,"template":"","format":"standard","meta":[],"categories":[47],"tags":[],"_links":{"self":[{"href":"https:\/\/kraios.app\/news\/wp-json\/wp\/v2\/posts\/15986"}],"collection":[{"href":"https:\/\/kraios.app\/news\/wp-json\/wp\/v2\/posts"}],"about":[{"href":"https:\/\/kraios.app\/news\/wp-json\/wp\/v2\/types\/post"}],"author":[{"embeddable":true,"href":"https:\/\/kraios.app\/news\/wp-json\/wp\/v2\/users\/1"}],"replies":[{"embeddable":true,"href":"https:\/\/kraios.app\/news\/wp-json\/wp\/v2\/comments?post=15986"}],"version-history":[{"count":0,"href":"https:\/\/kraios.app\/news\/wp-json\/wp\/v2\/posts\/15986\/revisions"}],"wp:featuredmedia":[{"embeddable":true,"href":"https:\/\/kraios.app\/news\/wp-json\/wp\/v2\/media\/15987"}],"wp:attachment":[{"href":"https:\/\/kraios.app\/news\/wp-json\/wp\/v2\/media?parent=15986"}],"wp:term":[{"taxonomy":"category","embeddable":true,"href":"https:\/\/kraios.app\/news\/wp-json\/wp\/v2\/categories?post=15986"},{"taxonomy":"post_tag","embeddable":true,"href":"https:\/\/kraios.app\/news\/wp-json\/wp\/v2\/tags?post=15986"}],"curies":[{"name":"wp","href":"https:\/\/api.w.org\/{rel}","templated":true}]}}