{"id":15974,"date":"2023-10-03T12:54:06","date_gmt":"2023-10-03T12:54:06","guid":{"rendered":"https:\/\/kraios.app\/news\/siyaset\/2023\/10\/03\/tbmm-baskani-kurtulmus-mhp-genel-baskani-bahceliyi-ziyaret-etti\/"},"modified":"2023-10-03T12:54:06","modified_gmt":"2023-10-03T12:54:06","slug":"tbmm-baskani-kurtulmus-mhp-genel-baskani-bahceliyi-ziyaret-etti","status":"publish","type":"post","link":"https:\/\/kraios.app\/news\/siyaset\/2023\/10\/03\/tbmm-baskani-kurtulmus-mhp-genel-baskani-bahceliyi-ziyaret-etti\/","title":{"rendered":"TBMM Ba\u015fkan\u0131 Kurtulmu\u015f, MHP Genel Ba\u015fkan\u0131 Bah\u00e7eli&#8217;yi ziyaret etti"},"content":{"rendered":"<p><\/p>\n<div>\n<p>TBMM Ba\u015fkan\u0131 Numan Kurtulmu\u015f, yeni anayasa s\u00fcrecine ili\u015fkin, &#8220;\u00d6ncelikle bir darbe anayasas\u0131 olan 12 Eyl\u00fcl Anayasas\u0131&#8217;ndan kurtulmak, bunun i\u00e7in de herkesin kendi sepetindeki pamu\u011fu ortaya koyarak makul ve me\u015fru zeminlerde bu tart\u0131\u015fmalar\u0131 s\u00fcrd\u00fcrmek ve sonu\u00e7 almak esast\u0131r.&#8221; dedi.<\/p>\n<p>Kurtulmu\u015f, MHP Genel Ba\u015fkan\u0131 Devlet Bah\u00e7eli&#8217;yi, Meclis&#8217;teki makam\u0131nda ziyaret etti.<\/p>\n<p>Ziyaretinin ard\u0131ndan gazetecilerin sorular\u0131n\u0131 yan\u0131tlayan Kurtulmu\u015f, iadeiziyaret ger\u00e7ekle\u015ftirdi\u011fini belirtti.<\/p>\n<p>Kurtulmu\u015f, &#8220;Hem Meclis&#8217;in a\u00e7\u0131l\u0131\u015f\u0131 dolay\u0131s\u0131yla, Meclis&#8217;in \u00e7al\u0131\u015fmalar\u0131 hakk\u0131nda fikirlerimizi payla\u015fmak hem de en ba\u015fta TBMM Ba\u015fkan\u0131 se\u00e7ilmemde \u015fahs\u0131 ve grubu ad\u0131na vermi\u015f olduklar\u0131 destek ve g\u00fcven dolay\u0131s\u0131yla te\u015fekk\u00fcr etmek i\u00e7in zat\u0131alilerini ziyaret ettim.&#8221; diye konu\u015ftu.<\/p>\n<p>TBMM&#8217;nin g\u00fczel bir \u00e7al\u0131\u015fma d\u00f6nemi idrak etmesi temennisinde bulunan Kurtulmu\u015f, demokratik olgunluk ve partiler aras\u0131nda diyalog zemini i\u00e7erisinde, TBMM&#8217;nin \u00f6n\u00fcnde bulunan konular\u0131n hepsini en g\u00fczel \u015fekilde ele alarak, milletin beklentilerine uygun faaliyetlerin icra edilece\u011fini s\u00f6yledi.<\/p>\n<p>Kendisini ziyarete gelen parti gruplar\u0131n\u0131n hepsini bu s\u00fcre\u00e7te ziyaret edece\u011fini dile getiren Kurtulmu\u015f, bu gruplara hem yeni d\u00f6nemde ba\u015far\u0131 dileklerini sunacaklar\u0131n\u0131 hem de \u00e7al\u0131\u015fma d\u00f6nemine ili\u015fkin ana konular\u0131 m\u00fczakere etme f\u0131rsat\u0131 bulacaklar\u0131n\u0131 s\u00f6yledi.<\/p>\n<p>Kurtulmu\u015f, Cumhuriyet&#8217;in ikinci asr\u0131n\u0131n ba\u015flang\u0131c\u0131n\u0131 yapan 28. D\u00f6nem TBMM&#8217;nin hay\u0131rl\u0131 u\u011furlu olmas\u0131 temennisinde bulundu.<\/p>\n<p>Bir gazetecinin &#8220;Yeni anayasa konusunda inisiyatif alacaks\u0131n\u0131z. Bu konuda bir takvim belirlediniz mi?&#8221; sorusu \u00fczerine Kurtulmu\u015f, \u015f\u00f6yle konu\u015ftu:<\/p>\n<p>&#8220;Esas olan burada iyi niyetli tavr\u0131n ortaya konulmas\u0131d\u0131r. \u00d6n yarg\u0131 olmaks\u0131z\u0131n, T\u00fcrkiye&#8217;nin art\u0131k bu konularda ciddi bir siyasi birikimi, fikri m\u00fcktesebat\u0131 vard\u0131r&#8230; T\u00fcrkiye&#8217;nin ihtiyac\u0131 olan konular bellidir. \u00d6ncelikle bir darbe anayasas\u0131 olan 12 Eyl\u00fcl Anayasas\u0131&#8217;ndan kurtulmak, bunun i\u00e7in de herkesin kendi sepetindeki pamu\u011fu ortaya koyarak makul ve me\u015fru zeminlerde bu tart\u0131\u015fmalar\u0131 s\u00fcrd\u00fcrmek ve sonu\u00e7 almak esast\u0131r. Bu tart\u0131\u015fman\u0131n makul ve me\u015fru zemini TBMM&#8217;dir. TBMM d\u0131\u015f\u0131nda da b\u00fct\u00fcn farkl\u0131 STK&#8217;lerin, akademi camias\u0131n\u0131n, hukuk camias\u0131n\u0131n, herkesin g\u00f6r\u00fc\u015f\u00fcn\u00fc bir \u015fekilde al\u0131r\u0131z. M\u00fchim olan bu sonucu verimli bir \u015fekilde ortaya koyabilmektedir. Bir takvim vermek zor ama zemini ve y\u00f6ntemi do\u011fru tart\u0131\u015ft\u0131\u011f\u0131m\u0131z zaman sonucu alabilece\u011fimizi d\u00fc\u015f\u00fcn\u00fcyorum.&#8221;<\/p>\n<p>MHP Genel Ba\u015fkan\u0131 Devlet Bah\u00e7eli de Kurtulmu\u015f&#8217;a ba\u015far\u0131lar diledi.<\/p>\n<p>                            <span class=\"detay-foto-editor\">&#13;<br \/>\n                                <a href=\"https:\/\/www.aa.com.tr\/tr\/p\/abonelik-talep-formu\/1001\" target=\"_blank\" style=\"font-size:12px; color:#444; text-decoration:none;\" rel=\"noopener\">&#13;<br \/>\n                                    Anadolu Ajans\u0131 web sitesinde, AA Haber Ak\u0131\u015f Sistemi (HAS) \u00fczerinden abonelere sunulan haberler, \u00f6zetlenerek yay\u0131mlanmaktad\u0131r. <b style=\"color:#1897F7\">Abonelik i\u00e7in l\u00fctfen ileti\u015fime ge\u00e7iniz.<\/b>&#13;<br \/>\n                                <\/a>&#13;<br \/>\n                            <\/span>\n                        <\/div>\n<p><script>\n\t  window.fbAsyncInit = function() {\n\t\tFB.init({\n\t\t  appId: '1855843514662870',\n\t\t  status : true, \/\/ check login status\n\t\t  cookie : true, \/\/ enable cookies to allow the server to access the session\n\t\t  xfbml  : true  \/\/ parse XFBML\n\t\t});\n\t  };<\/p>\n<p>\t  (function() {\n\t\tvar e = document.createElement('script');\n\t\te.src=\"https:\/\/connect.facebook.net\/tr_TR\/all.js\";\n\t\te.async = true;\n\t\tdocument.getElementById('fb-root').appendChild(e);\n\t  }());\n    <\/script><\/p>\n","protected":false},"excerpt":{"rendered":"<p>TBMM Ba\u015fkan\u0131 Numan Kurtulmu\u015f, yeni anayasa s\u00fcrecine ili\u015fkin, &#8220;\u00d6ncelikle bir darbe anayasas\u0131 olan 12 Eyl\u00fcl Anayasas\u0131&#8217;ndan kurtulmak, bunun i\u00e7in de herkesin kendi sepetindeki pamu\u011fu ortaya koyarak makul ve me\u015fru zeminlerde bu tart\u0131\u015fmalar\u0131 s\u00fcrd\u00fcrmek ve sonu\u00e7 almak esast\u0131r.&#8221; dedi. Kurtulmu\u015f, MHP Genel Ba\u015fkan\u0131 Devlet Bah\u00e7eli&#8217;yi, Meclis&#8217;teki makam\u0131nda ziyaret etti. Ziyaretinin ard\u0131ndan gazetecilerin sorular\u0131n\u0131 yan\u0131tlayan Kurtulmu\u015f, iadeiziyaret [&hellip;]<\/p>\n","protected":false},"author":1,"featured_media":15975,"comment_status":"","ping_status":"","sticky":false,"template":"","format":"standard","meta":[],"categories":[47],"tags":[],"_links":{"self":[{"href":"https:\/\/kraios.app\/news\/wp-json\/wp\/v2\/posts\/15974"}],"collection":[{"href":"https:\/\/kraios.app\/news\/wp-json\/wp\/v2\/posts"}],"about":[{"href":"https:\/\/kraios.app\/news\/wp-json\/wp\/v2\/types\/post"}],"author":[{"embeddable":true,"href":"https:\/\/kraios.app\/news\/wp-json\/wp\/v2\/users\/1"}],"replies":[{"embeddable":true,"href":"https:\/\/kraios.app\/news\/wp-json\/wp\/v2\/comments?post=15974"}],"version-history":[{"count":0,"href":"https:\/\/kraios.app\/news\/wp-json\/wp\/v2\/posts\/15974\/revisions"}],"wp:featuredmedia":[{"embeddable":true,"href":"https:\/\/kraios.app\/news\/wp-json\/wp\/v2\/media\/15975"}],"wp:attachment":[{"href":"https:\/\/kraios.app\/news\/wp-json\/wp\/v2\/media?parent=15974"}],"wp:term":[{"taxonomy":"category","embeddable":true,"href":"https:\/\/kraios.app\/news\/wp-json\/wp\/v2\/categories?post=15974"},{"taxonomy":"post_tag","embeddable":true,"href":"https:\/\/kraios.app\/news\/wp-json\/wp\/v2\/tags?post=15974"}],"curies":[{"name":"wp","href":"https:\/\/api.w.org\/{rel}","templated":true}]}}