{"id":15942,"date":"2023-10-02T15:19:59","date_gmt":"2023-10-02T15:19:59","guid":{"rendered":"https:\/\/kraios.app\/news\/siyaset\/2023\/10\/02\/eski-tbmm-baskani-kahramandan-onarim-degil-yeni-anayasa-onerisi\/"},"modified":"2023-10-02T15:19:59","modified_gmt":"2023-10-02T15:19:59","slug":"eski-tbmm-baskani-kahramandan-onarim-degil-yeni-anayasa-onerisi","status":"publish","type":"post","link":"https:\/\/kraios.app\/news\/siyaset\/2023\/10\/02\/eski-tbmm-baskani-kahramandan-onarim-degil-yeni-anayasa-onerisi\/","title":{"rendered":"Eski TBMM Ba\u015fkan\u0131 Kahraman&#8217;dan &#8220;onar\u0131m de\u011fil yeni anayasa&#8221; \u00f6nerisi"},"content":{"rendered":"<p><\/p>\n<div>\n<p>Cumhurba\u015fkanl\u0131\u011f\u0131 Y\u00fcksek \u0130sti\u015fare Kurulu \u00fcyesi ve eski TBMM Ba\u015fkan\u0131 \u0130smail Kahraman, T\u00fcrkiye&#8217;nin, bir onar\u0131m anayasas\u0131na ihtiyac\u0131n\u0131n olmad\u0131\u011f\u0131n\u0131 belirterek, &#8220;Kendi \u00f6z\u00fcne ait anayasa yapacaks\u0131n. Eski anayasalara bakmayacaks\u0131n, yeniden yazacaks\u0131n. Onlar sadece bir kaynak.&#8221; dedi.<\/p>\n<p>Kahraman, yeni anayasa \u00e7al\u0131\u015fmalar\u0131, \u00f6nceki y\u0131llardaki uzla\u015fma aray\u0131\u015flar\u0131 ve ya\u015fanan tart\u0131\u015fmalar\u0131, AA muhabirine de\u011ferlendirdi.<\/p>\n<p>Kanunlar\u0131n toplumla \u00f6rt\u00fc\u015fmesi gerekti\u011fini vurgulayan Kahraman, &#8220;Toplumumuzun dokusuna, DNA&#8217;s\u0131na uygun bir anayasa olmas\u0131 laz\u0131m. Anayasalar, ila\u00e7 prospekt\u00fcsleri gibi uzun sayfalar dolusu olmaz. Anayasalar k\u0131sa ve \u00f6z olur.&#8221; diye konu\u015ftu.<\/p>\n<p>Kendisinin meclis ba\u015fkanl\u0131\u011f\u0131 yapt\u0131\u011f\u0131 d\u00f6nemden evvel TBMM&#8217;nin 24. D\u00f6nemi&#8217;nde anayasa \u00e7al\u0131\u015fmalar\u0131 yap\u0131ld\u0131\u011f\u0131n\u0131 hat\u0131rlatan Kahraman, &#8220;Her partiden \u00fc\u00e7er ki\u015fi, toplamda 12 ki\u015fi istendi. Fakat ba\u015flang\u0131\u00e7ta \u00f6l\u00fc do\u011fan bir te\u015febb\u00fcs. Zira d\u00f6rt partinin d\u00f6rd\u00fc de i\u015ftirak edecek, o h\u00fck\u00fcmler, kesin h\u00fck\u00fcm say\u0131lacak. D\u00f6rt partinin d\u00f6rd\u00fc de ayn\u0131 d\u00fc\u015f\u00fcncede olsayd\u0131; d\u00f6rt tane grup olmazd\u0131 ki. D\u00f6rtte d\u00f6rt ittifak m\u00fcmk\u00fcn de\u011fil. 25 ay s\u00fcrd\u00fc \u00e7al\u0131\u015fmalar; havanda su d\u00f6v\u00fcld\u00fc.&#8221; de\u011ferlendirmesinde bulundu.<\/p>\n<p><img decoding=\"async\" alt=\"\" src=\"https:\/\/www.aa.com.tr\/uploads\/userFiles\/9c85db40-ef31-40fe-a989-05c7e506d5d0\/10_2023%2F02102023%2Fkahraman1_.jpg\"\/><\/p>\n<h3>&#8220;Komisyonun isminde dahi anla\u015famad\u0131k&#8221;<\/h3>\n<p>Kahraman, meclis ba\u015fkanl\u0131\u011f\u0131 yapt\u0131\u011f\u0131 26. D\u00f6nem&#8217;de ise b\u00fct\u00fcn siyasi partilere bir mektup yazarak, yeni bir anayasa haz\u0131rlama komisyonu kurulmas\u0131 i\u00e7in her partiden \u00fc\u00e7er isim istedi\u011fini s\u00f6yledi.<\/p>\n<p>CHP&#8217;nin &#8220;Anayasa haz\u0131rlamadan evvel 1980 darbesinden sonra \u00e7\u0131kan kanunlar\u0131 ele alaca\u011f\u0131z, anayasaya ayk\u0131r\u0131, antidemokratik kanunlar\u0131 eleyece\u011fiz&#8221; \u015feklinde bir taleple g\u00f6r\u00fc\u015fmelere geldi\u011fini anlatan Kahraman, &#8220;Peki ortada anayasa yok. O kanunun antidemokratik oldu\u011funu anlamak i\u00e7in bir \u00f6l\u00e7\u00fc laz\u0131m. Anayasa yokken onlar\u0131 inceleyemeyiz ki&#8230;&#8221; g\u00f6r\u00fc\u015f\u00fcn\u00fc payla\u015ft\u0131.<\/p>\n<p>CHP&#8217;nin, komisyonun ad\u0131n\u0131n &#8220;T\u00fcrkiye&#8217;yi darbe hukukundan ar\u0131nd\u0131rma komisyonu&#8221; olarak de\u011fi\u015ftirilmesini istedi\u011fini hat\u0131rlatan Kahraman, 3 toplant\u0131da da komisyonun isminde dahi anla\u015famad\u0131klar\u0131n\u0131 aktard\u0131.<\/p>\n<p>\u0130smail Kahraman, &#8220;Yeni anayasa yap\u0131lmas\u0131n\u0131 istemiyor CHP, bu zab\u0131tlar\u0131m\u0131zda var. Ben de, &#8216;Ben sizi \u00e7a\u011f\u0131r\u0131rken yeni bir anayasa, sivil anayasa \u00e7al\u0131\u015fmas\u0131 yapaca\u011f\u0131z diye \u00e7a\u011f\u0131rd\u0131m. Ama antidemokratik kanunlar hakk\u0131nda inceleme yapmak i\u00e7in ayr\u0131 bir komisyon kurabiliriz&#8217; dedim. Bir hesaplama yapt\u0131k; 1980 sonras\u0131 \u00e7\u0131kan kanunlar\u0131 incelemek i\u00e7in meclisin \u00e7al\u0131\u015fmalar\u0131, 8 seneden daha fazla s\u00fcr\u00fcyordu. CHP, bu mevzuda engelleyici oldu, neticeye gidemedik.&#8221; yorumunu yapt\u0131.<\/p>\n<p>Bu \u015fekilde yeni bir anayasa yap\u0131lamayaca\u011f\u0131n\u0131 savunan Kahraman, &#8220;Onun yerine bir metin haz\u0131rlars\u0131n\u0131z, referanduma sunars\u0131n\u0131z. Tabi; sivil toplum kurulu\u015flar\u0131ndan, siyasi partilerden, \u00fcniversitelerden fikirler al\u0131rs\u0131n\u0131z ve bir araya getirirsiniz, bir metin ortaya \u00e7\u0131kart\u0131rs\u0131n\u0131z. &#8216;Herkesin ittifak etti\u011fi bir anayasa&#8217;; \u00f6yle bir toplum varsa anayasaya gerek yok zaten.&#8221; d\u00fc\u015f\u00fcncesini dile getirdi.<\/p>\n<h3>Kahraman&#8217;\u0131n 1961 Anayasas\u0131 i\u00e7in tasar\u0131 haz\u0131rlayanlardan H\u00fcseyin Nail Kubal\u0131 ile &#8220;anayasa&#8221; an\u0131s\u0131<\/h3>\n<p>\u0130smail Kahraman, \u0130stanbul \u00dcniversitesi Hukuk Fak\u00fcltesinde \u00f6\u011frenciyken 1961 Anayasas\u0131 i\u00e7in tasar\u0131 haz\u0131rlayan \u00f6\u011fretim \u00fcyelerinden H\u00fcseyin Nail Kubal\u0131 ile aras\u0131nda ge\u00e7en diyalo\u011fu \u015f\u00f6yle anlatt\u0131:<\/p>\n<p>&#8220;Kad\u0131k\u00f6y&#8217;e gidiyorum, H\u00fcseyin Nail Bey&#8217;e rastlad\u0131m. Yolda kendisine sordum; &#8216;1961 Anayasas\u0131 i\u00e7in kurulan komisyonda siz de \u00fcyeydiniz, 1961&#8217;den sonra ka\u00e7 defa de\u011fi\u015fiklikler oldu, 71 muht\u0131ras\u0131 oldu, ne diyorsunuz d\u00f6n\u00fcp bakt\u0131\u011f\u0131n\u0131zda?&#8217; dedim. Bana tarihi bir cevap verdi: &#8216;Kahraman, biz odadaki 18 ki\u015fiye anayasa yapm\u0131\u015f\u0131z; bizim d\u0131\u015f\u0131m\u0131zda bir T\u00fcrkiye varm\u0131\u015f bunu d\u00fc\u015f\u00fcnemedik&#8217;. Ben, &#8216;Hocam bu \u00e7ok m\u00fchim bir s\u00f6z, bunu yaz\u0131l\u0131 hale getirdiniz mi?&#8217; dedim. H\u00fcseyin Nail Bey, &#8216;Yaz\u0131l\u0131 hale getirdim. Arkada\u015flar\u0131m da biliyor. Fakat beni \u00f6telediler. Fak\u00fclteye gittim, beni odalar\u0131na almad\u0131lar, selamla\u015fmad\u0131lar.&#8217; dedi.&#8221;<\/p>\n<p>Kahraman, &#8220;T\u00fcrkiye var, ona yap\u0131yorsunuz bu kanunu; taklit yapmay\u0131n, bu toplumun yap\u0131s\u0131na uygun yap\u0131n.&#8221; ifadesini kulland\u0131.<\/p>\n<p>Adaletin bozuldu\u011fu her toplumda huzurun ortadan kalkaca\u011f\u0131n\u0131, adaletin bozuldu\u011fu her devletin de \u00e7\u00f6kece\u011fini dile getiren Kahraman, yeni bir anayasa yap\u0131l\u0131rken bunlar\u0131n g\u00f6z \u00f6n\u00fcne al\u0131nmas\u0131 gerekti\u011finin alt\u0131n\u0131 \u00e7izdi.<\/p>\n<h3>&#8220;Laikli\u011fin tarifi olmal\u0131&#8221;<\/h3>\n<p>Anayasada laiklik kelimesinin tarifinin yap\u0131lmas\u0131 gerekti\u011fini belirten Kahraman, &#8220;Fransa&#8217;da var. Fransa, laikli\u011fin anavatan\u0131d\u0131r, e\u011fitimin temel esaslar\u0131 y\u00f6netmeli\u011finde &#8216;Laiklik, devletin din, felsefe, siyaset ve e\u011fitim konusunda tarafs\u0131z olmas\u0131d\u0131r&#8217; diyor. Bizde bir tarif yok. H\u00fcrriyetse, h\u00fcrriyetler aras\u0131na; yasaksa yasaklar aras\u0131na konmal\u0131d\u0131r.&#8221; g\u00f6r\u00fc\u015f\u00fcn\u00fc payla\u015ft\u0131.<\/p>\n<p>Anayasalar\u0131n inanca g\u00f6re tasnif edilirken &#8220;dindar anayasalar&#8221;, &#8220;dinsiz anayasalar&#8221; diye ikiye ayr\u0131ld\u0131\u011f\u0131n\u0131 aktaran Kahraman, &#8220;T\u00fcrkiye anayasalar\u0131n\u0131n hepsi &#8216;dindar anayasalar&#8217; s\u0131n\u0131f\u0131na girer. Bunu (laikli\u011fi) kalk\u0131p dinsizlikmi\u015f gibi anlatmak \u00e7ok yanl\u0131\u015f bir d\u00fc\u015f\u00fcncedir. Neden oluyor, \u00e7\u00fcnk\u00fc tarifi yok.&#8221; de\u011ferlendirmesinde bulundu.<\/p>\n<p>Birlik Vakf\u0131nda 85 maddelik bir anayasa \u00e7al\u0131\u015fmas\u0131 haz\u0131rlad\u0131klar\u0131n\u0131 anlatan Kahraman, &#8220;\u00dcmit ederim ki toplumla bar\u0131\u015f\u0131k, dokusuna, yap\u0131s\u0131na, irfan\u0131na uygun, k\u0131sa ve \u00f6z bir anayasay\u0131 \u00e7\u0131kart\u0131r\u0131z.&#8221; dedi.<\/p>\n<h3>&#8220;T\u00fcrkiye, o de\u011fi\u015fikliklerle makas de\u011fi\u015ftirmi\u015ftir&#8221;<\/h3>\n<p>Muhalefet partilerinin 2007 y\u0131l\u0131ndan sonra yap\u0131lan anayasa de\u011fi\u015fikliklerine olan ele\u015ftirilerine y\u00f6nelik Kahraman, &#8220;T\u00fcrkiye, o de\u011fi\u015fikliklerle makas de\u011fi\u015ftirmi\u015ftir. T\u00fcrkiye&#8217;nin rotas\u0131, rahatl\u0131\u011fa, huzura do\u011fru gitmi\u015ftir. Engebeli, t\u00fcnellerle, karanl\u0131klarla dolu yoldan ayd\u0131nl\u0131k geni\u015f bir yola \u00e7\u0131kt\u0131k. Parlamenter sistemin ne kadar s\u0131k\u0131nt\u0131l\u0131 oldu\u011funu ben ya\u015fad\u0131m, bizzat i\u00e7inde.&#8221; kar\u015f\u0131l\u0131\u011f\u0131n\u0131 verdi.<\/p>\n<p>Muhalefetin &#8220;g\u00fc\u00e7lendirilmi\u015f parlamenter sistem&#8221; \u00f6nerisine de de\u011finen Kahraman, &#8220;Neyi g\u00fc\u00e7lendiriyorsun? &#8216;Parlamenter sistem olsun&#8217;, yine pazarl\u0131klar. Nitekim pazarl\u0131k ba\u015ftan ba\u015flad\u0131; b\u00fct\u00fcn parti liderleri cumhurba\u015fkan\u0131 yard\u0131mc\u0131s\u0131, yetmedi iki b\u00fcy\u00fck\u015fehir belediye ba\u015fkan\u0131 da cumhurba\u015fkan\u0131 yard\u0131mc\u0131s\u0131. Bu sistemde pazarl\u0131k yok, istikrar var.&#8221; yorumunu yapt\u0131.<\/p>\n<p>\u0130smail Kahraman, 2007 y\u0131l\u0131ndan sonra yap\u0131lan anayasa de\u011fi\u015fikliklerinin do\u011fru ve yerinde oldu\u011funu belirterek, &#8220;Onu uygun g\u00f6rmeyenler, T\u00fcrkiye&#8217;nin tekrar aya\u011fa kalkmas\u0131n\u0131 istemeyenlerdir.&#8221; diye konu\u015ftu.<\/p>\n<p>Kahraman, yap\u0131lacak anayasan\u0131n milli bir anayasa olmas\u0131 gerekti\u011fini vurgulad\u0131.<\/p>\n<h3>&#8220;T\u00fcrkiye bir hukuk devleti olmal\u0131d\u0131r, kanun devleti de\u011fil&#8221;<\/h3>\n<p>\u0130smail Kahraman, &#8220;T\u00fcrkiye &#8216;take off&#8217; noktas\u0131na geliyor, tam havalanacak \u00f6n\u00fcm\u00fcz kesiliyor. Bu anayasa de\u011fi\u015fikliklerine mani olanlar; T\u00fcrkiye&#8217;nin sisteminin birbirini yiyen, tenkit eden, birbirine giren bir havada olmas\u0131n\u0131 temin etmek i\u00e7in mevzuat\u0131 d\u00fczelttirmek istemiyorlar. A\u015faca\u011f\u0131z in\u015fallah.&#8221; g\u00f6r\u00fc\u015flerine yer verdi.<\/p>\n<p>Meclisin \u00e7ok daha g\u00fc\u00e7l\u00fc hale gelece\u011fini s\u00f6yleyen Kahraman, &#8220;Onar\u0131m anayasas\u0131na ihtiyac\u0131m\u0131z yok, kendi \u00f6z\u00fcne ait anayasa yapacaks\u0131n. Eski anayasalara bakmayacaks\u0131n, yeniden yazacaks\u0131n. Onlar sadece bir kaynak. &#8216;Onu tamir ediyorum&#8217; demeyeceksin, yeni anayasa.&#8221; ifadesini kulland\u0131.<\/p>\n<p>Kahraman, 1982 Anayasas\u0131&#8217;n\u0131 &#8220;taklit\u00e7i ve kifayetsiz&#8221; olarak nitelendirirken, yeni anayasan\u0131n k\u0131sa, \u00f6z, inanca dayal\u0131, taklit olmayan, milleti g\u00fc\u00e7l\u00fc g\u00f6ren, kuvvetler ayr\u0131l\u0131\u011f\u0131na dayal\u0131 bir anayasa olmas\u0131 gerekti\u011finin alt\u0131n\u0131 \u00e7izdi.<\/p>\n<p>&#8220;T\u00fcrkiye bir hukuk devleti olmal\u0131d\u0131r, kanun devleti de\u011fil&#8221; diyen Kahraman, yeni anayasa \u00e7al\u0131\u015fmalar\u0131nda referandumla neticeye gidilmesi gerekti\u011fine i\u015faret etti.<\/p>\n<p>Kahraman, &#8220;Diyelim ki; Meclis&#8217;te \u00e7o\u011funluk kabul etti ve referanduma da ihtiya\u00e7 olmad\u0131. Hay\u0131r, referanduma gitmeli. Meclis&#8217;ten ge\u00e7en \u00e7o\u011funlu\u011fa sahip olsa da referanduma gitmeli ve halk m\u00fchr\u00fcn\u00fc basmal\u0131.&#8221; s\u00f6zlerini sarf etti.<\/p>\n<p>\u0130smail Kahraman, &#8220;T\u00fcrkiye, tok esirlerin ve a\u00e7 h\u00fcrlerin \u00fclkesi de\u011fil; tok ve h\u00fcr insanlar\u0131n \u00fclkesi olacak. Ona do\u011fru y\u00fcr\u00fcyoruz.&#8221; dedi.<\/p>\n<p>                            <span class=\"detay-foto-editor\">&#13;<br \/>\n                                <a href=\"https:\/\/www.aa.com.tr\/tr\/p\/abonelik-talep-formu\/1001\" target=\"_blank\" style=\"font-size:12px; color:#444; text-decoration:none;\" rel=\"noopener\">&#13;<br \/>\n                                    Anadolu Ajans\u0131 web sitesinde, AA Haber Ak\u0131\u015f Sistemi (HAS) \u00fczerinden abonelere sunulan haberler, \u00f6zetlenerek yay\u0131mlanmaktad\u0131r. <b style=\"color:#1897F7\">Abonelik i\u00e7in l\u00fctfen ileti\u015fime ge\u00e7iniz.<\/b>&#13;<br \/>\n                                <\/a>&#13;<br \/>\n                            <\/span>\n                        <\/div>\n<p><script>\n\t  window.fbAsyncInit = function() {\n\t\tFB.init({\n\t\t  appId: '1855843514662870',\n\t\t  status : true, \/\/ check login status\n\t\t  cookie : true, \/\/ enable cookies to allow the server to access the session\n\t\t  xfbml  : true  \/\/ parse XFBML\n\t\t});\n\t  };<\/p>\n<p>\t  (function() {\n\t\tvar e = document.createElement('script');\n\t\te.src=\"https:\/\/connect.facebook.net\/tr_TR\/all.js\";\n\t\te.async = true;\n\t\tdocument.getElementById('fb-root').appendChild(e);\n\t  }());\n    <\/script><\/p>\n","protected":false},"excerpt":{"rendered":"<p>Cumhurba\u015fkanl\u0131\u011f\u0131 Y\u00fcksek \u0130sti\u015fare Kurulu \u00fcyesi ve eski TBMM Ba\u015fkan\u0131 \u0130smail Kahraman, T\u00fcrkiye&#8217;nin, bir onar\u0131m anayasas\u0131na ihtiyac\u0131n\u0131n olmad\u0131\u011f\u0131n\u0131 belirterek, &#8220;Kendi \u00f6z\u00fcne ait anayasa yapacaks\u0131n. Eski anayasalara bakmayacaks\u0131n, yeniden yazacaks\u0131n. Onlar sadece bir kaynak.&#8221; dedi. Kahraman, yeni anayasa \u00e7al\u0131\u015fmalar\u0131, \u00f6nceki y\u0131llardaki uzla\u015fma aray\u0131\u015flar\u0131 ve ya\u015fanan tart\u0131\u015fmalar\u0131, AA muhabirine de\u011ferlendirdi. Kanunlar\u0131n toplumla \u00f6rt\u00fc\u015fmesi gerekti\u011fini vurgulayan Kahraman, &#8220;Toplumumuzun dokusuna, [&hellip;]<\/p>\n","protected":false},"author":1,"featured_media":15943,"comment_status":"","ping_status":"","sticky":false,"template":"","format":"standard","meta":[],"categories":[47],"tags":[],"_links":{"self":[{"href":"https:\/\/kraios.app\/news\/wp-json\/wp\/v2\/posts\/15942"}],"collection":[{"href":"https:\/\/kraios.app\/news\/wp-json\/wp\/v2\/posts"}],"about":[{"href":"https:\/\/kraios.app\/news\/wp-json\/wp\/v2\/types\/post"}],"author":[{"embeddable":true,"href":"https:\/\/kraios.app\/news\/wp-json\/wp\/v2\/users\/1"}],"replies":[{"embeddable":true,"href":"https:\/\/kraios.app\/news\/wp-json\/wp\/v2\/comments?post=15942"}],"version-history":[{"count":0,"href":"https:\/\/kraios.app\/news\/wp-json\/wp\/v2\/posts\/15942\/revisions"}],"wp:featuredmedia":[{"embeddable":true,"href":"https:\/\/kraios.app\/news\/wp-json\/wp\/v2\/media\/15943"}],"wp:attachment":[{"href":"https:\/\/kraios.app\/news\/wp-json\/wp\/v2\/media?parent=15942"}],"wp:term":[{"taxonomy":"category","embeddable":true,"href":"https:\/\/kraios.app\/news\/wp-json\/wp\/v2\/categories?post=15942"},{"taxonomy":"post_tag","embeddable":true,"href":"https:\/\/kraios.app\/news\/wp-json\/wp\/v2\/tags?post=15942"}],"curies":[{"name":"wp","href":"https:\/\/api.w.org\/{rel}","templated":true}]}}