{"id":15928,"date":"2023-10-01T23:37:16","date_gmt":"2023-10-01T23:37:16","guid":{"rendered":"https:\/\/kraios.app\/news\/siyaset\/2023\/10\/01\/yeni-yasama-yili-basladi\/"},"modified":"2023-10-01T23:37:16","modified_gmt":"2023-10-01T23:37:16","slug":"yeni-yasama-yili-basladi","status":"publish","type":"post","link":"https:\/\/kraios.app\/news\/siyaset\/2023\/10\/01\/yeni-yasama-yili-basladi\/","title":{"rendered":"Yeni yasama y\u0131l\u0131 ba\u015flad\u0131"},"content":{"rendered":"<p><\/p>\n<div>\n<p>TBMM Genel Kurulunda, 28. D\u00f6nem 2. Yasama Y\u0131l\u0131&#8217;n\u0131n ba\u015flamas\u0131 dolay\u0131s\u0131yla Meclis Ba\u015fkan\u0131 Numan Kurtulmu\u015f ba\u015fkanl\u0131\u011f\u0131nda a\u00e7\u0131l\u0131\u015f toplant\u0131s\u0131 ger\u00e7ekle\u015ftirildi.<\/p>\n<p>Kurtulmu\u015f&#8217;un sunu\u015f konu\u015fmas\u0131n\u0131n ard\u0131ndan Cumhurba\u015fkan\u0131 Recep Tayyip Erdo\u011fan, TBMM Ba\u015fkanvekili Celal Adan&#8217;\u0131n e\u015fli\u011finde Genel Kurul Salonu&#8217;na geldi.<\/p>\n<p>Genel Kurulda bando e\u015fli\u011finde \u0130stiklal Mar\u015f\u0131&#8217;n\u0131n okunmas\u0131n\u0131n ard\u0131ndan Erdo\u011fan konu\u015fmas\u0131n\u0131 yapmak \u00fczere k\u00fcrs\u00fcye \u00e7\u0131kt\u0131.<\/p>\n<p><img decoding=\"async\" alt=\"\" src=\"https:\/\/www.aa.com.tr\/uploads\/userFiles\/7fc6ad83-e801-4dd2-b1c1-974abd5a6af0\/2023%2FEyl%C3%BCl%2FAA-32287230.jpg\"\/><br \/><em><sup>Foto\u011fraf: Murat \u00c7etinm\u00fch\u00fcrdar\/TCCB<\/sup><\/em><\/p>\n<p>AK Parti, MHP ve \u0130Y\u0130 Parti milletvekilleri Erdo\u011fan&#8217;\u0131 ayakta kar\u015f\u0131lad\u0131. Kar\u015f\u0131lamada Cumhurba\u015fkan\u0131 Erdo\u011fan&#8217;\u0131 AK Parti ve MHP milletvekilleri alk\u0131\u015flad\u0131. <\/p>\n<p>Yasama y\u0131l\u0131 a\u00e7\u0131l\u0131\u015f toplant\u0131s\u0131n\u0131, Cumhurba\u015fkan\u0131 Yard\u0131mc\u0131s\u0131 Cevdet Y\u0131lmaz, D\u0131\u015fi\u015fleri Bakan\u0131 Hakan Fidan, Adalet Bakan\u0131 Y\u0131lmaz Tun\u00e7, Aile ve Sosyal Hizmetler Bakan\u0131 Mahinur \u00d6zdemir G\u00f6kta\u015f, \u00c7al\u0131\u015fma ve Sosyal G\u00fcvenlik Bakan\u0131 Vedat I\u015f\u0131khan, Enerji ve Tabii Kaynaklar Bakan\u0131 Alparslan Bayraktar, Hazine ve Maliye Bakan\u0131 Mehmet \u015eim\u015fek, Milli Savunma Bakan\u0131 Ya\u015far G\u00fcler, Milli E\u011fitim Bakan\u0131 Yusuf Tekin, Sa\u011fl\u0131k Bakan\u0131 Fahrettin Koca, Tar\u0131m ve Orman Bakan\u0131 \u0130brahim Yumakl\u0131, Ula\u015ft\u0131rma ve Altyap\u0131 Bakan\u0131 Abdulkadir Uralo\u011flu, Genelkurmay Ba\u015fkan\u0131 Orgeneral Metin G\u00fcrak ve TSK komuta kademesi, Cumhurba\u015fkanl\u0131\u011f\u0131 \u0130leti\u015fim Ba\u015fkan\u0131 Fahrettin Altun, Kamu Ba\u015fdenet\u00e7isi (Ombudsman) \u015eeref Malko\u00e7 takip etti.<\/p>\n<p><img decoding=\"async\" alt=\"\" src=\"https:\/\/www.aa.com.tr\/uploads\/userFiles\/7fc6ad83-e801-4dd2-b1c1-974abd5a6af0\/2023%2FEyl%C3%BCl%2FAA-32287225.jpg\"\/><br \/><em><sup>Foto\u011fraf: Evrim Ayd\u0131n\/AA<\/sup><\/em><\/p>\n<p>Toplant\u0131y\u0131, Anayasa Mahkemesi Ba\u015fkan\u0131 Z\u00fcht\u00fc Arslan, Yarg\u0131tay Ba\u015fkan\u0131 Mehmet Akarca, Dan\u0131\u015ftay Ba\u015fkan\u0131 Zeki Yi\u011fit, Say\u0131\u015ftay Ba\u015fkan\u0131 Metin Yener, eski TBMM ba\u015fkanlar\u0131 Mustafa \u015eentop, Binali Y\u0131ld\u0131r\u0131m, B\u00fclent Ar\u0131n\u00e7, Cemil \u00c7i\u00e7ek, Mehmet Ali \u015eahin, \u0130smet Y\u0131lmaz ile yabanc\u0131 misyon temsilcileri de izledi.<\/p>\n<p><img decoding=\"async\" alt=\"\" src=\"https:\/\/www.aa.com.tr\/uploads\/userFiles\/7fc6ad83-e801-4dd2-b1c1-974abd5a6af0\/2023%2FEyl%C3%BCl%2FAA-32287454.jpg\"\/><br \/><em><sup>Foto\u011fraf: Ra\u015fit Aydo\u011fan\/AA<\/sup><\/em><\/p>\n<p>MHP Genel Ba\u015fkan\u0131 Devlet Bah\u00e7eli, Genel Kurul salonunda haz\u0131r bulunurken, milletvekili olmayan CHP Genel Ba\u015fkan\u0131 Kemal K\u0131l\u0131\u00e7daro\u011flu, Saadet Partisi Genel Ba\u015fkan\u0131 Temel Karamollao\u011flu ile Gelecek Partisi Genel Ba\u015fkan\u0131 Ahmet Davuto\u011flu, toplant\u0131y\u0131 locadan izledi.<\/p>\n<p>Cumhurba\u015fkan\u0131 Erdo\u011fan, TBMM Genel Kurulundaki konu\u015fmas\u0131n\u0131n ard\u0131ndan, salondan alk\u0131\u015flarla u\u011furland\u0131.<\/p>\n<p>Kurtulmu\u015f, Erdo\u011fan&#8217;\u0131n konu\u015fmas\u0131n\u0131 tamamlamas\u0131ndan sonra birle\u015fimi, 3 Ekim Sal\u0131 g\u00fcn\u00fc saat 15.00&#8217;te toplanmak \u00fczere kapatt\u0131.<\/p>\n<p><img decoding=\"async\" alt=\"\" src=\"https:\/\/www.aa.com.tr\/uploads\/userFiles\/7fc6ad83-e801-4dd2-b1c1-974abd5a6af0\/2023%2FEyl%C3%BCl%2FAA-32287300.jpg\"\/><br \/><em><sup>Foto\u011fraf: Ra\u015fit Aydo\u011fan\/AA<\/sup><\/em><\/p>\n<p>\u00d6te yandan Genel Kurul salonunda milletvekillerinin s\u0131ralar\u0131na k\u0131rm\u0131z\u0131 ve beyaz g\u00fcllerden olu\u015fan birer buket b\u0131rak\u0131ld\u0131.<\/p>\n<p><img decoding=\"async\" alt=\"\" src=\"https:\/\/www.aa.com.tr\/uploads\/userFiles\/7fc6ad83-e801-4dd2-b1c1-974abd5a6af0\/2023%2FEyl%C3%BCl%2FAA-32287167.jpg\"\/><br \/><em><sup>Foto\u011fraf: Ra\u015fit Aydo\u011fan\/AA<\/sup><\/em><\/p>\n<p>                            <span class=\"detay-foto-editor\">&#13;<br \/>\n                                <a href=\"https:\/\/www.aa.com.tr\/tr\/p\/abonelik-talep-formu\/1001\" target=\"_blank\" style=\"font-size:12px; color:#444; text-decoration:none;\" rel=\"noopener\">&#13;<br \/>\n                                    Anadolu Ajans\u0131 web sitesinde, AA Haber Ak\u0131\u015f Sistemi (HAS) \u00fczerinden abonelere sunulan haberler, \u00f6zetlenerek yay\u0131mlanmaktad\u0131r. <b style=\"color:#1897F7\">Abonelik i\u00e7in l\u00fctfen ileti\u015fime ge\u00e7iniz.<\/b>&#13;<br \/>\n                                <\/a>&#13;<br \/>\n                            <\/span>\n                        <\/div>\n<p><script>\n\t  window.fbAsyncInit = function() {\n\t\tFB.init({\n\t\t  appId: '1855843514662870',\n\t\t  status : true, \/\/ check login status\n\t\t  cookie : true, \/\/ enable cookies to allow the server to access the session\n\t\t  xfbml  : true  \/\/ parse XFBML\n\t\t});\n\t  };<\/p>\n<p>\t  (function() {\n\t\tvar e = document.createElement('script');\n\t\te.src=\"https:\/\/connect.facebook.net\/tr_TR\/all.js\";\n\t\te.async = true;\n\t\tdocument.getElementById('fb-root').appendChild(e);\n\t  }());\n    <\/script><\/p>\n","protected":false},"excerpt":{"rendered":"<p>TBMM Genel Kurulunda, 28. D\u00f6nem 2. Yasama Y\u0131l\u0131&#8217;n\u0131n ba\u015flamas\u0131 dolay\u0131s\u0131yla Meclis Ba\u015fkan\u0131 Numan Kurtulmu\u015f ba\u015fkanl\u0131\u011f\u0131nda a\u00e7\u0131l\u0131\u015f toplant\u0131s\u0131 ger\u00e7ekle\u015ftirildi. Kurtulmu\u015f&#8217;un sunu\u015f konu\u015fmas\u0131n\u0131n ard\u0131ndan Cumhurba\u015fkan\u0131 Recep Tayyip Erdo\u011fan, TBMM Ba\u015fkanvekili Celal Adan&#8217;\u0131n e\u015fli\u011finde Genel Kurul Salonu&#8217;na geldi. Genel Kurulda bando e\u015fli\u011finde \u0130stiklal Mar\u015f\u0131&#8217;n\u0131n okunmas\u0131n\u0131n ard\u0131ndan Erdo\u011fan konu\u015fmas\u0131n\u0131 yapmak \u00fczere k\u00fcrs\u00fcye \u00e7\u0131kt\u0131. Foto\u011fraf: Murat \u00c7etinm\u00fch\u00fcrdar\/TCCB AK Parti, MHP [&hellip;]<\/p>\n","protected":false},"author":1,"featured_media":15929,"comment_status":"","ping_status":"","sticky":false,"template":"","format":"standard","meta":[],"categories":[47],"tags":[],"_links":{"self":[{"href":"https:\/\/kraios.app\/news\/wp-json\/wp\/v2\/posts\/15928"}],"collection":[{"href":"https:\/\/kraios.app\/news\/wp-json\/wp\/v2\/posts"}],"about":[{"href":"https:\/\/kraios.app\/news\/wp-json\/wp\/v2\/types\/post"}],"author":[{"embeddable":true,"href":"https:\/\/kraios.app\/news\/wp-json\/wp\/v2\/users\/1"}],"replies":[{"embeddable":true,"href":"https:\/\/kraios.app\/news\/wp-json\/wp\/v2\/comments?post=15928"}],"version-history":[{"count":0,"href":"https:\/\/kraios.app\/news\/wp-json\/wp\/v2\/posts\/15928\/revisions"}],"wp:featuredmedia":[{"embeddable":true,"href":"https:\/\/kraios.app\/news\/wp-json\/wp\/v2\/media\/15929"}],"wp:attachment":[{"href":"https:\/\/kraios.app\/news\/wp-json\/wp\/v2\/media?parent=15928"}],"wp:term":[{"taxonomy":"category","embeddable":true,"href":"https:\/\/kraios.app\/news\/wp-json\/wp\/v2\/categories?post=15928"},{"taxonomy":"post_tag","embeddable":true,"href":"https:\/\/kraios.app\/news\/wp-json\/wp\/v2\/tags?post=15928"}],"curies":[{"name":"wp","href":"https:\/\/api.w.org\/{rel}","templated":true}]}}