{"id":15870,"date":"2023-10-01T02:19:43","date_gmt":"2023-10-01T02:19:43","guid":{"rendered":"https:\/\/kraios.app\/news\/siyaset\/2023\/10\/01\/cumhurbaskani-basdanismani-kilic-federal-almanya-cumhuriyeti-kuzey-ren-vestfalya-eyalet-meclisi-heyetini-kabul-etti\/"},"modified":"2023-10-01T02:19:43","modified_gmt":"2023-10-01T02:19:43","slug":"cumhurbaskani-basdanismani-kilic-federal-almanya-cumhuriyeti-kuzey-ren-vestfalya-eyalet-meclisi-heyetini-kabul-etti","status":"publish","type":"post","link":"https:\/\/kraios.app\/news\/siyaset\/2023\/10\/01\/cumhurbaskani-basdanismani-kilic-federal-almanya-cumhuriyeti-kuzey-ren-vestfalya-eyalet-meclisi-heyetini-kabul-etti\/","title":{"rendered":"Cumhurba\u015fkan\u0131 Ba\u015fdan\u0131\u015fman\u0131 K\u0131l\u0131\u00e7, Federal Almanya Cumhuriyeti Kuzey Ren-Vestfalya Eyalet Meclisi heyetini kabul etti"},"content":{"rendered":"<p>Cumhurba\u015fkan\u0131 D\u0131\u015f Politika ve G\u00fcvenlik Ba\u015fdan\u0131\u015fman\u0131 B\u00fcy\u00fckel\u00e7i Akif \u00c7a\u011fatay K\u0131l\u0131\u00e7, Kuzey Ren-Vestfalya Eyalet Meclisi 1. Ba\u015fkan Yard\u0131mc\u0131s\u0131 ve T\u00fcrk-Alman Dostluk Grubu Ba\u015fkan\u0131 Rainer Schmeltzer ile beraberindeki heyeti kabul etti.<\/p>\n","protected":false},"excerpt":{"rendered":"<p>Cumhurba\u015fkan\u0131 D\u0131\u015f Politika ve G\u00fcvenlik Ba\u015fdan\u0131\u015fman\u0131 B\u00fcy\u00fckel\u00e7i Akif \u00c7a\u011fatay K\u0131l\u0131\u00e7, Kuzey Ren-Vestfalya Eyalet Meclisi 1. Ba\u015fkan Yard\u0131mc\u0131s\u0131 ve T\u00fcrk-Alman Dostluk Grubu Ba\u015fkan\u0131 Rainer Schmeltzer ile beraberindeki heyeti kabul etti.<\/p>\n","protected":false},"author":1,"featured_media":15871,"comment_status":"","ping_status":"","sticky":false,"template":"","format":"standard","meta":[],"categories":[47],"tags":[],"_links":{"self":[{"href":"https:\/\/kraios.app\/news\/wp-json\/wp\/v2\/posts\/15870"}],"collection":[{"href":"https:\/\/kraios.app\/news\/wp-json\/wp\/v2\/posts"}],"about":[{"href":"https:\/\/kraios.app\/news\/wp-json\/wp\/v2\/types\/post"}],"author":[{"embeddable":true,"href":"https:\/\/kraios.app\/news\/wp-json\/wp\/v2\/users\/1"}],"replies":[{"embeddable":true,"href":"https:\/\/kraios.app\/news\/wp-json\/wp\/v2\/comments?post=15870"}],"version-history":[{"count":0,"href":"https:\/\/kraios.app\/news\/wp-json\/wp\/v2\/posts\/15870\/revisions"}],"wp:featuredmedia":[{"embeddable":true,"href":"https:\/\/kraios.app\/news\/wp-json\/wp\/v2\/media\/15871"}],"wp:attachment":[{"href":"https:\/\/kraios.app\/news\/wp-json\/wp\/v2\/media?parent=15870"}],"wp:term":[{"taxonomy":"category","embeddable":true,"href":"https:\/\/kraios.app\/news\/wp-json\/wp\/v2\/categories?post=15870"},{"taxonomy":"post_tag","embeddable":true,"href":"https:\/\/kraios.app\/news\/wp-json\/wp\/v2\/tags?post=15870"}],"curies":[{"name":"wp","href":"https:\/\/api.w.org\/{rel}","templated":true}]}}