{"id":15855,"date":"2023-09-30T21:18:48","date_gmt":"2023-09-30T21:18:48","guid":{"rendered":"https:\/\/kraios.app\/news\/siyaset\/2023\/09\/30\/kibristaki-isgalci-turkiye-degil-rum-tarafidir\/"},"modified":"2023-09-30T21:18:48","modified_gmt":"2023-09-30T21:18:48","slug":"kibristaki-isgalci-turkiye-degil-rum-tarafidir","status":"publish","type":"post","link":"https:\/\/kraios.app\/news\/siyaset\/2023\/09\/30\/kibristaki-isgalci-turkiye-degil-rum-tarafidir\/","title":{"rendered":"K\u0131br\u0131s&#8217;taki i\u015fgalci T\u00fcrkiye de\u011fil Rum taraf\u0131d\u0131r"},"content":{"rendered":"<p><\/p>\n<div>\n<p>TBMM Ba\u015fkan\u0131\u00a0Numan\u00a0Kurtulmu\u015f, Avrupa Parlamento Ba\u015fkanlar\u0131 Konferans\u0131&#8217;nda, &#8220;T\u00fcrkiye&#8217;nin K\u0131br\u0131s&#8217;ta, Azerbaycan&#8217;\u0131n ise Karaba\u011f&#8217;da i\u015fgalci oldu\u011funu&#8221; iddia eden Rum temsilciye tepki g\u00f6stererek, &#8220;K\u0131br\u0131s&#8217;taki i\u015fgalci T\u00fcrkiye de\u011fil 1960&#8217;ta kurulmu\u015f yasal K\u0131br\u0131s Cumhuriyeti&#8217;ni ortadan kald\u0131ran, Cumhuriyet&#8217;i i\u015fgal eden Rum taraf\u0131d\u0131r.&#8221; dedi.<\/p>\n<p>Kurtulmu\u015f, \u0130rlanda&#8217;n\u0131n ba\u015fkenti Dublin&#8217;de d\u00fczenlenen Avrupa Parlamento Ba\u015fkanlar\u0131 Konferans\u0131&#8217;na kat\u0131ld\u0131.<\/p>\n<p>TBMM Ba\u015fkan\u0131 Kurtulmu\u015f, Dublin Kongre Merkezi&#8217;ndeki konferans\u0131n &#8220;Ukrayna&#8217;ya Kar\u015f\u0131 Rusya&#8217;n\u0131n Sald\u0131rganl\u0131k Sava\u015f\u0131n\u0131n Sonu\u00e7lar\u0131 ve Ukrayna&#8217;n\u0131n Yeniden \u0130n\u015fas\u0131nda Ulusal Parlamentolar\u0131n Rol\u00fc&#8221; konulu oturumda yapt\u0131\u011f\u0131 konu\u015fmada, Ukrayna-Rusya aras\u0131ndaki sava\u015f\u0131n d\u00fcnyan\u0131n en \u00f6nemli g\u00fcndem maddelerinden oldu\u011funu belirtti.<\/p>\n<p>Rusya-Ukrayna sava\u015f\u0131nda bir an evvel bar\u0131\u015f\u0131n ortaya konulabilmesi i\u00e7in herkesin \u00fczerine d\u00fc\u015fen sorumluluklar\u0131 yerine getirmesi gerekti\u011fini s\u00f6yleyen Kurtulmu\u015f, T\u00fcrkiye olarak bar\u0131\u015f ve istikrar\u0131n g\u00fc\u00e7lendirilmesine y\u00f6nelik her t\u00fcrl\u00fc inisiyatifte rol almaya devam edeceklerini vurgulad\u0131.<\/p>\n<p>Mevcut d\u00fcnya sisteminin, uluslararas\u0131 kurulu\u015flar\u0131n tamam\u0131na yak\u0131n\u0131n\u0131n bar\u0131\u015f\u0131 sa\u011flamaktan uzak bir noktada oldu\u011funu dile getiren Kurtulmu\u015f, &#8220;D\u00fcnyada bar\u0131\u015f\u0131 sa\u011flayacak, hakkaniyeti temin edecek, \u00fclkeler aras\u0131nda egemen, e\u015fitlik prensibi \u00fczerinde tesis edilecek yeni ve adil bir d\u00fcnya sisteminin kurulmas\u0131na ihtiya\u00e7 vard\u0131r. Her platformda dile getirdi\u011fimiz gibi, d\u00fcnya be\u015f \u00fclkenin insaf\u0131na ve inisiyatifine terk edilemez. Yeni bir adil d\u00fcnya sistemine ve ger\u00e7ekten hakkaniyetli bir uluslararas\u0131 yap\u0131lanmaya ihtiya\u00e7 vard\u0131r.&#8221; de\u011ferlendirmesini yapt\u0131.<\/p>\n<p><img decoding=\"async\" alt=\"\" src=\"https:\/\/www.aa.com.tr\/uploads\/userFiles\/76bad36d-1411-48e8-a1ae-b65e58872c06\/02.07%2F15%2F2%2FEK__6826.jpg\"\/><\/p>\n<h3>Rum temsilciye tepki<\/h3>\n<p>Kurtulmu\u015f, konu\u015fmas\u0131 s\u0131ras\u0131nda, kendinden \u00f6nce k\u00fcrs\u00fcye gelen G\u00fcney K\u0131br\u0131s Rum Y\u00f6netimi Temsilciler Meclisi Ba\u015fkan\u0131 Annita Demetriou&#8217;nun, T\u00fcrkleri &#8220;i\u015fgalci&#8221; olarak g\u00f6steren s\u00f6zler sarf etti\u011fini an\u0131msatarak, tepki g\u00f6sterdi.<\/p>\n<p>Kurtulmu\u015f, &#8220;T\u00fcrkiye&#8217;nin K\u0131br\u0131s&#8217;ta, Azerbaycan&#8217;\u0131n ise Karaba\u011f&#8217;da i\u015fgalci oldu\u011funu&#8221; iddia eden Rum temsilcinin s\u00f6zlerine ili\u015fkin, &#8220;K\u0131br\u0131s&#8217;ta bir i\u015fgal vard\u0131r, do\u011fru. K\u0131br\u0131s&#8217;taki i\u015fgalci T\u00fcrkiye de\u011fil 1960&#8217;ta kurulmu\u015f yasal K\u0131br\u0131s Cumhuriyeti&#8217;ni ortadan kald\u0131ran, Cumhuriyet&#8217;i i\u015fgal eden Rum taraf\u0131d\u0131r. Enosis yanl\u0131s\u0131 olan gruplar\u0131n K\u0131br\u0131s Cumhuriyeti&#8217;ni ortadan kald\u0131rmas\u0131na tabii ki T\u00fcrkiye garant\u00f6r \u00fclke olarak seyirci kalamazd\u0131 ve seyirci kalmad\u0131.&#8221; ifadelerini kulland\u0131.<\/p>\n<p><img decoding=\"async\" alt=\"\" src=\"https:\/\/www.aa.com.tr\/uploads\/userFiles\/76bad36d-1411-48e8-a1ae-b65e58872c06\/02.07%2F15%2F2%2FEK__7579.jpg\"\/><\/p>\n<h3>Azerbaycan&#8217;\u0131n Karaba\u011f Zaferi<\/h3>\n<p>Azerbaycan&#8217;\u0131n Karaba\u011f zaferine ili\u015fkin, &#8220;Ermenistan&#8217;\u0131n Karaba\u011f&#8217;\u0131 33 y\u0131l s\u00fcren i\u015fgalinin kar\u015f\u0131s\u0131nda Azerbaycan&#8217;\u0131n kendi topraklar\u0131n\u0131 kurtarma konusunda g\u00f6sterdi\u011fi hassasiyeti anl\u0131yor, takdir ediyor ve sonuna kadar destekliyoruz.&#8221; de\u011ferlendirmesini yapan Kurtulmu\u015f, 33 y\u0131ll\u0131k i\u015fgale kar\u015f\u0131 uluslararas\u0131 b\u00fct\u00fcn giri\u015fimlerin \u00e7aresiz kalmas\u0131 sonucunda Azerbaycan&#8217;a ba\u015fka yol b\u0131rak\u0131lmad\u0131\u011f\u0131n\u0131 ve 44 g\u00fcn s\u00fcren bir sava\u015fla Karaba\u011f&#8217;\u0131n kurtar\u0131ld\u0131\u011f\u0131n\u0131 aktard\u0131.<\/p>\n<p>&#8220;Karaba\u011f, k\u0131yamete kadar Azerbaycan topra\u011f\u0131 olarak, Azerbaycan halk\u0131n\u0131n elinde olacakt\u0131r.&#8221; ifadesini kullanan Kurtulmu\u015f, bunun bir &#8220;i\u015fgal&#8221; de\u011fil &#8220;bir halk\u0131n kendi topra\u011f\u0131n\u0131 kurtarmas\u0131&#8221; oldu\u011funun alt\u0131n\u0131 \u00e7izdi.<\/p>\n<p>Azerbaycan, T\u00fcrkiye, Rusya, \u0130ran, Ermenistan ve G\u00fcrcistan&#8217;\u0131n yer ald\u0131\u011f\u0131 alt\u0131l\u0131 ittifak\u0131n Kafkaslar&#8217;da kurmaya \u00e7al\u0131\u015ft\u0131\u011f\u0131 bar\u0131\u015f\u0131n, baz\u0131lar\u0131 taraf\u0131ndan zedelenmeye, ortadan kald\u0131r\u0131lmaya \u00e7al\u0131\u015f\u0131ld\u0131\u011f\u0131na dikkati \u00e7eken Kurtulmu\u015f, &#8220;Karaba\u011f&#8217;da Azerbaycan ve Ermenistan aras\u0131nda sa\u011flanacak bar\u0131\u015f, en ba\u015fta bu iki \u00fclke olmak \u00fczere b\u00fct\u00fcn b\u00f6lge halklar\u0131n\u0131n lehinedir. Zengezur Koridoru&#8217;nun a\u00e7\u0131lmas\u0131 asla bir \u00fclkenin inisiyatifine de\u011fil b\u00f6lge halklar\u0131n\u0131n tamam\u0131n\u0131n yarar\u0131nad\u0131r ve \u00f6yle olmas\u0131n\u0131 temenni ediyoruz.&#8221; dedi.<\/p>\n<p>Kurtulmu\u015f, konferans kapsam\u0131nda, kat\u0131l\u0131mc\u0131 \u00fclkelerin meclis ba\u015fkanlar\u0131yla \u00e7ekilen aile foto\u011fraf\u0131nda yer ald\u0131.<\/p>\n<p>                            <span class=\"detay-foto-editor\">&#13;<br \/>\n                                <a href=\"https:\/\/www.aa.com.tr\/tr\/p\/abonelik-talep-formu\/1001\" target=\"_blank\" style=\"font-size:12px; color:#444; text-decoration:none;\" rel=\"noopener\">&#13;<br \/>\n                                    Anadolu Ajans\u0131 web sitesinde, AA Haber Ak\u0131\u015f Sistemi (HAS) \u00fczerinden abonelere sunulan haberler, \u00f6zetlenerek yay\u0131mlanmaktad\u0131r. <b style=\"color:#1897F7\">Abonelik i\u00e7in l\u00fctfen ileti\u015fime ge\u00e7iniz.<\/b>&#13;<br \/>\n                                <\/a>&#13;<br \/>\n                            <\/span>\n                        <\/div>\n<p><script>\n\t  window.fbAsyncInit = function() {\n\t\tFB.init({\n\t\t  appId: '1855843514662870',\n\t\t  status : true, \/\/ check login status\n\t\t  cookie : true, \/\/ enable cookies to allow the server to access the session\n\t\t  xfbml  : true  \/\/ parse XFBML\n\t\t});\n\t  };<\/p>\n<p>\t  (function() {\n\t\tvar e = document.createElement('script');\n\t\te.src=\"https:\/\/connect.facebook.net\/tr_TR\/all.js\";\n\t\te.async = true;\n\t\tdocument.getElementById('fb-root').appendChild(e);\n\t  }());\n    <\/script><\/p>\n","protected":false},"excerpt":{"rendered":"<p>TBMM Ba\u015fkan\u0131\u00a0Numan\u00a0Kurtulmu\u015f, Avrupa Parlamento Ba\u015fkanlar\u0131 Konferans\u0131&#8217;nda, &#8220;T\u00fcrkiye&#8217;nin K\u0131br\u0131s&#8217;ta, Azerbaycan&#8217;\u0131n ise Karaba\u011f&#8217;da i\u015fgalci oldu\u011funu&#8221; iddia eden Rum temsilciye tepki g\u00f6stererek, &#8220;K\u0131br\u0131s&#8217;taki i\u015fgalci T\u00fcrkiye de\u011fil 1960&#8217;ta kurulmu\u015f yasal K\u0131br\u0131s Cumhuriyeti&#8217;ni ortadan kald\u0131ran, Cumhuriyet&#8217;i i\u015fgal eden Rum taraf\u0131d\u0131r.&#8221; dedi. Kurtulmu\u015f, \u0130rlanda&#8217;n\u0131n ba\u015fkenti Dublin&#8217;de d\u00fczenlenen Avrupa Parlamento Ba\u015fkanlar\u0131 Konferans\u0131&#8217;na kat\u0131ld\u0131. TBMM Ba\u015fkan\u0131 Kurtulmu\u015f, Dublin Kongre Merkezi&#8217;ndeki konferans\u0131n &#8220;Ukrayna&#8217;ya Kar\u015f\u0131 [&hellip;]<\/p>\n","protected":false},"author":1,"featured_media":15856,"comment_status":"","ping_status":"","sticky":false,"template":"","format":"standard","meta":[],"categories":[47],"tags":[],"_links":{"self":[{"href":"https:\/\/kraios.app\/news\/wp-json\/wp\/v2\/posts\/15855"}],"collection":[{"href":"https:\/\/kraios.app\/news\/wp-json\/wp\/v2\/posts"}],"about":[{"href":"https:\/\/kraios.app\/news\/wp-json\/wp\/v2\/types\/post"}],"author":[{"embeddable":true,"href":"https:\/\/kraios.app\/news\/wp-json\/wp\/v2\/users\/1"}],"replies":[{"embeddable":true,"href":"https:\/\/kraios.app\/news\/wp-json\/wp\/v2\/comments?post=15855"}],"version-history":[{"count":0,"href":"https:\/\/kraios.app\/news\/wp-json\/wp\/v2\/posts\/15855\/revisions"}],"wp:featuredmedia":[{"embeddable":true,"href":"https:\/\/kraios.app\/news\/wp-json\/wp\/v2\/media\/15856"}],"wp:attachment":[{"href":"https:\/\/kraios.app\/news\/wp-json\/wp\/v2\/media?parent=15855"}],"wp:term":[{"taxonomy":"category","embeddable":true,"href":"https:\/\/kraios.app\/news\/wp-json\/wp\/v2\/categories?post=15855"},{"taxonomy":"post_tag","embeddable":true,"href":"https:\/\/kraios.app\/news\/wp-json\/wp\/v2\/tags?post=15855"}],"curies":[{"name":"wp","href":"https:\/\/api.w.org\/{rel}","templated":true}]}}