{"id":15816,"date":"2023-09-30T18:39:59","date_gmt":"2023-09-30T18:39:59","guid":{"rendered":"https:\/\/kraios.app\/news\/siyaset\/2023\/09\/30\/ak-parti-genel-baskan-danismani-prof-dr-yasin-aktay-adalet-ve-demokrasi-forumunu-degerlendirdi\/"},"modified":"2023-09-30T18:39:59","modified_gmt":"2023-09-30T18:39:59","slug":"ak-parti-genel-baskan-danismani-prof-dr-yasin-aktay-adalet-ve-demokrasi-forumunu-degerlendirdi","status":"publish","type":"post","link":"https:\/\/kraios.app\/news\/siyaset\/2023\/09\/30\/ak-parti-genel-baskan-danismani-prof-dr-yasin-aktay-adalet-ve-demokrasi-forumunu-degerlendirdi\/","title":{"rendered":"AK Parti Genel Ba\u015fkan Dan\u0131\u015fman\u0131 Prof. Dr. Yasin Aktay, Adalet ve Demokrasi Forumunu de\u011ferlendirdi"},"content":{"rendered":"<p><\/p>\n<div>\n<p>Aktay, \u0130stanbul&#8217;da d\u00fczenlenen ve \u0130slam \u00fclkelerinden yakla\u015f\u0131k 17 siyasi parti ve toplumsal hareketin temsilcilerinin kat\u0131ld\u0131\u011f\u0131 Adalet ve Demokrasi Forumuyla ilgili AA muhabirine a\u00e7\u0131klamalarda bulundu.<\/p>\n<p>Forumun 2016&#8217;da \u0130stanbul&#8217;da kuruldu\u011funu hat\u0131rlatan Aktay, forumun &#8220;adalet&#8221; ve &#8220;demokrasi&#8221; gibi iki \u00f6nemli kavram\u0131 merkez edindi\u011fini s\u00f6yledi.<\/p>\n<p>&#8220;Platform, adalet ve demokrasi gibi iki \u00f6nemli kavram konusunda \u0130slam d\u00fcnyas\u0131n\u0131n kar\u015f\u0131 kar\u015f\u0131ya kald\u0131\u011f\u0131 sorunlar konusunda partiler aras\u0131nda bir dayan\u0131\u015fma platformu olu\u015fturmak \u00fczere kuruldu. Biliyorsunuz ki \u0130slam d\u00fcnyas\u0131 hem adalet hem de demokrasi a\u00e7\u0131s\u0131ndan b\u00fcy\u00fck sorunlar ya\u015famaktad\u0131r.&#8221; ifadelerine yer veren Aktay, s\u00f6z konusu sorunlar konusunda her \u00fclkenin kendi ba\u015f\u0131na bir tak\u0131m m\u00fccadeleler vermesinin m\u00fcmk\u00fcn oldu\u011funu ancak bunun bir platform ve \u00f6zellikle siyasi &#8220;muhafazakar demokrat partiler&#8221; ittifak\u0131 \u015feklinde belli bir g\u00fcce ta\u015f\u0131nmas\u0131 ve dayan\u0131\u015fma i\u00e7erisinde yap\u0131lmas\u0131n\u0131n her \u00fclkeye ciddi katk\u0131larda bulunabilecek bir imkan olu\u015fturdu\u011funu dile getirdi.<\/p>\n<p><img decoding=\"async\" alt=\"\" src=\"https:\/\/admin.aa.com.tr\/uploads\/userFiles\/c9f1ae26-3cf3-4ab4-9d72-230dedd01a4c\/AA-32282212.jpg\"\/><\/p>\n<h3>&#8220;Bu \u00fclkeler aras\u0131nda T\u00fcrkiye\u2019nin \u00e7ok \u00f6zel bir yeri var&#8221;<\/h3>\n<p>&#8220;T\u00fcm bu \u00fclkeler (\u0130slam d\u00fcnyas\u0131) aras\u0131nda T\u00fcrkiye\u2019nin \u00e7ok \u00f6zel bir yeri var. T\u00fcrkiye hem adalet a\u00e7\u0131s\u0131ndan hem demokrasi a\u00e7\u0131s\u0131ndan \u0130slam d\u00fcnyas\u0131n\u0131n hemen hemen tamam\u0131n\u0131n \u00f6n\u00fcnde. Dolay\u0131s\u0131yla T\u00fcrkiye\u2019nin \u00f6zellikle kalk\u0131nma, demokrasi, yarg\u0131 ve adalet alan\u0131nda sergiledi\u011fi geli\u015fme modeli \u00e7ok \u00f6nemli bir durumda.&#8221; diyen Aktay, Adalet ve Demokrasi Forumu&#8217;nda yap\u0131lan \u00e7al\u0131\u015fmalar aras\u0131nda, temsilcilerin \u00f6zellikle \u0130slam d\u00fcnyas\u0131n\u0131n kendi i\u00e7inde her \u00fclkede bulunan, bir tak\u0131m insan haklar\u0131 kalitesine dair, g\u00f6zlem raporlar\u0131 olu\u015fturmak ve bu raporlarla o \u00fclkelere bir tak\u0131m tavsiyelerde bulunman\u0131n oldu\u011funu s\u00f6yledi.<\/p>\n<p>Avrupa Birli\u011fi\u2019nin \u00fcye \u00fclkelerine uygulad\u0131\u011f\u0131 g\u00f6zlem raporlar\u0131 gibi \u0130slam d\u00fcnyas\u0131n\u0131n da kendi g\u00f6zlem raporlar\u0131n\u0131 olu\u015fturmas\u0131n\u0131n \u00f6nemli bir ihtiya\u00e7 oldu\u011funu ve bu konuda bir bilgi havuzu olu\u015fturmak amac\u0131yla forumun hayata ge\u00e7irildi\u011fini vurgulayan Aktay, &#8220;Burada ayn\u0131 zamanda bu \u00fclkelerin kendi aralar\u0131nda belli konularda dayan\u0131\u015fma i\u00e7erisinde olmas\u0131 ve uluslararas\u0131 planda da birbirlerini destekleyecek hay\u0131rl\u0131 i\u015flerde, tabii ki do\u011fru i\u015flerde, birbirini destekleyecek imkanlar da ara\u015ft\u0131r\u0131l\u0131yor.&#8221; dedi.<\/p>\n<p>Forumun ayn\u0131 zamanda \u0130slam d\u00fcnyas\u0131nda ciddi bir ileti\u015fim a\u011f\u0131 olu\u015fturdu\u011funu ifade eden Aktay, Avrupa\u2019da da sosyalist partiler, muhafazakar partiler gibi bu t\u00fcr ittifaklar\u0131n \u00e7ok fazla oldu\u011funu s\u00f6z konusu forumun da \u0130slam d\u00fcnyas\u0131 i\u00e7erisinde &#8220;muhafazakar demokratlar birli\u011fi&#8221; olarak isimlendirilece\u011fini dile getirdi.<\/p>\n<p>B\u00f6yle bir ittifak\u0131n asl\u0131nda demokrasinin uluslararas\u0131 seviyeye ula\u015fmas\u0131n\u0131n bir ifadesi oldu\u011funu, uluslararas\u0131 d\u00fczeyde birbirinden etkilenen, tecr\u00fcbelerinden faydalanan, kendi \u00fclkelerindeki demokratik m\u00fccadelelerini, hukuk m\u00fccadelelerini ve insan haklar\u0131 m\u00fccadelesini daha ileri seviyelere ta\u015f\u0131yabilmek a\u00e7\u0131s\u0131ndan bir motivasyon, ilham ve esin kayna\u011f\u0131 olu\u015fturabilece\u011fini vurgulayan Aktay, s\u00f6zlerini \u015f\u00f6yle s\u00fcrd\u00fcrd\u00fc:<\/p>\n<p>&#8220;Burada tabii zorluk \u00e7ok fazla. Tabii ki bu \u0130slam \u00fclkelerinin \u00f6nemli bir k\u0131sm\u0131nda demokrasi \u00e7ok fazla olmad\u0131\u011f\u0131 i\u00e7in bu t\u00fcr faaliyetlerin baz\u0131 \u00fclkelerin i\u00e7 i\u015flerine kar\u0131\u015fmak \u015feklinde alg\u0131lanmas\u0131 gibi bir talihsiz durumlarda olu\u015fabilir. Partilerin ba\u015fka \u00fclkelerin partileri ile ittifak kurmas\u0131, ileti\u015fim ve tecr\u00fcbe payla\u015f\u0131m\u0131 imkanlar\u0131n\u0131 aramas\u0131 demokrasinin en do\u011fal gereklerinden biri ve imkanlar\u0131ndan birisi olarak kabul ediliyor. Bu platform da \u00f6yle bir platform. Biz umuyoruz ki \u0130slam d\u00fcnyas\u0131n\u0131n geli\u015fmesine, kalk\u0131nmas\u0131na, insan hak ve h\u00fcrriyetlerinin daha da geli\u015fmesine y\u00f6neti\u015fim kalitesinin daha da art\u0131r\u0131lmas\u0131na her birisinin i\u00e7erisindeki adalet kalitesinin daha fazla artmas\u0131na ciddi bir katk\u0131s\u0131 olur diye umuyoruz.&#8221;<\/p>\n<p><img decoding=\"async\" alt=\"\" src=\"https:\/\/www.aa.com.tr\/uploads\/userFiles\/c9f1ae26-3cf3-4ab4-9d72-230dedd01a4c\/AA-32282211.jpg\"\/><\/p>\n<p>T\u00fcrkiye&#8217;de son zamanlarda sosyal medyada yabanc\u0131lara kar\u015f\u0131 y\u00fcr\u00fct\u00fclen \u0131rk\u00e7\u0131l\u0131\u011fa ili\u015fkin de Yasin Aktay, \u015funlar\u0131 s\u00f6yledi:<\/p>\n<p>&#8220;T\u00fcrkiye\u2019de asl\u0131na bakarsan\u0131z belki \u015fa\u015f\u0131lacak bir \u015fey s\u00f6yleyebilirim. T\u00fcrkiye\u2019de son zamanlarda artan bir \u0131rk\u00e7\u0131l\u0131k g\u00f6rm\u00fcyorum ben. Sadece artan \u00f6rg\u00fctl\u00fc faaliyeti g\u00f6r\u00fcyorum. \u00c7\u00fcnk\u00fc T\u00fcrkiye&#8217;de ve T\u00fcrk toplumunda \u0131rk\u00e7\u0131l\u0131k veya yabanc\u0131 d\u00fc\u015fmanl\u0131\u011f\u0131 son derece yabanc\u0131 bir \u015feydir. T\u00fcrkiye halk\u0131 insana yabanc\u0131 bir millet de\u011fildir. \u0130nsan\u0131 insan olarak tan\u0131yan, insan\u0131 farkl\u0131l\u0131\u011f\u0131 ile tan\u0131yan bir millet, insanlara yabanc\u0131 muamelesi yapmaz.&#8221;<\/p>\n<h3>&#8220;T\u00fcrkiye\u2019de yabanc\u0131 d\u00fc\u015fmanl\u0131\u011f\u0131 diye bir proje var bu projeyi geli\u015ftirmeye \u00e7al\u0131\u015f\u0131yor birileri&#8221;<\/h3>\n<p>&#8220;Son zamanlarda hatta \u00f6zellikle yabanc\u0131 \u00f6\u011frenciler kavram\u0131 \u00fczerinde \u00e7ok yap\u0131ld\u0131 bu tart\u0131\u015fma. Biz niye yabanc\u0131 \u00f6\u011frenci diyoruz ki. Bunlara misafir \u00f6\u011frenci diyelim.&#8221; diyen Aktay, \u00f6rg\u00fctl\u00fc bir yap\u0131n\u0131n bunu ka\u015f\u0131yarak buradan birileri ad\u0131na bu t\u00fcr yakla\u015f\u0131mlar\u0131 yapt\u0131\u011f\u0131n\u0131 dile getirdi.<\/p>\n<p>Yasin Aktay, bu t\u00fcr yakla\u015f\u0131mlara ili\u015fkin, &#8220;T\u00fcrkiye\u2019de yabanc\u0131 d\u00fc\u015fmanl\u0131\u011f\u0131 diye bir proje var bu projeyi geli\u015ftirmeye \u00e7al\u0131\u015f\u0131yor birileri&#8230; \u0130yi \u00e7al\u0131\u015f\u0131lm\u0131\u015f oldu\u011fu \u00e7ok \u00e7ok belli. Yabanc\u0131 d\u00fc\u015fmanl\u0131\u011f\u0131 yaftas\u0131n\u0131 ve su\u00e7unu T\u00fcrk halk\u0131na y\u00fckleyerek d\u0131\u015f d\u00fcnyaya T\u00fcrk halk\u0131n\u0131n asl\u0131nda her zaman \u0131rk\u00e7\u0131 oldu\u011funu ispatlamaya \u00e7al\u0131\u015f\u0131yorlar. Bu, T\u00fcrkiye halk\u0131na, T\u00fcrk halk\u0131na yap\u0131lm\u0131\u015f b\u00fcy\u00fck bir haks\u0131zl\u0131k ve hakarettir.&#8221; de\u011ferlendirmesinde bulundu.<\/p>\n<p>&#8220;Bunu yapanlar tabii ki gidip gelip d\u0131\u015fardan birileri olarak bunu yapmayacaklar. T\u00fcrkiye\u2019nin i\u00e7inden g\u00f6r\u00fcnerek yapacaklar. T\u00fcrk milliyet\u00e7ili\u011fi ad\u0131na yapacaklar. T\u00fcrk milliyet\u00e7ili\u011fine yapt\u0131klar\u0131 hi\u00e7bir fayda yok. T\u00fcrk milletine sa\u011flad\u0131klar\u0131 bir fayda olmad\u0131\u011f\u0131 gibi \u00e7ok \u00e7ok b\u00fcy\u00fck bir zarar vermektedir. Burada \u00e7ok da milliyet\u00e7i bir hareket olmad\u0131\u011f\u0131n\u0131 da s\u00f6ylememiz m\u00fcmk\u00fcn. Burada milliyet\u00e7ileri tenzih ediyoruz. Bu faaliyetin T\u00fcrk milliyet\u00e7ili\u011fi ile hi\u00e7bir alakas\u0131 yok milliyet\u00e7ili\u011fe de zarar veren bir \u015feydir.&#8221; ifadelerine yer veren Aktay, milliyet\u00e7ili\u011fin her \u015feyden \u00f6nce milletine faydal\u0131 olabilmek oldu\u011funu, T\u00fcrkiye&#8217;ye zarar veren bu t\u00fcr yakla\u015f\u0131mlar\u0131n milliyet\u00e7ilikle alakas\u0131n\u0131n olmad\u0131\u011f\u0131 vurgulad\u0131.<\/p>\n<p>AK Parti Genel Ba\u015fkan Dan\u0131\u015fman\u0131 Prof. Dr. Yasin Aktay, \u015funlar\u0131 kaydetti:<\/p>\n<p>&#8220;Bir hareket, bir s\u00f6ylem milletimize zarar veriyorsa milliyet\u00e7i bir hareket olamaz. Zaten bunun T\u00fcrkiye aleyhine y\u00fcr\u00fct\u00fclen bir kampanyan\u0131n mihraklar\u0131 taraf\u0131ndan y\u00fcr\u00fct\u00fcl\u00fcyor oldu\u011fu \u00e7ok a\u00e7\u0131k. Onun i\u00e7in bunu \u0131rk\u00e7\u0131l\u0131k diye nitelemek de do\u011fru de\u011fil. \u00c7\u00fcnk\u00fc ortada T\u00fcrk \u0131rk\u0131na da bir fayda getiren bir durum s\u00f6z konusu de\u011fil. Bunu yapanlar\u0131n \u00f6nemli bir k\u0131sm\u0131 zaten ba\u011flant\u0131lar\u0131 ortada. Ciddi ba\u011flant\u0131lar\u0131 vard\u0131r ama T\u00fcrkiye aleyhine, T\u00fcrk milletine d\u00fc\u015fman olan unsurlar taraf\u0131ndan bu kampanyan\u0131n destekleniyor oldu\u011fu \u00e7ok a\u00e7\u0131kt\u0131r. T\u00fcrk halk\u0131 ve T\u00fcrk milleti bu tarz gayr\u0131 insani yakla\u015f\u0131mlardan her zaman uzakt\u0131r T\u00fcrk halk\u0131na yak\u0131\u015fmaz b\u00f6yle bir itham.&#8221;<\/p>\n<p>                            <span class=\"detay-foto-editor\">&#13;<br \/>\n                                <a href=\"https:\/\/www.aa.com.tr\/tr\/p\/abonelik-talep-formu\/1001\" target=\"_blank\" style=\"font-size:12px; color:#444; text-decoration:none;\" rel=\"noopener\">&#13;<br \/>\n                                    Anadolu Ajans\u0131 web sitesinde, AA Haber Ak\u0131\u015f Sistemi (HAS) \u00fczerinden abonelere sunulan haberler, \u00f6zetlenerek yay\u0131mlanmaktad\u0131r. <b style=\"color:#1897F7\">Abonelik i\u00e7in l\u00fctfen ileti\u015fime ge\u00e7iniz.<\/b>&#13;<br \/>\n                                <\/a>&#13;<br \/>\n                            <\/span>\n                        <\/div>\n<p><script>\n\t  window.fbAsyncInit = function() {\n\t\tFB.init({\n\t\t  appId: '1855843514662870',\n\t\t  status : true, \/\/ check login status\n\t\t  cookie : true, \/\/ enable cookies to allow the server to access the session\n\t\t  xfbml  : true  \/\/ parse XFBML\n\t\t});\n\t  };<\/p>\n<p>\t  (function() {\n\t\tvar e = document.createElement('script');\n\t\te.src=\"https:\/\/connect.facebook.net\/tr_TR\/all.js\";\n\t\te.async = true;\n\t\tdocument.getElementById('fb-root').appendChild(e);\n\t  }());\n    <\/script><\/p>\n","protected":false},"excerpt":{"rendered":"<p>Aktay, \u0130stanbul&#8217;da d\u00fczenlenen ve \u0130slam \u00fclkelerinden yakla\u015f\u0131k 17 siyasi parti ve toplumsal hareketin temsilcilerinin kat\u0131ld\u0131\u011f\u0131 Adalet ve Demokrasi Forumuyla ilgili AA muhabirine a\u00e7\u0131klamalarda bulundu. Forumun 2016&#8217;da \u0130stanbul&#8217;da kuruldu\u011funu hat\u0131rlatan Aktay, forumun &#8220;adalet&#8221; ve &#8220;demokrasi&#8221; gibi iki \u00f6nemli kavram\u0131 merkez edindi\u011fini s\u00f6yledi. &#8220;Platform, adalet ve demokrasi gibi iki \u00f6nemli kavram konusunda \u0130slam d\u00fcnyas\u0131n\u0131n kar\u015f\u0131 kar\u015f\u0131ya kald\u0131\u011f\u0131 [&hellip;]<\/p>\n","protected":false},"author":1,"featured_media":15817,"comment_status":"","ping_status":"","sticky":false,"template":"","format":"standard","meta":[],"categories":[47],"tags":[],"_links":{"self":[{"href":"https:\/\/kraios.app\/news\/wp-json\/wp\/v2\/posts\/15816"}],"collection":[{"href":"https:\/\/kraios.app\/news\/wp-json\/wp\/v2\/posts"}],"about":[{"href":"https:\/\/kraios.app\/news\/wp-json\/wp\/v2\/types\/post"}],"author":[{"embeddable":true,"href":"https:\/\/kraios.app\/news\/wp-json\/wp\/v2\/users\/1"}],"replies":[{"embeddable":true,"href":"https:\/\/kraios.app\/news\/wp-json\/wp\/v2\/comments?post=15816"}],"version-history":[{"count":0,"href":"https:\/\/kraios.app\/news\/wp-json\/wp\/v2\/posts\/15816\/revisions"}],"wp:featuredmedia":[{"embeddable":true,"href":"https:\/\/kraios.app\/news\/wp-json\/wp\/v2\/media\/15817"}],"wp:attachment":[{"href":"https:\/\/kraios.app\/news\/wp-json\/wp\/v2\/media?parent=15816"}],"wp:term":[{"taxonomy":"category","embeddable":true,"href":"https:\/\/kraios.app\/news\/wp-json\/wp\/v2\/categories?post=15816"},{"taxonomy":"post_tag","embeddable":true,"href":"https:\/\/kraios.app\/news\/wp-json\/wp\/v2\/tags?post=15816"}],"curies":[{"name":"wp","href":"https:\/\/api.w.org\/{rel}","templated":true}]}}