{"id":15794,"date":"2023-09-30T12:44:06","date_gmt":"2023-09-30T12:44:06","guid":{"rendered":"https:\/\/kraios.app\/news\/siyaset\/2023\/09\/30\/cankaya-koskunde-yeni-anayasa-surecinde-medyanin-rolu-calistayi-duzenlendi\/"},"modified":"2023-09-30T12:44:06","modified_gmt":"2023-09-30T12:44:06","slug":"cankaya-koskunde-yeni-anayasa-surecinde-medyanin-rolu-calistayi-duzenlendi","status":"publish","type":"post","link":"https:\/\/kraios.app\/news\/siyaset\/2023\/09\/30\/cankaya-koskunde-yeni-anayasa-surecinde-medyanin-rolu-calistayi-duzenlendi\/","title":{"rendered":"\u00c7ankaya K\u00f6\u015fk\u00fc&#8217;nde &#8220;Yeni Anayasa S\u00fcrecinde Medyan\u0131n Rol\u00fc \u00c7al\u0131\u015ftay\u0131&#8221; d\u00fczenlendi"},"content":{"rendered":"<p><\/p>\n<div>\n<p>Cumhurba\u015fkanl\u0131\u011f\u0131 Hukuk Politikalar\u0131 Kurulunca, \u00c7ankaya K\u00f6\u015fk\u00fc&#8217;nde &#8220;Yeni Anayasa S\u00fcrecinde Medyan\u0131n Rol\u00fc \u00c7al\u0131\u015ftay\u0131&#8221; d\u00fczenlendi.<\/p>\n<p>U\u00e7um, burada yapt\u0131\u011f\u0131 konu\u015fmada, Hukuk Politikalar\u0131 Kurulu olarak yeni anayasa \u00e7er\u00e7evesinde bug\u00fcn 11&#8217;inci \u00e7al\u0131\u015ftay\u0131n yap\u0131ld\u0131\u011f\u0131n\u0131, medya temsilcilerinin de yeni anayasan\u0131n yap\u0131m s\u00fcreci ve i\u00e7eri\u011fine ili\u015fkin g\u00f6r\u00fc\u015flerini almak istediklerini belirtti.<\/p>\n<p><img decoding=\"async\" alt=\"\" src=\"https:\/\/www.aa.com.tr\/uploads\/userFiles\/54a427bf-71c5-4e63-a83d-6196709e92a3\/009_2023%2F004_2023%2F03_Eyl%C3%BCl%2F001%2F20230928_2_60462171_93177371.jpg\"\/><\/p>\n<p>Hukuk Politikalar\u0131 Kurulu taraf\u0131ndan Mart 2022&#8217;den bu yana d\u00fczenlenen \u00e7al\u0131\u015ftaylarla yeni anayasa \u00e7al\u0131\u015fmalar\u0131na akademik ve fikri katk\u0131da bulunman\u0131n ama\u00e7land\u0131\u011f\u0131n\u0131 aktaran U\u00e7um, \u015f\u00f6yle devam etti:<\/p>\n<p>&#8220;Yeni anayasa meselesinin hukuki s\u00fcreci tabii ki Meclis&#8217;in meselesidir. Elbette bir yeni anayasa hukukile\u015ftirme s\u00fcreci ba\u015flayacaksa bu, Meclis iradesiyle olacakt\u0131r. Bir anayasa de\u011fi\u015fikli\u011fi i\u00e7in Meclis&#8217;te en az 200 milletvekilinin teklif vermesi gibi belki yeni anayasan\u0131n teklifi de ayn\u0131 usulle, Meclis&#8217;in verece\u011fi kararla, en az 200 milletvekilinin teklifiyle olacakt\u0131r. B\u00fct\u00fcn bunlara Meclis&#8217;imiz karar verecektir. Ayr\u0131ca Meclis&#8217;te grubu bulunan partiler bu s\u00fcrecin siyasi anlamda akt\u00f6rleri olacakt\u0131r, Meclis&#8217;i harekete ge\u00e7iren g\u00fc\u00e7leri olacakt\u0131r. Dolay\u0131s\u0131yla i\u015fin merkezinin Meclis oldu\u011fu ve siyasi parti gruplar\u0131 oldu\u011fu tart\u0131\u015fmas\u0131z bir ger\u00e7ektir.&#8221;<\/p>\n<p><img decoding=\"async\" alt=\"\" src=\"https:\/\/www.aa.com.tr\/uploads\/userFiles\/54a427bf-71c5-4e63-a83d-6196709e92a3\/009_2023%2F004_2023%2F03_Eyl%C3%BCl%2F001%2F20230928_2_60462171_93177375.jpg\"\/><\/p>\n<p>Mehmet U\u00e7um, yeni anayasan\u0131n b\u00fct\u00fcn devlet kurumlar\u0131n\u0131n ve toplumun meselesi oldu\u011funu vurgulayarak &#8220;Ama nihayetinde bu mesele milletvekillerinin tekelinde olan, teklif sunma tekeli de milletvekillerinde olan, kanunla\u015ft\u0131r\u0131lmas\u0131 da Meclis&#8217;te ger\u00e7ekle\u015fecek olan bir meseledir. \u00d6nemli olan o noktaya gelinceye kadar son derece kapsay\u0131c\u0131 bir yeni anayasa perspektifinde bulu\u015fabilmektir.&#8221; ifadelerini kulland\u0131.<\/p>\n<p>U\u00e7um&#8217;un de\u011ferlendirmelerinin ard\u0131ndan \u00e7al\u0131\u015ftay bas\u0131na kapal\u0131 devam etti.<\/p>\n<p><img decoding=\"async\" alt=\"\" src=\"https:\/\/www.aa.com.tr\/uploads\/userFiles\/54a427bf-71c5-4e63-a83d-6196709e92a3\/009_2023%2F004_2023%2F03_Eyl%C3%BCl%2F001%2F20230928_2_60462171_93177377.jpg\"\/><\/p>\n<p>Yeni anayasaya ili\u015fkin \u00e7al\u0131\u015fmalar y\u00fcr\u00fcten Kurul, bu y\u0131l farkl\u0131 tarihlerde &#8220;Yeni Anayasa \u0130htiyac\u0131 ve Yeni Anayasan\u0131n Politik Hukuk Yakla\u015f\u0131m\u0131&#8221;, &#8220;Yeni Anayasan\u0131n Esaslar\u0131; Anayasan\u0131n Ba\u015flang\u0131\u00e7, Milli Egemenlik ve Kuvvetler Ayr\u0131l\u0131\u011f\u0131 \u0130lkeleri&#8221;, &#8220;Yeni Anayasan\u0131n Hak ve \u00d6zg\u00fcrl\u00fckler Yakla\u015f\u0131m\u0131&#8221;, &#8220;Yeni Anayasada Yer Alacak Siyasi Haklar ve \u00d6zg\u00fcrl\u00fckler&#8221;, &#8220;Yeni Anayasada Yer Alacak Sosyal Haklar&#8221;, &#8220;Yeni Anayasada Devletin Temel Organlar\u0131: Yasama ve Y\u00fcr\u00fctme&#8221;, &#8220;Yeni Anayasada Devletin Temel Organlar\u0131: Yarg\u0131&#8221;, &#8220;Anayasa De\u011fi\u015fikli\u011finin Esaslar\u0131 ve Yeni Anayasa Perspektifinde Anayasal Kurumlar&#8221;, &#8220;Yeni Anayasada Yer Alacak Sosyal Haklar&#8221; ve &#8220;T\u00fcrkiye&#8217;nin Anayasa S\u00fcrecinde Sivil Toplumun Rol\u00fc&#8221; konulu \u00e7al\u0131\u015ftaylar d\u00fczenlemi\u015fti.<\/p>\n<p>                            <span class=\"detay-foto-editor\">&#13;<br \/>\n                                <a href=\"https:\/\/www.aa.com.tr\/tr\/p\/abonelik-talep-formu\/1001\" target=\"_blank\" style=\"font-size:12px; color:#444; text-decoration:none;\" rel=\"noopener\">&#13;<br \/>\n                                    Anadolu Ajans\u0131 web sitesinde, AA Haber Ak\u0131\u015f Sistemi (HAS) \u00fczerinden abonelere sunulan haberler, \u00f6zetlenerek yay\u0131mlanmaktad\u0131r. <b style=\"color:#1897F7\">Abonelik i\u00e7in l\u00fctfen ileti\u015fime ge\u00e7iniz.<\/b>&#13;<br \/>\n                                <\/a>&#13;<br \/>\n                            <\/span>\n                        <\/div>\n<p><script>\n\t  window.fbAsyncInit = function() {\n\t\tFB.init({\n\t\t  appId: '1855843514662870',\n\t\t  status : true, \/\/ check login status\n\t\t  cookie : true, \/\/ enable cookies to allow the server to access the session\n\t\t  xfbml  : true  \/\/ parse XFBML\n\t\t});\n\t  };<\/p>\n<p>\t  (function() {\n\t\tvar e = document.createElement('script');\n\t\te.src=\"https:\/\/connect.facebook.net\/tr_TR\/all.js\";\n\t\te.async = true;\n\t\tdocument.getElementById('fb-root').appendChild(e);\n\t  }());\n    <\/script><\/p>\n","protected":false},"excerpt":{"rendered":"<p>Cumhurba\u015fkanl\u0131\u011f\u0131 Hukuk Politikalar\u0131 Kurulunca, \u00c7ankaya K\u00f6\u015fk\u00fc&#8217;nde &#8220;Yeni Anayasa S\u00fcrecinde Medyan\u0131n Rol\u00fc \u00c7al\u0131\u015ftay\u0131&#8221; d\u00fczenlendi. U\u00e7um, burada yapt\u0131\u011f\u0131 konu\u015fmada, Hukuk Politikalar\u0131 Kurulu olarak yeni anayasa \u00e7er\u00e7evesinde bug\u00fcn 11&#8217;inci \u00e7al\u0131\u015ftay\u0131n yap\u0131ld\u0131\u011f\u0131n\u0131, medya temsilcilerinin de yeni anayasan\u0131n yap\u0131m s\u00fcreci ve i\u00e7eri\u011fine ili\u015fkin g\u00f6r\u00fc\u015flerini almak istediklerini belirtti. Hukuk Politikalar\u0131 Kurulu taraf\u0131ndan Mart 2022&#8217;den bu yana d\u00fczenlenen \u00e7al\u0131\u015ftaylarla yeni anayasa \u00e7al\u0131\u015fmalar\u0131na [&hellip;]<\/p>\n","protected":false},"author":1,"featured_media":15795,"comment_status":"","ping_status":"","sticky":false,"template":"","format":"standard","meta":[],"categories":[47],"tags":[],"_links":{"self":[{"href":"https:\/\/kraios.app\/news\/wp-json\/wp\/v2\/posts\/15794"}],"collection":[{"href":"https:\/\/kraios.app\/news\/wp-json\/wp\/v2\/posts"}],"about":[{"href":"https:\/\/kraios.app\/news\/wp-json\/wp\/v2\/types\/post"}],"author":[{"embeddable":true,"href":"https:\/\/kraios.app\/news\/wp-json\/wp\/v2\/users\/1"}],"replies":[{"embeddable":true,"href":"https:\/\/kraios.app\/news\/wp-json\/wp\/v2\/comments?post=15794"}],"version-history":[{"count":0,"href":"https:\/\/kraios.app\/news\/wp-json\/wp\/v2\/posts\/15794\/revisions"}],"wp:featuredmedia":[{"embeddable":true,"href":"https:\/\/kraios.app\/news\/wp-json\/wp\/v2\/media\/15795"}],"wp:attachment":[{"href":"https:\/\/kraios.app\/news\/wp-json\/wp\/v2\/media?parent=15794"}],"wp:term":[{"taxonomy":"category","embeddable":true,"href":"https:\/\/kraios.app\/news\/wp-json\/wp\/v2\/categories?post=15794"},{"taxonomy":"post_tag","embeddable":true,"href":"https:\/\/kraios.app\/news\/wp-json\/wp\/v2\/tags?post=15794"}],"curies":[{"name":"wp","href":"https:\/\/api.w.org\/{rel}","templated":true}]}}