{"id":15717,"date":"2023-09-29T14:23:34","date_gmt":"2023-09-29T14:23:34","guid":{"rendered":"https:\/\/kraios.app\/news\/siyaset\/2023\/09\/29\/ekonomi-ticaret-enerji-konusunu-modern-diplomasimizin-ayrilmaz-parcasi-haline-getirdik\/"},"modified":"2023-09-29T14:23:34","modified_gmt":"2023-09-29T14:23:34","slug":"ekonomi-ticaret-enerji-konusunu-modern-diplomasimizin-ayrilmaz-parcasi-haline-getirdik","status":"publish","type":"post","link":"https:\/\/kraios.app\/news\/siyaset\/2023\/09\/29\/ekonomi-ticaret-enerji-konusunu-modern-diplomasimizin-ayrilmaz-parcasi-haline-getirdik\/","title":{"rendered":"Ekonomi, ticaret, enerji konusunu modern diplomasimizin ayr\u0131lmaz par\u00e7as\u0131 haline getirdik"},"content":{"rendered":"<p><\/p>\n<div>\n<p>D\u0131\u015fi\u015fleri Bakan\u0131 Hakan Fidan, Mu\u011fla&#8217;da Valilik ve AK Parti \u0130l Ba\u015fkanl\u0131\u011f\u0131n\u0131 ziyaret etti.<\/p>\n<p>\u00c7e\u015fitli programlara kat\u0131lmak \u00fczere kente gelen Bakan Fidan, Milas-Bodrum Havaliman\u0131&#8217;nda Vali \u0130dris Akb\u0131y\u0131k, AK Parti Mu\u011fla Milletvekilleri Kadem Mete, Yakup Otg\u00f6z, Mu\u011fla B\u00fcy\u00fck\u015fehir Belediye Ba\u015fkan\u0131 Osman G\u00fcr\u00fcn, \u0130l Jandarma Komutan\u0131 Tu\u011fgeneral Ali Gemalmaz, AK Parti \u0130l Ba\u015fkan\u0131 G\u00fcltekin Ak\u00e7a ve belediye ba\u015fkanlar\u0131 taraf\u0131ndan kar\u015f\u0131land\u0131.<\/p>\n<p>Kente gelen Bakan Fidan, g\u00f6reve yeni atanan Vali Akb\u0131y\u0131k&#8217;\u0131 makam\u0131nda ziyaret ederek ba\u015far\u0131 diledi, kentteki \u00e7al\u0131\u015fmalarla ilgili bilgi ald\u0131.<\/p>\n<p>Daha sonra AK Parti \u0130l Ba\u015fkanl\u0131\u011f\u0131na ge\u00e7en ve partililerle bir araya gelen Fidan, buradaki konu\u015fmas\u0131nda, yeni g\u00f6revine ba\u015flad\u0131ktan sonra Mu\u011fla&#8217;y\u0131 ziyaret etmekten dolay\u0131 memnuniyet duydu\u011funu, Mu\u011fla&#8217;da b\u00fcy\u00fck bir misafirperverlik ve co\u015fkuyla kar\u015f\u0131land\u0131klar\u0131n\u0131 s\u00f6yledi.<\/p>\n<p>Valilikte ilin genel durumu, yat\u0131r\u0131mlar ve genel ihtiya\u00e7lar hakk\u0131nda bilgi ald\u0131\u011f\u0131n\u0131 ifade eden Fidan, bu bilgilerin bir k\u0131sm\u0131n\u0131 Ankara&#8217;da kabine toplant\u0131lar\u0131nda g\u00f6r\u00fc\u015feceklerini, Cumhurba\u015fkan\u0131 Recep Tayyip Erdo\u011fan&#8217;a da arz edeceklerini aktard\u0131.<\/p>\n<p>Merkezle il aras\u0131nda \u00e7ok d\u00fczenli y\u00fcr\u00fcyen bir i\u015f oldu\u011funu anlatan Fidan, &#8220;Biz de emanet edilen konular\u0131 \u015f\u00fcphesiz Ankara&#8217;ya ta\u015f\u0131yaca\u011f\u0131z. Mu\u011fla&#8217;n\u0131n tarihte, turizmde ve tar\u0131mda e\u015fsiz bir yer olmas\u0131 ilimize ve il\u00e7elerimize \u00e7ok ayr\u0131cal\u0131kl\u0131 bir yer kazand\u0131r\u0131yor. 20 y\u0131ldan fazlad\u0131r AK Parti h\u00fck\u00fcmetinin izledi\u011fi politikalarla \u00f6zellikle Mu\u011fla ve sahil il\u00e7eleri ba\u015fta olmak \u00fczere \u00e7ok projeler ve yat\u0131r\u0131mlar yap\u0131ld\u0131\u011f\u0131n\u0131 biliyoruz.&#8221; dedi.<\/p>\n<p>Mu\u011fla&#8217;n\u0131n do\u011fal potansiyeli olan tar\u0131m, turizm, tarih, sa\u011fl\u0131k, ula\u015ft\u0131rma ve e\u011fitim konular\u0131nda da \u00e7ok ciddi altyap\u0131 \u00e7al\u0131\u015fmalar\u0131n\u0131n bulundu\u011funu anlatan Fidan, \u015f\u00f6yle konu\u015ftu:<\/p>\n<p>&#8220;Fakat b\u00f6lgeye yat\u0131r\u0131m yapt\u0131k\u00e7a b\u00f6lge geli\u015ftik\u00e7e daha fazla insan\u0131, turisti, yat\u0131r\u0131mc\u0131y\u0131 \u00e7ekmekte ve daha fazla altyap\u0131y\u0131 da yapma ihtiyac\u0131 ortaya \u00e7\u0131k\u0131yor. Bu bir hizmet yar\u0131\u015f\u0131na d\u00f6n\u00fcyor. \u00c7\u00fcnk\u00fc yat\u0131r\u0131m\u0131 bir kez olu\u015fturdu\u011funuz yetmiyor. Onu daha sonra daha fazla geli\u015ftirmeniz gerekiyor. \u00c7\u00fcnk\u00fc n\u00fcfus ve i\u015f hacmi b\u00fcy\u00fcyor. Ekonomi b\u00fcy\u00fcyor, gelen turist say\u0131s\u0131 art\u0131yor. Dolay\u0131s\u0131yla bu koordinasyon kesintisiz \u015fekilde devam edecek. Yat\u0131r\u0131mlar\u0131m\u0131z devam edecek. Mu\u011fla&#8217;n\u0131n kendi yerel ihtiya\u00e7lar\u0131na uygun ama evrensel kalk\u0131nma kriterlerini gerektiren her t\u00fcrl\u00fc \u00e7al\u0131\u015fma yap\u0131lmaya devam edecek. Bunu da buradan memnuniyetle ifade etmek isterim.&#8221;<\/p>\n<p>D\u0131\u015f politikada da \u00e7al\u0131\u015fmalar\u0131n b\u00fcy\u00fck bir h\u0131zla devam etti\u011fini aktaran Fidan, T\u00fcrkiye&#8217;nin ba\u015f d\u00f6nd\u00fcr\u00fcc\u00fc bir diplomasi trafi\u011finin tam ortas\u0131nda oldu\u011funu s\u00f6yledi.<\/p>\n<p>Diplomasiyi iki eksende y\u00fcr\u00fctt\u00fcklerine de\u011fini vurgulayan Fidan, \u015f\u00f6yle devam etti:<\/p>\n<p>&#8220;Bir taraftan tehditleri bertaraf etme, s\u0131k\u0131nt\u0131lar\u0131 \u00f6teleme ikincisi de f\u0131rsatlardan istifade etme. Bunu yaparken ilgili kurum ve kurulu\u015flar\u0131m\u0131zla da \u00e7ok ciddi bir i\u015f birli\u011fi i\u00e7indeyiz. Dostlar\u0131m\u0131z\u0131n say\u0131s\u0131n\u0131 art\u0131r\u0131p, d\u00fc\u015fmanlar\u0131m\u0131z\u0131n say\u0131s\u0131n\u0131 azaltma, diplomasimizin bir numaral\u0131 g\u00f6revi. Ayn\u0131 zamanda modern diplomasi anlay\u0131\u015f\u0131nda \u00f6zellikle yat\u0131r\u0131mc\u0131lar\u0131m\u0131zla beraber \u00e7al\u0131\u015fmak, ekonomimizi b\u00fcy\u00fctmek, ticaret hacmimizi art\u0131rmak, b\u00f6lgemizde sadece T\u00fcrkiye&#8217;de de\u011fil T\u00fcrkiye&#8217;ye ba\u011fl\u0131l\u0131k hisseden, T\u00fcrkiye&#8217;ye ciddi derecede ihtiya\u00e7 duyan b\u00f6lge \u00fclkelerinin de ekonomik sistemleri \u00fczerinde olumlu katk\u0131da bulunmak i\u00e7in \u00e7ok ciddi \u00e7al\u0131\u015fmalar\u0131m\u0131z var. \u00d6zellikle ekonomi, ticaret, enerji konusunu modern diplomasimizin ayr\u0131lmaz bir par\u00e7as\u0131 haline getirdik. T\u0131pk\u0131 y\u0131llard\u0131r s\u00fcregelen g\u00fcvenlik, ter\u00f6rle m\u00fccadele nas\u0131l bir ayr\u0131lmaz par\u00e7as\u0131yd\u0131, bug\u00fcn i\u00e7in de bu konular diplomasimizin ayr\u0131lmaz bir par\u00e7as\u0131. B\u00fct\u00fcn diplomatlar, d\u0131\u015f misyonlar\u0131n \u00f6zellikle i\u015f adamlar\u0131na yard\u0131mc\u0131 olmada onlarla birlikte \u00e7al\u0131\u015fmada talimatland\u0131r\u0131lm\u0131\u015f durumdalar.&#8221;<\/p>\n<h3>&#8220;New York&#8217;taki g\u00f6r\u00fc\u015fmelerde (Tah\u0131l giri\u015fimi) yine bir numaral\u0131 g\u00fcndemdi&#8221;<\/h3>\n<p>T\u00fcrkiye&#8217;nin ortaya koydu\u011fu ekonomik dinamizm, kalk\u0131nma ve refah\u0131n b\u00fct\u00fcn b\u00f6lge i\u00e7in ihtiya\u00e7 duyulan bir husus oldu\u011funu dile getiren Fidan, \u015funlar\u0131 s\u00f6yledi:<\/p>\n<p>&#8220;T\u00fcrkiye kalk\u0131nd\u0131\u011f\u0131 zaman sadece biz istifade etmiyoruz bundan. G\u00fcneyimizdeki, do\u011fumuzdaki, kuzeyimizdeki, bat\u0131m\u0131zdaki b\u00fct\u00fcn \u00fclkeler istifade ediyor. Balkan \u00fclkeleri, Orta Do\u011fu \u00fclkeleri, Akdeniz \u00fclkeleri bundan istifade ediyor. Bu y\u00f6ndeki \u00e7al\u0131\u015fmalar\u0131m\u0131z devam edecek. Ge\u00e7ti\u011fimiz hafta Cumhurba\u015fkan\u0131&#8217;m\u0131z ile New York&#8217;tayd\u0131k. \u00d6zellikle Cumhurba\u015fkan\u0131&#8217;m\u0131z\u0131n merkezinde oldu\u011fu yo\u011fun bir diplomasi trafi\u011fi oldu. Burada da b\u00f6lgemizi \u00fclkemizi ve d\u00fcnyay\u0131 ilgilendiren yerel ve stratejik konularla ilgili \u00e7ok ciddi g\u00f6r\u00fc\u015fmeler ger\u00e7ekle\u015ftirildi. Bunlar\u0131n ba\u015f\u0131nda \u015fu anda devam etmekte olan Karadeniz&#8217;deki ticareti de engelleme potansiyeli olan Ukrayna&#8217;da olan sava\u015f. Rusya-Ukrayna aras\u0131nda devam eden bu sava\u015f\u0131n bir \u015fekilde durdurulmas\u0131 veya sava\u015f devam ederken insanl\u0131k ad\u0131na yap\u0131labilecek hizmetlerin yap\u0131labilmesi konusunda ba\u015fta say\u0131n Cumhurba\u015fkan\u0131&#8217;m\u0131z olmak \u00fczere, h\u00fck\u00fcmetimiz, devletimiz b\u00fcy\u00fck bir \u00e7aba i\u00e7erisinde. Sava\u015f\u0131 durdurmak tabii ki bir numaral\u0131 \u00f6nceli\u011fimiz. \u00c7\u00fcnk\u00fc b\u00f6lgeye ve d\u00fcnyaya b\u00fcy\u00fck bir zarar vermekte. Ama devam ederken ba\u015fta esir takas\u0131 olmak \u00fczere bir\u00e7ok konuda da giri\u015fimlerimiz devam ediyor. Bunlar\u0131n ba\u015f\u0131nda Karadeniz tah\u0131l giri\u015fimi gelmekte. Bu konu sadece b\u00f6lgemizi de\u011fil \u00f6zellikle ba\u015fta Afrika \u00fclkeleri olmak \u00fczere insanl\u0131\u011f\u0131n tamam\u0131n\u0131 ilgilendiren bir sorun. \u015eu anda sofralar\u0131m\u0131zda ekmek var. Her g\u00fcn sofralar\u0131m\u0131za gelen ekmek bizim i\u00e7in bir ola\u011fan\u00fcst\u00fcl\u00fck arz etmiyor olabilir ama yoklu\u011funu g\u00f6rd\u00fc\u011f\u00fcm\u00fcz zaman orada \u015f\u00fcphesiz alarm zilleri \u00e7almaya ba\u015fl\u0131yor. \u015eu anda bu alarm zilleri bir\u00e7ok \u00fclke i\u00e7in \u00e7alma durumunda. Bunu engellemenin bir yolunu bulmak gerekiyordu. Ge\u00e7en y\u0131l itibar\u0131yla Cumhurba\u015fkan\u0131&#8217;m\u0131z\u0131n \u00f6nc\u00fcl\u00fc\u011f\u00fcnce y\u00fcr\u00fct\u00fclen m\u00fczakerelerde bu sorun a\u015f\u0131lm\u0131\u015ft\u0131. Bu y\u0131l yine bu konuda \u00e7al\u0131\u015fmalar\u0131m\u0131z devam ediyor. New York&#8217;taki g\u00f6r\u00fc\u015fmelerde bu yine bir numaral\u0131 g\u00fcndemdi.&#8221;<\/p>\n<h3>Karaba\u011f konusu<\/h3>\n<p>New York&#8217;taki g\u00f6r\u00fc\u015fmeler devam ederken Karaba\u011f&#8217;da Azerbaycan&#8217;\u0131n kendi egemenliklerini alma y\u00f6n\u00fcnde antiter\u00f6r operasyonu yapt\u0131\u011f\u0131na i\u015faret eden Fidan, bununla ilgili konular\u0131n \u00e7ok g\u00fcndeme geldi\u011fini vurgulayarak, operasyonun ilk g\u00fcn\u00fc oldu\u011fu i\u00e7in ne kadar b\u00fcy\u00fck bir alan\u0131 kapsad\u0131\u011f\u0131, ne kadar s\u00fcrece\u011fi, hedefinin ne oldu\u011fu konusunda uluslararas\u0131 toplum nezdinde \u00e7ok ciddi soru i\u015faretleri bulundu\u011funu kaydetti.<\/p>\n<p>Bu d\u00f6nemde baz\u0131lar\u0131n\u0131n kas\u0131tl\u0131 endi\u015feleri oldu\u011funu, baz\u0131lar\u0131n\u0131n da kas\u0131tl\u0131 Azerbaycan d\u00fc\u015fmanl\u0131\u011f\u0131 yapt\u0131\u011f\u0131n\u0131 belirten Fidan, &#8220;Biz de burada operasyonun asl\u0131nda \u00e7ok odakl\u0131 oldu\u011fu, Azerbaycan&#8217;\u0131n kendi egemenli\u011fini sa\u011flamak konusunda att\u0131\u011f\u0131 ad\u0131mlar oldu\u011fu, Ermeni etnik n\u00fcfusu kesinlikle hedef almad\u0131\u011f\u0131 tam tersine onlar i\u00e7in daha g\u00fcvenli bir ortam olu\u015fturma ve belirsizli\u011fi ortadan kald\u0131rma y\u00f6n\u00fcnde at\u0131lan bir ad\u0131m oldu\u011funu uzun uzun anlatt\u0131k.&#8221; dedi.<\/p>\n<p>B\u00f6lgede kas\u0131m 2020&#8217;de var\u0131lan ate\u015fkes mutabakat\u0131ndan sonra Azerbaycanl\u0131 karde\u015flerin b\u00fcy\u00fck bir sab\u0131rla bekledi\u011fini belirten Fidan, \u015f\u00f6yle devam etti:<\/p>\n<p>&#8220;Karaba\u011f&#8217;daki Ermeni olu\u015fumunun kendi kendini lav etmesi, Azerbaycan egemenli\u011fini tan\u0131mas\u0131 ve bu noktada ad\u0131mlar at\u0131lmas\u0131 y\u00f6n\u00fcnde. Ama bu bir t\u00fcrl\u00fc olmad\u0131. Azerbaycanl\u0131 karde\u015flerimiz ger\u00e7ekten s\u00fcreci \u00e7ok olgun bir \u015fekilde y\u00fcr\u00fctt\u00fcler. Kendilerine yap\u0131lan b\u00fct\u00fcn g\u00f6r\u00fc\u015fme davetlerine gittiler. Amerika&#8217;da Fransa&#8217;da, Bel\u00e7ika&#8217;da, Moskova&#8217;da yap\u0131lana gittiler. Her yerde konu\u015ftular. \u0130ki tane konular\u0131 var. Karaba\u011f&#8217;daki egemenlik sorununun hallolmas\u0131, Zengezur koridorunun halledilmesi. Fakat bu konuda nedendir ki bir t\u00fcrl\u00fc ad\u0131m at\u0131lmad\u0131. Bakt\u0131lar ki asl\u0131nda bu g\u00f6r\u00fc\u015fmelerin ve m\u00fczakerelerin bir sonu\u00e7 ama\u00e7l\u0131 de\u011fil, gittik\u00e7e bir oyalamaya d\u00f6n\u00fc\u015ft\u00fc\u011f\u00fc y\u00f6n\u00fcnde bir kanaat has\u0131l oldu. Onlarda \u00f6zellikle bu egemenli\u011fin \u00f6n\u00fcndeki en b\u00fcy\u00fck engel olan silahl\u0131 unsurlar\u0131n tasfiyesi konusunu bir numaral\u0131 bir \u00f6ncelik haline getirdiler. Bunu da hayata ge\u00e7irdiler. Bunu da herhangi bir sivil kayb\u0131na neden olmadan yapt\u0131lar. \u015eu anda b\u00f6lgedeki s\u00f6zde Ermeni siyasal olu\u015fumu kendi kendini lav etmi\u015f durumda. Ermeni etnik n\u00fcfusu Azerbaycan&#8217;\u0131n anayasal vatanda\u015fl\u0131\u011f\u0131 alt\u0131nda normal ya\u015famlar\u0131na entegre olma s\u00fcreci ba\u015flat\u0131lm\u0131\u015f durumda. Bu biraz zor bir s\u00fcre\u00e7 onu kabul ediyoruz ama herhangi bir insan hayat\u0131 kayb\u0131 olmadan daha fazla dram ve trajedi olmadan tamamlanaca\u011f\u0131na inan\u0131yoruz.&#8221;<\/p>\n<p>Fidan, benzeri \u015fekilde bir \u00e7ok \u00fclkeyle devam eden \u00e7ok say\u0131da d\u0131\u015f politika konular\u0131 bulundu\u011funu ve bunlar\u0131n da \u00e7ok dikkatli bir \u015fekilde y\u00f6netilmesi gerekti\u011fini, Bakanl\u0131k olarak d\u0131\u015f politika vizyonunu \u00fcst\u00fcn bir koordinasyonla hayata ge\u00e7irmek i\u00e7in \u00e7aba g\u00f6sterdiklerini dile getirdi.<\/p>\n<p>Bakan Fidan, buradaki konu\u015fmas\u0131n\u0131n ard\u0131ndan Mente\u015fe il\u00e7esindeki tarihi Kur\u015funlu Camisi&#8217;ne ge\u00e7erek vatanda\u015flarla Cuma namaz\u0131n\u0131 k\u0131ld\u0131.<\/p>\n<p>Fidan, daha sonra, AK Parti Genel Merkez Te\u015fkilat Ba\u015fkanl\u0131\u011f\u0131nca organize edilen &#8220;2023 \u015eehir Bulu\u015fmalar\u0131&#8221; kapsam\u0131nda Mu\u011fla \u00dcniversitesi Atat\u00fcrk K\u00fclt\u00fcr Merkezi&#8217;nde d\u00fczenlenen \u0130l Dan\u0131\u015fma Toplant\u0131s\u0131na kat\u0131ld\u0131.<\/p>\n<p>                            <span class=\"detay-foto-editor\">&#13;<br \/>\n                                <a href=\"https:\/\/www.aa.com.tr\/tr\/p\/abonelik-talep-formu\/1001\" target=\"_blank\" style=\"font-size:12px; color:#444; text-decoration:none;\" rel=\"noopener\">&#13;<br \/>\n                                    Anadolu Ajans\u0131 web sitesinde, AA Haber Ak\u0131\u015f Sistemi (HAS) \u00fczerinden abonelere sunulan haberler, \u00f6zetlenerek yay\u0131mlanmaktad\u0131r. <b style=\"color:#1897F7\">Abonelik i\u00e7in l\u00fctfen ileti\u015fime ge\u00e7iniz.<\/b>&#13;<br \/>\n                                <\/a>&#13;<br \/>\n                            <\/span>\n                        <\/div>\n<p><script>\n\t  window.fbAsyncInit = function() {\n\t\tFB.init({\n\t\t  appId: '1855843514662870',\n\t\t  status : true, \/\/ check login status\n\t\t  cookie : true, \/\/ enable cookies to allow the server to access the session\n\t\t  xfbml  : true  \/\/ parse XFBML\n\t\t});\n\t  };<\/p>\n<p>\t  (function() {\n\t\tvar e = document.createElement('script');\n\t\te.src=\"https:\/\/connect.facebook.net\/tr_TR\/all.js\";\n\t\te.async = true;\n\t\tdocument.getElementById('fb-root').appendChild(e);\n\t  }());\n    <\/script><\/p>\n","protected":false},"excerpt":{"rendered":"<p>D\u0131\u015fi\u015fleri Bakan\u0131 Hakan Fidan, Mu\u011fla&#8217;da Valilik ve AK Parti \u0130l Ba\u015fkanl\u0131\u011f\u0131n\u0131 ziyaret etti. \u00c7e\u015fitli programlara kat\u0131lmak \u00fczere kente gelen Bakan Fidan, Milas-Bodrum Havaliman\u0131&#8217;nda Vali \u0130dris Akb\u0131y\u0131k, AK Parti Mu\u011fla Milletvekilleri Kadem Mete, Yakup Otg\u00f6z, Mu\u011fla B\u00fcy\u00fck\u015fehir Belediye Ba\u015fkan\u0131 Osman G\u00fcr\u00fcn, \u0130l Jandarma Komutan\u0131 Tu\u011fgeneral Ali Gemalmaz, AK Parti \u0130l Ba\u015fkan\u0131 G\u00fcltekin Ak\u00e7a ve belediye ba\u015fkanlar\u0131 [&hellip;]<\/p>\n","protected":false},"author":1,"featured_media":15718,"comment_status":"","ping_status":"","sticky":false,"template":"","format":"standard","meta":[],"categories":[47],"tags":[],"_links":{"self":[{"href":"https:\/\/kraios.app\/news\/wp-json\/wp\/v2\/posts\/15717"}],"collection":[{"href":"https:\/\/kraios.app\/news\/wp-json\/wp\/v2\/posts"}],"about":[{"href":"https:\/\/kraios.app\/news\/wp-json\/wp\/v2\/types\/post"}],"author":[{"embeddable":true,"href":"https:\/\/kraios.app\/news\/wp-json\/wp\/v2\/users\/1"}],"replies":[{"embeddable":true,"href":"https:\/\/kraios.app\/news\/wp-json\/wp\/v2\/comments?post=15717"}],"version-history":[{"count":0,"href":"https:\/\/kraios.app\/news\/wp-json\/wp\/v2\/posts\/15717\/revisions"}],"wp:featuredmedia":[{"embeddable":true,"href":"https:\/\/kraios.app\/news\/wp-json\/wp\/v2\/media\/15718"}],"wp:attachment":[{"href":"https:\/\/kraios.app\/news\/wp-json\/wp\/v2\/media?parent=15717"}],"wp:term":[{"taxonomy":"category","embeddable":true,"href":"https:\/\/kraios.app\/news\/wp-json\/wp\/v2\/categories?post=15717"},{"taxonomy":"post_tag","embeddable":true,"href":"https:\/\/kraios.app\/news\/wp-json\/wp\/v2\/tags?post=15717"}],"curies":[{"name":"wp","href":"https:\/\/api.w.org\/{rel}","templated":true}]}}