{"id":15706,"date":"2023-09-29T14:11:36","date_gmt":"2023-09-29T14:11:36","guid":{"rendered":"https:\/\/kraios.app\/news\/siyaset\/2023\/09\/29\/tbmm-baskani-kurtulmus-gurcistan-ve-estonyali-mevkidaslariyla-gorustu\/"},"modified":"2023-09-29T14:11:36","modified_gmt":"2023-09-29T14:11:36","slug":"tbmm-baskani-kurtulmus-gurcistan-ve-estonyali-mevkidaslariyla-gorustu","status":"publish","type":"post","link":"https:\/\/kraios.app\/news\/siyaset\/2023\/09\/29\/tbmm-baskani-kurtulmus-gurcistan-ve-estonyali-mevkidaslariyla-gorustu\/","title":{"rendered":"TBMM Ba\u015fkan\u0131 Kurtulmu\u015f, G\u00fcrcistan ve Estonyal\u0131 mevkida\u015flar\u0131yla g\u00f6r\u00fc\u015ft\u00fc"},"content":{"rendered":"<p><\/p>\n<div>\n<p>Dublin Kongre Merkezi&#8217;nde ger\u00e7ekle\u015fen g\u00f6r\u00fc\u015fmelerde, ikili ve parlamentolar aras\u0131 ili\u015fkiler ile b\u00f6lgesel ve k\u00fcresel geli\u015fmeler ele al\u0131nd\u0131.<\/p>\n<p>Kurtulmu\u015f, G\u00fcrcistan Parlamento Ba\u015fkan\u0131 Papuashvili ile g\u00f6r\u00fc\u015fmesinde, kom\u015fu \u00fclke G\u00fcrcistan ile m\u00fckemmel seyreden ili\u015fkilerin stratejik ortakl\u0131k seviyesine \u00e7\u0131kmas\u0131n\u0131n, \u00e7ok \u00f6nemli ad\u0131mlar\u0131n at\u0131lmas\u0131na imkan sa\u011flayan bir zemin oldu\u011funu ifade etti.<\/p>\n<p>G\u00fcrcistan\u2019da ya\u015fanan toprak kaymas\u0131 dolay\u0131s\u0131yla Papuashvili&#8217;ye ge\u00e7mi\u015f olsun temennilerini ileten Kurtulmu\u015f, Kahramanmara\u015f merkezli depremler dolay\u0131s\u0131yla da G\u00fcrcistan\u2019\u0131n sa\u011flad\u0131\u011f\u0131 destekler i\u00e7in te\u015fekk\u00fcr etti.<\/p>\n<p>G\u00fcrcistan\u2019la i\u015f birli\u011finin her alanda g\u00fc\u00e7l\u00fc bir \u015fekilde devam etti\u011fini dile getiren Kurtulmu\u015f, ekonomik ve ticari ili\u015fkilerin s\u00fcrekli geli\u015fti\u011fini, sahip olunan ekonomik potansiyelin \u00e7ok daha yukar\u0131ya \u00e7ekilmesi gerekti\u011fini belirtti.<\/p>\n<p>T\u00fcrkiye\u2019nin, G\u00fcrcistan\u2019\u0131n toprak b\u00fct\u00fcnl\u00fc\u011f\u00fcn\u00fc savundu\u011funu ve her platformda bu y\u00f6ndeki deste\u011fini verdi\u011fini ifade eden Kurtulmu\u015f, G\u00fcrcistan\u2019\u0131n Avrupa ve Atlantik kurumlar\u0131na entegrasyonunu sa\u011flayacak \u00e7abalara deste\u011fi s\u00fcrd\u00fcreceklerini s\u00f6yledi.<\/p>\n<p>Parlamentolar aras\u0131ndaki ili\u015fkilerin artarak devam etmesini sa\u011flamak niyetinde olduklar\u0131n\u0131 bildiren Kurtulmu\u015f, T\u00fcrkiye-Azerbaycan-G\u00fcrcistan aras\u0131ndaki \u00fc\u00e7l\u00fc mekanizmayla da siyasi ili\u015fkileri daha ileriye g\u00f6t\u00fcrmekte kararl\u0131 olduklar\u0131n\u0131 vurgulad\u0131.<\/p>\n<p><img decoding=\"async\" alt=\"\" src=\"https:\/\/www.aa.com.tr\/uploads\/userFiles\/c9f1ae26-3cf3-4ab4-9d72-230dedd01a4c\/AA-32272633.jpg\"\/><\/p>\n<h3>Estonya Parlamentosu Ba\u015fkan\u0131 Hussar ile g\u00f6r\u00fc\u015fme<\/h3>\n<p>TBMM Ba\u015fkan\u0131 Kurtulmu\u015f, Konferans kapsam\u0131nda Estonya Parlamentosu Ba\u015fkan\u0131 Lauri Hussar ile yapt\u0131\u011f\u0131 g\u00f6r\u00fc\u015fmede ise ikili ve parlamentolar aras\u0131 ili\u015fkilerin olumlu ilerledi\u011fini s\u00f6yledi.<\/p>\n<p>Rusya-Ukrayna sava\u015f\u0131n\u0131n Avrupa ve Balt\u0131k \u00fclkelerinde g\u00fcvenlik endi\u015felerini ortaya \u00e7\u0131kard\u0131\u011f\u0131n\u0131n fark\u0131nda olduklar\u0131n\u0131 dile getiren Kurtulmu\u015f, bu sava\u015f\u0131n adil ve hakkaniyetli bir \u015fekilde sona ermesini \u00fcmit ettiklerini kaydetti.<\/p>\n<p>G\u00f6r\u00fc\u015fmede, T\u00fcrkiye&#8217;nin Dublin B\u00fcy\u00fckel\u00e7isi Mehmet Hakan Olcay, AK Parti \u0130stanbul Milletvekili ve TBMM \u0130dare Amiri Hasan Turan ile AK Parti Adana Milletvekili ve T\u00fcrkiye-\u0130rlanda Parlamentolar Aras\u0131 Dostluk Grubu Ba\u015fkan\u0131 Sunay Karam\u0131k da yer ald\u0131.<\/p>\n<p>                            <span class=\"detay-foto-editor\">&#13;<br \/>\n                                <a href=\"https:\/\/www.aa.com.tr\/tr\/p\/abonelik-talep-formu\/1001\" target=\"_blank\" style=\"font-size:12px; color:#444; text-decoration:none;\" rel=\"noopener\">&#13;<br \/>\n                                    Anadolu Ajans\u0131 web sitesinde, AA Haber Ak\u0131\u015f Sistemi (HAS) \u00fczerinden abonelere sunulan haberler, \u00f6zetlenerek yay\u0131mlanmaktad\u0131r. <b style=\"color:#1897F7\">Abonelik i\u00e7in l\u00fctfen ileti\u015fime ge\u00e7iniz.<\/b>&#13;<br \/>\n                                <\/a>&#13;<br \/>\n                            <\/span>\n                        <\/div>\n<p><script>\n\t  window.fbAsyncInit = function() {\n\t\tFB.init({\n\t\t  appId: '1855843514662870',\n\t\t  status : true, \/\/ check login status\n\t\t  cookie : true, \/\/ enable cookies to allow the server to access the session\n\t\t  xfbml  : true  \/\/ parse XFBML\n\t\t});\n\t  };<\/p>\n<p>\t  (function() {\n\t\tvar e = document.createElement('script');\n\t\te.src=\"https:\/\/connect.facebook.net\/tr_TR\/all.js\";\n\t\te.async = true;\n\t\tdocument.getElementById('fb-root').appendChild(e);\n\t  }());\n    <\/script><\/p>\n","protected":false},"excerpt":{"rendered":"<p>Dublin Kongre Merkezi&#8217;nde ger\u00e7ekle\u015fen g\u00f6r\u00fc\u015fmelerde, ikili ve parlamentolar aras\u0131 ili\u015fkiler ile b\u00f6lgesel ve k\u00fcresel geli\u015fmeler ele al\u0131nd\u0131. Kurtulmu\u015f, G\u00fcrcistan Parlamento Ba\u015fkan\u0131 Papuashvili ile g\u00f6r\u00fc\u015fmesinde, kom\u015fu \u00fclke G\u00fcrcistan ile m\u00fckemmel seyreden ili\u015fkilerin stratejik ortakl\u0131k seviyesine \u00e7\u0131kmas\u0131n\u0131n, \u00e7ok \u00f6nemli ad\u0131mlar\u0131n at\u0131lmas\u0131na imkan sa\u011flayan bir zemin oldu\u011funu ifade etti. G\u00fcrcistan\u2019da ya\u015fanan toprak kaymas\u0131 dolay\u0131s\u0131yla Papuashvili&#8217;ye ge\u00e7mi\u015f olsun temennilerini [&hellip;]<\/p>\n","protected":false},"author":1,"featured_media":15707,"comment_status":"","ping_status":"","sticky":false,"template":"","format":"standard","meta":[],"categories":[47],"tags":[],"_links":{"self":[{"href":"https:\/\/kraios.app\/news\/wp-json\/wp\/v2\/posts\/15706"}],"collection":[{"href":"https:\/\/kraios.app\/news\/wp-json\/wp\/v2\/posts"}],"about":[{"href":"https:\/\/kraios.app\/news\/wp-json\/wp\/v2\/types\/post"}],"author":[{"embeddable":true,"href":"https:\/\/kraios.app\/news\/wp-json\/wp\/v2\/users\/1"}],"replies":[{"embeddable":true,"href":"https:\/\/kraios.app\/news\/wp-json\/wp\/v2\/comments?post=15706"}],"version-history":[{"count":0,"href":"https:\/\/kraios.app\/news\/wp-json\/wp\/v2\/posts\/15706\/revisions"}],"wp:featuredmedia":[{"embeddable":true,"href":"https:\/\/kraios.app\/news\/wp-json\/wp\/v2\/media\/15707"}],"wp:attachment":[{"href":"https:\/\/kraios.app\/news\/wp-json\/wp\/v2\/media?parent=15706"}],"wp:term":[{"taxonomy":"category","embeddable":true,"href":"https:\/\/kraios.app\/news\/wp-json\/wp\/v2\/categories?post=15706"},{"taxonomy":"post_tag","embeddable":true,"href":"https:\/\/kraios.app\/news\/wp-json\/wp\/v2\/tags?post=15706"}],"curies":[{"name":"wp","href":"https:\/\/api.w.org\/{rel}","templated":true}]}}