{"id":15678,"date":"2023-09-29T10:19:34","date_gmt":"2023-09-29T10:19:34","guid":{"rendered":"https:\/\/kraios.app\/news\/siyaset\/2023\/09\/29\/disisleri-bakani-fidan-nato-genel-sekreteri-stoltenberg-ile-telefonda-gorustu-3\/"},"modified":"2023-09-29T10:19:34","modified_gmt":"2023-09-29T10:19:34","slug":"disisleri-bakani-fidan-nato-genel-sekreteri-stoltenberg-ile-telefonda-gorustu-3","status":"publish","type":"post","link":"https:\/\/kraios.app\/news\/siyaset\/2023\/09\/29\/disisleri-bakani-fidan-nato-genel-sekreteri-stoltenberg-ile-telefonda-gorustu-3\/","title":{"rendered":"D\u0131\u015fi\u015fleri Bakan\u0131 Fidan, NATO Genel Sekreteri Stoltenberg ile telefonda g\u00f6r\u00fc\u015ft\u00fc"},"content":{"rendered":"<p>D\u0131\u015fi\u015fleri Bakan\u0131 Fidan, NATO Genel Sekreteri Stoltenberg ile telefonda g\u00f6r\u00fc\u015ft\u00fc<\/p>\n","protected":false},"excerpt":{"rendered":"<p>D\u0131\u015fi\u015fleri Bakan\u0131 Fidan, NATO Genel Sekreteri Stoltenberg ile telefonda g\u00f6r\u00fc\u015ft\u00fc<\/p>\n","protected":false},"author":1,"featured_media":15679,"comment_status":"","ping_status":"","sticky":false,"template":"","format":"standard","meta":[],"categories":[47],"tags":[],"_links":{"self":[{"href":"https:\/\/kraios.app\/news\/wp-json\/wp\/v2\/posts\/15678"}],"collection":[{"href":"https:\/\/kraios.app\/news\/wp-json\/wp\/v2\/posts"}],"about":[{"href":"https:\/\/kraios.app\/news\/wp-json\/wp\/v2\/types\/post"}],"author":[{"embeddable":true,"href":"https:\/\/kraios.app\/news\/wp-json\/wp\/v2\/users\/1"}],"replies":[{"embeddable":true,"href":"https:\/\/kraios.app\/news\/wp-json\/wp\/v2\/comments?post=15678"}],"version-history":[{"count":0,"href":"https:\/\/kraios.app\/news\/wp-json\/wp\/v2\/posts\/15678\/revisions"}],"wp:featuredmedia":[{"embeddable":true,"href":"https:\/\/kraios.app\/news\/wp-json\/wp\/v2\/media\/15679"}],"wp:attachment":[{"href":"https:\/\/kraios.app\/news\/wp-json\/wp\/v2\/media?parent=15678"}],"wp:term":[{"taxonomy":"category","embeddable":true,"href":"https:\/\/kraios.app\/news\/wp-json\/wp\/v2\/categories?post=15678"},{"taxonomy":"post_tag","embeddable":true,"href":"https:\/\/kraios.app\/news\/wp-json\/wp\/v2\/tags?post=15678"}],"curies":[{"name":"wp","href":"https:\/\/api.w.org\/{rel}","templated":true}]}}