{"id":15656,"date":"2023-09-29T09:55:27","date_gmt":"2023-09-29T09:55:27","guid":{"rendered":"https:\/\/kraios.app\/news\/siyaset\/2023\/09\/29\/eski-tbmm-baskani-sentoptan-yeni-anayasa-icin-uzlasma-formulu-onerisi\/"},"modified":"2023-09-29T09:55:27","modified_gmt":"2023-09-29T09:55:27","slug":"eski-tbmm-baskani-sentoptan-yeni-anayasa-icin-uzlasma-formulu-onerisi","status":"publish","type":"post","link":"https:\/\/kraios.app\/news\/siyaset\/2023\/09\/29\/eski-tbmm-baskani-sentoptan-yeni-anayasa-icin-uzlasma-formulu-onerisi\/","title":{"rendered":"Eski TBMM Ba\u015fkan\u0131 \u015eentop&#8217;tan yeni anayasa i\u00e7in &#8220;uzla\u015fma form\u00fcl\u00fc&#8221; \u00f6nerisi"},"content":{"rendered":"<p><\/p>\n<div>\n<p>Eski Meclis Ba\u015fkan\u0131 \u015eentop, yeni anayasa \u00e7al\u0131\u015fmalar\u0131, \u00f6nceki y\u0131llardaki uzla\u015fma aray\u0131\u015flar\u0131 ve ya\u015fanan tart\u0131\u015fmalar\u0131 AA muhabirine de\u011ferlendirdi.<\/p>\n<p>Anayasa tart\u0131\u015fmalar\u0131n\u0131n T\u00fcrkiye&#8217;nin en kadim tart\u0131\u015fmalar\u0131ndan oldu\u011funu ifade eden \u015eentop, 1940&#8217;l\u0131 y\u0131llardan g\u00fcn\u00fcm\u00fcze anayasa tart\u0131\u015fmalar\u0131n\u0131n devam etti\u011fini s\u00f6yledi.<\/p>\n<p>TBMM Anayasa Uzla\u015fma Komisyonu&#8217;nun 2011 ve 2013 y\u0131llar\u0131 aras\u0131ndaki \u00e7al\u0131\u015fmalar\u0131na i\u015faret eden \u015eentop, bu tarihe kadar tart\u0131\u015fmalar anayasada de\u011fi\u015fiklik yapmak \u00fczerinden y\u00fcr\u00fcrken, 12 Haziran 2011 se\u00e7imlerinde b\u00fct\u00fcn kampanyalar\u0131n yeni anayasa tart\u0131\u015fmalar\u0131yla devam etti\u011fini ve se\u00e7imden hemen sonra yeni anayasa \u00e7al\u0131\u015fmalar\u0131n\u0131n ba\u015flad\u0131\u011f\u0131n\u0131 hat\u0131rlatt\u0131.<\/p>\n<p>\u015eentop, 1961 ve 1982 anayasalar\u0131n\u0131n da komisyonlarda \u00e7al\u0131\u015f\u0131larak haz\u0131rland\u0131\u011f\u0131n\u0131 ancak bu komisyonlar\u0131n milleti temsil eden komisyonlar olmad\u0131\u011f\u0131n\u0131 belirtti.<\/p>\n<h3>&#8220;Muhalefetin ele\u015ftirilerini hakl\u0131 bulmuyorum&#8221;<\/h3>\n<p>Anayasalarda iki b\u00f6l\u00fcm oldu\u011funa, birinci b\u00f6l\u00fcmde insan haklar\u0131yla ilgili d\u00fczenlemelerin bulundu\u011funa, ikinci b\u00f6l\u00fcmde devletin yap\u0131s\u0131n\u0131n d\u00fczenlendi\u011fine dikkati \u00e7eken \u015eentop \u015funlar\u0131 kaydetti:<\/p>\n<p>&#8220;Hukuk\u00e7u olmayanlar\u0131n anayasa bak\u0131\u015f\u0131yla bakt\u0131\u011f\u0131n\u0131zda sanki ilk olarak insan haklar\u0131yla ilgili k\u0131sm\u0131n daha \u00f6nemli oldu\u011fu \u015feklinde bir kanaat ortaya \u00e7\u0131k\u0131yor. Halbuki \u00f6yle de\u011fildir. \u0130nsan haklar\u0131yla ilgili d\u00fczenlemeler, ilkesel, soyut d\u00fczenlemelerdir. Bunlar\u0131 realize edecek, uygulamaya aktaracak olan devletin kurumsal mimarisiyle ilgili esas te\u015fkilat d\u00fczenlemeleridir. Anayasa hukuk\u00e7ular\u0131n\u0131n bildi\u011fi bir \u015fey vard\u0131r. &#8216;Bir anayasada hangi b\u00f6l\u00fcm eksik olursa o metin anayasa olmaya devam eder?&#8217; diye sorarsan\u0131z; temel haklarla ilgili b\u00f6l\u00fcm\u00fc eksik olan bir anayasa, anayasa olur. Ama esas te\u015fkilatla, kurumsal mimariyle ilgili b\u00f6l\u00fcm eksikse ona &#8216;anayasa&#8217; diyemeyiz. O zaman sadece bir insan haklar\u0131 belgesinden s\u00f6z edebiliriz. Nitekim baz\u0131 anayasalarda temel haklarla ilgili bir b\u00f6l\u00fcm yok, \u00f6nceki anayasa h\u00fck\u00fcmlerine ve Frans\u0131z \u0130nsan Haklar\u0131 Bildirgesine at\u0131f yap\u0131yorlar. Dolay\u0131s\u0131yla anayasalarda esas olan k\u0131s\u0131m kurumsal mimari k\u0131sm\u0131d\u0131r. Bu d\u00fczg\u00fcn d\u00fczenlendi\u011fi zaman insan haklar\u0131, temel haklarla ilgili d\u00fczenlemeler de hayat bulur, ger\u00e7eklik kazan\u0131r.&#8221;<\/p>\n<p>Muhalefet partilerinin 2007 y\u0131l\u0131ndan sonra yap\u0131lan anayasa de\u011fi\u015fikliklerine olan ele\u015ftirilerine y\u00f6nelik \u015eentop, &#8220;Biz, bu de\u011fi\u015fikliklerin T\u00fcrkiye&#8217;nin daha iyi y\u00f6netilmesi ve ger\u00e7ek manada anayasadaki d\u00fczenlemelerin hayata ge\u00e7irilmesi bak\u0131m\u0131ndan \u00f6nemli oldu\u011fu kanaatindeydik. Nitekim ortaya \u00e7\u0131kan sonu\u00e7lar da bizim tezimizi do\u011frulayan sonu\u00e7lard\u0131r.&#8221; diye konu\u015ftu.<\/p>\n<p>\u015eentop, muhalefetin bu ele\u015ftirilerini hakl\u0131 bulmad\u0131\u011f\u0131n\u0131 s\u00f6yledi.<\/p>\n<h3>&#8220;Anayasa konusundaki samimiyetimizi g\u00f6stermek i\u00e7in e\u015fit temsili kabul ettik&#8221;<\/h3>\n<p>\u00d6nceki Meclis Ba\u015fkan\u0131 \u015eentop, 2011 y\u0131l\u0131nda ba\u015flayan uzla\u015fma aray\u0131\u015flar\u0131ndan neden sonu\u00e7 al\u0131namad\u0131\u011f\u0131na y\u00f6nelik soruya, &#8220;H\u00fck\u00fcmet sistemi tart\u0131\u015fmalar\u0131 sebebiyle sonu\u00e7 al\u0131namad\u0131.&#8221; yan\u0131t\u0131n\u0131 verdi.<\/p>\n<p>O d\u00f6nem yeni anayasa \u00e7al\u0131\u015fmalar\u0131 kapsam\u0131nda 25 bin civar\u0131nda sayfaya ula\u015fan g\u00f6r\u00fc\u015f toplad\u0131klar\u0131n\u0131 anlatan \u015eentop, &#8220;Bu g\u00f6r\u00fc\u015fler de\u011ferlendirildi. Orada olu\u015fturdu\u011fumuz yap\u0131 i\u00e7inde her partiden arkada\u015flar\u0131m\u0131z vard\u0131. Biz de AK Parti&#8217;yi temsilen orada g\u00f6rev yapt\u0131k.&#8221; ifadelerini kulland\u0131.<\/p>\n<p>Bunun her partinin e\u015fit temsil edildi\u011fi bir yap\u0131 oldu\u011funun alt\u0131n\u0131 \u00e7izen \u015eentop, &#8220;Anayasa konusundaki samimiyetimizi g\u00f6stermek i\u00e7in e\u015fit temsili kabul ettik. Bu, AK Parti&#8217;nin, o zaman Ba\u015fbakan olan Cumhurba\u015fkan\u0131&#8217;m\u0131z\u0131n \u00f6nerisiydi. Her partiden \u00fc\u00e7er ki\u015finin kat\u0131ld\u0131\u011f\u0131 bir komisyon olu\u015fturuldu.&#8221; diye konu\u015ftu.<\/p>\n<h3>&#8220;FET\u00d6, AK Parti&#8217;nin h\u00fck\u00fcmet sistemi \u00f6nerisi \u00fczerine aleyhte yay\u0131nlar yapmaya ba\u015flad\u0131&#8221;<\/h3>\n<p>Bu \u00e7al\u0131\u015fmalarda 60 civar\u0131nda madde \u00fczerinde tam mutabakat sa\u011fland\u0131\u011f\u0131n\u0131 hat\u0131rlatan \u015eentop, devam\u0131nda tart\u0131\u015fmalar\u0131n h\u00fck\u00fcmet sistemi \u00fczerinden \u00e7\u0131kmaza girdi\u011fine i\u015faret etti.<\/p>\n<p>O zaman da AK Parti&#8217;nin h\u00fck\u00fcmet sistemiyle ilgili \u00f6nerisinin ba\u015fkanl\u0131k sistemi \u00fczerine oldu\u011funu ve o \u00f6nerideki b\u00f6l\u00fcm\u00fcn birka\u00e7 k\u00fc\u00e7\u00fck de\u011fi\u015fiklikle 2017&#8217;de kabul edildi\u011fini dile getiren \u015eentop, o d\u00f6nemde ya\u015fananlar\u0131 \u015f\u00f6yle anlatt\u0131:<\/p>\n<p>&#8220;Biz, bu \u00f6neriyi verdi\u011fimiz zaman kategorik olarak di\u011fer partiler &#8216;B\u00f6yle bir \u00f6neriyi tart\u0131\u015fmayaca\u011f\u0131z&#8217; dediler. Bir s\u00fcre b\u00f6yle devam ettikten sonra m\u00fczakereler y\u00fcr\u00fcmez hale geldi ve konu kapand\u0131, ba\u015far\u0131s\u0131zl\u0131kla sonu\u00e7land\u0131. Bir \u015feyin burada alt\u0131n\u0131 \u00e7izmek isterim, o tarihlerde, yeni anayasa \u00e7al\u0131\u015fmalar\u0131na, Uzla\u015fma Komisyonu \u00e7al\u0131\u015fmalar\u0131na kendi yay\u0131n organlar\u0131nda destek veren FET\u00d6, AK Parti&#8217;nin h\u00fck\u00fcmet sistemi \u00f6nerisi &#8216;ba\u015fkanl\u0131k sistemi&#8217; olarak ortaya \u00e7\u0131kt\u0131ktan sonra Uzla\u015fma Komisyonu \u00e7al\u0131\u015fmalar\u0131 aleyhine yay\u0131nlar yapmaya ba\u015flad\u0131. Bu konuda AK Parti&#8217;nin \u00f6nerisinin aleyhinde ele\u015ftirel yaz\u0131lara, yurt d\u0131\u015f\u0131nda da baz\u0131 kesimlerce bu t\u00fcr siyasi i\u00e7erikli ele\u015ftirel yay\u0131nlara \u015fahit olduk.&#8221;<\/p>\n<h3>&#8220;AK Parti, e\u015fit temsili kabul ederek ve \u00e7al\u0131\u015fmaya sahip \u00e7\u0131karak samimiyetini g\u00f6sterdi&#8221;<\/h3>\n<p>Bu \u00e7al\u0131\u015fmalar\u0131n ard\u0131ndan Cumhurba\u015fkan\u0131 Recep Tayyip Erdo\u011fan&#8217;\u0131n &#8220;Tam mutabakat sa\u011flanan maddeleri Meclis&#8217;ten ge\u00e7irelim&#8221; \u015feklindeki \u00f6nerisini hat\u0131rlatan \u015eentop, &#8220;Bu bir meydan okumayd\u0131 asl\u0131nda. \u015eu anlamda \u00f6nemliydi; bu yap\u0131labilirse ikinci bir \u00e7al\u0131\u015fmayla geri kalan k\u0131sm\u0131 da tamamlanabilirdi. Hat\u0131rl\u0131yorum o zaman Say\u0131n K\u0131l\u0131\u00e7daro\u011flu \u00f6nce buna s\u0131cak bakabileceklerini ifade etmi\u015fti, daha sonra ise &#8216;Di\u011fer partiler de buna s\u0131cak bakarsa veya di\u011fer maddelerde anla\u015f\u0131rsak olur&#8217; gibi bir noktaya \u00e7evirdi i\u015fi ve \u00e7al\u0131\u015fma sonu\u00e7suz kald\u0131.&#8221; diye konu\u015ftu.<\/p>\n<p>Mustafa \u015eentop, AK Parti&#8217;nin e\u015fit temsili kabul ederek ve \u00e7al\u0131\u015fmaya sahip \u00e7\u0131karak yeni anayasa konusundaki samimiyetini ve kararl\u0131l\u0131\u011f\u0131n\u0131 g\u00f6sterdi\u011fini vurgulad\u0131.<\/p>\n<p>Esas tart\u0131\u015fman\u0131n h\u00fck\u00fcmet sistemi tart\u0131\u015fmas\u0131 oldu\u011funu ifade eden \u015eentop, h\u00fck\u00fcmet sistemi tart\u0131\u015fmas\u0131n\u0131n da 16 Nisan 2017&#8217;deki halkoylamas\u0131yla milletimiz taraf\u0131ndan bir sonuca ba\u011fland\u0131\u011f\u0131n\u0131 belirtti.<\/p>\n<h3>&#8220;Samimiyet oldu\u011fu takdirde form\u00fcller geli\u015ftirilebilir&#8221;<\/h3>\n<p>\u00d6nceki Meclis Ba\u015fkan\u0131 \u015eentop, 1982 Anayasas\u0131&#8217;ndan herkesin \u015fikayet\u00e7i oldu\u011funu kaydederek, &#8220;\u015eikayet\u00e7iysek; o zaman samimiyetle ve kararl\u0131l\u0131kla bu \u015fikayet\u00e7i oldu\u011fumuz \u015feyi de\u011fi\u015ftirelim, sadece \u015fikayet\u00e7i olmakla kalmayal\u0131m.&#8221; dedi.<\/p>\n<p>Samimiyet oldu\u011fu takdirde form\u00fcller geli\u015ftirilebilece\u011fini dile getiren \u015eentop, &#8220;T\u00fcrkiye, \u015fimdiye kadar halk\u0131n se\u00e7ti\u011fi temsilciler eliyle bir anayasa yapmam\u0131\u015f. Darbe d\u00f6neminde haz\u0131rlanm\u0131\u015f ve halk\u0131n onay\u0131na sunulmu\u015f metinler var. Burada bununla ilgili bir yap\u0131m y\u00f6ntemi \u00fczerinde konu\u015fulmal\u0131 ve anla\u015f\u0131lmal\u0131.&#8221; ifadelerini kulland\u0131.<\/p>\n<p>B\u00fct\u00fcn maddeler \u00fczerinde mutab\u0131k kal\u0131nacak bir metnin \u00e7\u0131kar\u0131lmas\u0131n\u0131n zor oldu\u011funu kendisinin de kabul etti\u011fini belirten \u015eentop, &#8220;Mutab\u0131k kal\u0131nan ve kal\u0131namayan k\u0131s\u0131mlar olabilir. Mutab\u0131k kal\u0131namayan k\u0131s\u0131mlarda bir alternatif olarak mevcut anayasa h\u00fck\u00fcmleri kenarda tutulabilir. Y\u00fczde 70&#8217;inde mutab\u0131k kal\u0131nd\u0131 ama y\u00fczde 30&#8217;unda mutab\u0131k kal\u0131namad\u0131 mesela; o zaman mevcut anayasan\u0131n o h\u00fck\u00fcmleri mutabakat sa\u011flanamayan k\u0131s\u0131mlar i\u00e7in varl\u0131\u011f\u0131n\u0131 s\u00fcrd\u00fcrebilir. Ama bu yeniden de\u011ferlendirilmi\u015f, ele al\u0131nm\u0131\u015f ve kabul edilmi\u015f bir metin, b\u00f6ylece yeni bir anayasa olarak ortaya konabilir.&#8221; de\u011ferlendirmesinde bulundu.<\/p>\n<p>&#8220;Eski anayasa h\u00fck\u00fcmleri olursa, yeni bir anayasa olur mu?&#8221; sorusunun abes bir soru oldu\u011funu kaydeden \u015eentop, &#8220;Yeni bir anayasa yazsan\u0131z da mutlaka mevcut anayasan\u0131n bir\u00e7ok h\u00fckm\u00fcn\u00fc, ayn\u0131 c\u00fcmlelerle ya da farkl\u0131 c\u00fcmlelerle koruyacaks\u0131n\u0131z. Yeni anayasa demek anayasadaki her c\u00fcmleden farkl\u0131 c\u00fcmlelerle kurulmu\u015f bir anayasa demek de\u011fil esasen. \u00d6nemli olan anayasan\u0131n b\u00fct\u00fcnl\u00fc\u011f\u00fc, ortaya koydu\u011fu anlay\u0131\u015f, olu\u015fturdu\u011fu paradigma ve ruhu.&#8221; g\u00f6r\u00fc\u015f\u00fcn\u00fc payla\u015ft\u0131.<\/p>\n<h3>&#8220;Yeni anayasa, &#8216;T\u00fcrkiye Y\u00fczy\u0131l\u0131&#8217;n\u0131n Anayasas\u0131&#8217; olarak isimlendirilmeli&#8221;<\/h3>\n<p>Yeni anayasaya; T\u00fcrkiye&#8217;yi gelece\u011fe ta\u015f\u0131yacak, T\u00fcrkiye Y\u00fczy\u0131l\u0131 anlay\u0131\u015f\u0131yla haz\u0131rlanm\u0131\u015f bir metin olarak bakmak gerekti\u011finin alt\u0131n\u0131 \u00e7izen \u015eentop, &#8220;Yeni anayasa, &#8216;T\u00fcrkiye Y\u00fczy\u0131l\u0131&#8217;n\u0131n Anayasas\u0131&#8217; olarak isimlendirilmeli.&#8221; dedi.<\/p>\n<p>Daha \u00f6nceki anayasalar\u0131n ola\u011fan\u00fcst\u00fc \u015fartlar i\u00e7erisinde yap\u0131ld\u0131\u011f\u0131na i\u015faret eden \u015eentop, &#8220;T\u00fcrkiye&#8217;de ilk defa \u00e7ok partili demokratik hayat i\u00e7erisinde milletin temsilcileri eliyle yap\u0131lm\u0131\u015f bir anayasa olacak.&#8221; ifadelerini kulland\u0131.<\/p>\n<p>Yeni anayasa konusundaki iyi niyet ve kararl\u0131l\u0131\u011f\u0131n her \u015fart alt\u0131nda yeni anayasa yap\u0131lmas\u0131na imkan sa\u011flayaca\u011f\u0131n\u0131 dile getiren \u015eentop, &#8220;Uzla\u015fma Komisyonu tecr\u00fcbesi de bunu g\u00f6sterdi. Siyasi partilerin \u015f\u00fcphesiz farkl\u0131 g\u00f6r\u00fc\u015fleri, \u00f6nerileri olur. Anla\u015f\u0131labilecek kadar k\u0131s\u0131m \u00fczerinde anla\u015f\u0131l\u0131r, bunun ben \u00e7o\u011funlu\u011funu te\u015fkil edece\u011fi kanaatindeyim, ama anla\u015f\u0131lamayacak k\u0131s\u0131mlar ya mevcut anayasadaki h\u00fck\u00fcmlerle ya da milletimizin onay\u0131na sunulmak suretiyle a\u015f\u0131labilir.&#8221; de\u011ferlendirmesini yapt\u0131.<\/p>\n<p>                            <span class=\"detay-foto-editor\">&#13;<br \/>\n                                <a href=\"https:\/\/www.aa.com.tr\/tr\/p\/abonelik-talep-formu\/1001\" target=\"_blank\" style=\"font-size:12px; color:#444; text-decoration:none;\" rel=\"noopener\">&#13;<br \/>\n                                    Anadolu Ajans\u0131 web sitesinde, AA Haber Ak\u0131\u015f Sistemi (HAS) \u00fczerinden abonelere sunulan haberler, \u00f6zetlenerek yay\u0131mlanmaktad\u0131r. <b style=\"color:#1897F7\">Abonelik i\u00e7in l\u00fctfen ileti\u015fime ge\u00e7iniz.<\/b>&#13;<br \/>\n                                <\/a>&#13;<br \/>\n                            <\/span>\n                        <\/div>\n<p><script>\n\t  window.fbAsyncInit = function() {\n\t\tFB.init({\n\t\t  appId: '1855843514662870',\n\t\t  status : true, \/\/ check login status\n\t\t  cookie : true, \/\/ enable cookies to allow the server to access the session\n\t\t  xfbml  : true  \/\/ parse XFBML\n\t\t});\n\t  };<\/p>\n<p>\t  (function() {\n\t\tvar e = document.createElement('script');\n\t\te.src=\"https:\/\/connect.facebook.net\/tr_TR\/all.js\";\n\t\te.async = true;\n\t\tdocument.getElementById('fb-root').appendChild(e);\n\t  }());\n    <\/script><\/p>\n","protected":false},"excerpt":{"rendered":"<p>Eski Meclis Ba\u015fkan\u0131 \u015eentop, yeni anayasa \u00e7al\u0131\u015fmalar\u0131, \u00f6nceki y\u0131llardaki uzla\u015fma aray\u0131\u015flar\u0131 ve ya\u015fanan tart\u0131\u015fmalar\u0131 AA muhabirine de\u011ferlendirdi. Anayasa tart\u0131\u015fmalar\u0131n\u0131n T\u00fcrkiye&#8217;nin en kadim tart\u0131\u015fmalar\u0131ndan oldu\u011funu ifade eden \u015eentop, 1940&#8217;l\u0131 y\u0131llardan g\u00fcn\u00fcm\u00fcze anayasa tart\u0131\u015fmalar\u0131n\u0131n devam etti\u011fini s\u00f6yledi. TBMM Anayasa Uzla\u015fma Komisyonu&#8217;nun 2011 ve 2013 y\u0131llar\u0131 aras\u0131ndaki \u00e7al\u0131\u015fmalar\u0131na i\u015faret eden \u015eentop, bu tarihe kadar tart\u0131\u015fmalar anayasada de\u011fi\u015fiklik yapmak [&hellip;]<\/p>\n","protected":false},"author":1,"featured_media":15657,"comment_status":"","ping_status":"","sticky":false,"template":"","format":"standard","meta":[],"categories":[47],"tags":[],"_links":{"self":[{"href":"https:\/\/kraios.app\/news\/wp-json\/wp\/v2\/posts\/15656"}],"collection":[{"href":"https:\/\/kraios.app\/news\/wp-json\/wp\/v2\/posts"}],"about":[{"href":"https:\/\/kraios.app\/news\/wp-json\/wp\/v2\/types\/post"}],"author":[{"embeddable":true,"href":"https:\/\/kraios.app\/news\/wp-json\/wp\/v2\/users\/1"}],"replies":[{"embeddable":true,"href":"https:\/\/kraios.app\/news\/wp-json\/wp\/v2\/comments?post=15656"}],"version-history":[{"count":0,"href":"https:\/\/kraios.app\/news\/wp-json\/wp\/v2\/posts\/15656\/revisions"}],"wp:featuredmedia":[{"embeddable":true,"href":"https:\/\/kraios.app\/news\/wp-json\/wp\/v2\/media\/15657"}],"wp:attachment":[{"href":"https:\/\/kraios.app\/news\/wp-json\/wp\/v2\/media?parent=15656"}],"wp:term":[{"taxonomy":"category","embeddable":true,"href":"https:\/\/kraios.app\/news\/wp-json\/wp\/v2\/categories?post=15656"},{"taxonomy":"post_tag","embeddable":true,"href":"https:\/\/kraios.app\/news\/wp-json\/wp\/v2\/tags?post=15656"}],"curies":[{"name":"wp","href":"https:\/\/api.w.org\/{rel}","templated":true}]}}