{"id":15640,"date":"2023-09-29T08:41:06","date_gmt":"2023-09-29T08:41:06","guid":{"rendered":"https:\/\/kraios.app\/news\/siyaset\/2023\/09\/29\/tum-partilere-cagirimiz-gelin-birlikte-insa-edelim\/"},"modified":"2023-09-29T08:41:06","modified_gmt":"2023-09-29T08:41:06","slug":"tum-partilere-cagirimiz-gelin-birlikte-insa-edelim","status":"publish","type":"post","link":"https:\/\/kraios.app\/news\/siyaset\/2023\/09\/29\/tum-partilere-cagirimiz-gelin-birlikte-insa-edelim\/","title":{"rendered":"T\u00fcm partilere \u00e7a\u011f\u0131r\u0131m\u0131z, gelin birlikte in\u015fa edelim"},"content":{"rendered":"<p><\/p>\n<div>\n<p>AK Parti Grup Ba\u015fkanvekili Abdulhamit G\u00fcl, &#8220;T\u00fcm partilere \u00e7a\u011fr\u0131m\u0131z, gelin bu anayasay\u0131 hep beraber birlikte in\u015fa edelim, birlikte toplumsal s\u00f6zle\u015fmeyi olu\u015ftural\u0131m. T\u00fcrkiye&#8217;yi sivil, demokratik, \u00e7o\u011fulcu, \u00f6zg\u00fcrl\u00fck\u00e7\u00fc bir anayasaya hep birlikte kavu\u015ftural\u0131m.&#8221; dedi.<\/p>\n<p>G\u00fcl, yeni anayasaya tart\u0131\u015fmalar\u0131na ili\u015fkin AA muhabirine yapt\u0131\u011f\u0131 de\u011ferlendirmede, yeni yasama d\u00f6neminin T\u00fcrkiye Y\u00fczy\u0131l\u0131&#8217;n\u0131n \u00f6n\u00fcn\u00fc a\u00e7acak, demokrasiyi daha da geli\u015ftirecek bir d\u00f6nem olaca\u011f\u0131na i\u015faret etti.<\/p>\n<p>Mevcut Anayasa&#8217;n\u0131n, kabul edildi\u011fi 1982&#8217;den beri tart\u0131\u015f\u0131ld\u0131\u011f\u0131n\u0131 belirten G\u00fcl, 1 Ekim Pazar g\u00fcn\u00fc ba\u015flayacak olan yeni yasama y\u0131l\u0131nda da bu konunun g\u00fcndemde olaca\u011f\u0131n\u0131 dile getirdi.<\/p>\n<p>Mevcut Anayasa&#8217;n\u0131n de\u011fi\u015ftirilmesi konusunun T\u00fcrkiye&#8217;de her \u00e7evrede konu\u015fuldu\u011funu, &#8220;adeta ittifak edilen birka\u00e7 konudan birisi&#8221; oldu\u011funu ifade eden G\u00fcl, \u015funlar\u0131 s\u00f6yledi:<\/p>\n<p>&#8220;Vesayetle m\u00fccadele anlam\u0131nda, T\u00fcrkiye&#8217;nin demokrasi tarihine bak\u0131ld\u0131\u011f\u0131nda baz\u0131 sebeplerle bir ortam ve iklim olu\u015fmam\u0131\u015ft\u0131r. Anayasa \u00e7ok de\u011fi\u015fti, de\u011fi\u015fiklikler yap\u0131ld\u0131. Anayasa, adeta yamal\u0131 boh\u00e7aya d\u00f6nen, kendi i\u00e7inde b\u00fct\u00fcnl\u00fc\u011f\u00fc de hem lafzi hem mana olarak ortak yap\u0131dan uzakla\u015fm\u0131\u015f, protez bir hale gelmi\u015f.<\/p>\n<p>&#8216;\u015eurada ihtiya\u00e7 var&#8217;, oraya protez yap\u0131lm\u0131\u015f, di\u011fer yere protez yap\u0131lm\u0131\u015f. Ba\u015ftan sona bir anayasaya T\u00fcrkiye&#8217;nin ihtiyac\u0131 halen vard\u0131r. Bug\u00fcn bunun yo\u011fun \u015fekilde dillenmesinin temel sebebi, toplumsal bir talep var, &#8216;Yeni anayasa olsun&#8230;&#8217; Ayr\u0131ca bu anayasan\u0131n yap\u0131lmas\u0131 konusunda da Cumhurba\u015fkan\u0131&#8217;m\u0131z\u0131n ortaya koydu\u011fu reformlar \u00e7ok etkili.&#8221;<\/p>\n<p>AK Parti&#8217;nin, reformlarla birlikte vesayeti ortadan kald\u0131rmak i\u00e7in \u00f6nemli d\u00fczenlemeler yapt\u0131\u011f\u0131n\u0131 vurgulayan G\u00fcl, bunun da millete cesaret verdi\u011fini kaydetti.<\/p>\n<p>G\u00fcl, millet iradesinin daha g\u00fc\u00e7l\u00fc olmas\u0131 noktas\u0131nda \u00f6nemli ad\u0131mlar at\u0131ld\u0131\u011f\u0131n\u0131, bu reformlar\u0131n zirvesinin anayasa olaca\u011f\u0131n\u0131 dile getirdi.<\/p>\n<p><img decoding=\"async\" alt=\"\" src=\"https:\/\/www.aa.com.tr\/uploads\/userFiles\/79121245-49cb-4f77-bd45-d9d308a833b3\/04_2023%2F04_Eylul%2F07%2FAA-32268722.jpg\"\/><\/p>\n<p>Stat\u00fckonun de\u011fi\u015fimi, milletin \u00f6n\u00fcndeki engellerin kald\u0131r\u0131lmas\u0131 amac\u0131yla \u00f6nemli reformlar yapt\u0131klar\u0131n\u0131n alt\u0131n\u0131 \u00e7izen G\u00fcl, in\u015fa edici reformlarla T\u00fcrkiye&#8217;nin \u00f6n\u00fcn\u00fc a\u00e7an hamlelerin ortaya konuldu\u011funu belirtti.<\/p>\n<h3>&#8220;Toplumun her kesimiyle g\u00f6r\u00fc\u015ferek anayasa yapmay\u0131 hedefliyoruz&#8221;<\/h3>\n<p>Cumhurba\u015fkan\u0131 Recep Tayyip Erdo\u011fan&#8217;\u0131n da \u00e7a\u011fr\u0131s\u0131yla yeni bir anayasa konusunda t\u00fcm partilerle g\u00f6r\u00fc\u015feceklerini kaydeden G\u00fcl, anayasan\u0131n kendisiyle birlikte nas\u0131l yap\u0131ld\u0131\u011f\u0131n\u0131n da \u00e7ok \u00f6nemli oldu\u011funa i\u015faret etti.<\/p>\n<p>Abdulhamit G\u00fcl, \u015f\u00f6yle konu\u015ftu:<\/p>\n<p>&#8220;Bir m\u00fczakereyle, uzla\u015f\u0131yla, toplumun her kesiminin anayasas\u0131 olmas\u0131 i\u00e7in 85 milyonun burada g\u00f6r\u00fc\u015flerinin, beklentilerinin yans\u0131mas\u0131 gerekmekte. Toplumsal bir s\u00f6zle\u015fme i\u00e7in toplumun bir mutabakat\u0131n\u0131n olmas\u0131 laz\u0131m. Bu \u00e7er\u00e7evede toplumun her kesimiyle g\u00f6r\u00fc\u015ferek, de\u011ferlendirerek, onlar\u0131n fikirlerini, d\u00fc\u015f\u00fcncelerini alarak anayasa yapmay\u0131 hedefliyoruz. B\u00fct\u00fcn bunlar\u0131n sonunda, yeni anayasay\u0131 T\u00fcrk demokrasisine kazand\u0131rd\u0131\u011f\u0131m\u0131zda do\u011fudan, bat\u0131dan, genciyle ya\u015fl\u0131s\u0131yla, kad\u0131n\u0131yla erke\u011fiyle, T\u00fcrk\u00fc&#8217;yle K\u00fcrd\u00fc&#8217;yle, Alevi&#8217;si S\u00fcnnisi&#8217;yle toplumdaki t\u00fcm farkl\u0131 d\u00fc\u015f\u00fcncelerin, farkl\u0131 inan\u00e7lar\u0131n, herkesin &#8216;Bu benim anayasam. \u00d6n\u00fcm\u00fczdeki y\u00fczy\u0131llara ta\u015f\u0131yacak bir anayasa&#8217; diye bir duyguya, inanca kavu\u015fmas\u0131 laz\u0131m.&#8221;<\/p>\n<p>AK Parti&#8217;nin toplumsal talepleri ta\u015f\u0131yan bir parti oldu\u011funu ifade eden G\u00fcl, anayasa konusunda da toplumun talebini dillendireceklerini s\u00f6yledi.<\/p>\n<p>Anayasa konusunda AK Parti ve Cumhur \u0130ttifak\u0131 olarak \u00f6nc\u00fcl\u00fck yapacaklar\u0131n\u0131 belirten G\u00fcl, di\u011fer siyasi partilerin de milletin meselesini sahiplenmesiyle T\u00fcrkiye&#8217;nin darbe anayasas\u0131ndan kurtulaca\u011f\u0131n\u0131 vurgulad\u0131.<\/p>\n<p>AK Parti Grup Ba\u015fkanvekili G\u00fcl, \u015funlar\u0131 kaydetti:<\/p>\n<p>&#8220;T\u00fcm partilere \u00e7a\u011fr\u0131m\u0131z, gelin bu anayasay\u0131 hep beraber, birlikte in\u015fa edelim, birlikte toplumsal s\u00f6zle\u015fmeyi olu\u015ftural\u0131m. T\u00fcrkiye&#8217;yi sivil, demokratik, \u00e7o\u011fulcu, \u00f6zg\u00fcrl\u00fck\u00e7\u00fc bir anayasaya hep birlikte kavu\u015ftural\u0131m. Milletimizin de beklentisi budur; T\u00fcrkiye Y\u00fczy\u0131l\u0131&#8217;na yak\u0131\u015fan, yeni ve sivil bir anayasad\u0131r. T\u00fcrkiye Y\u00fczy\u0131l\u0131&#8217;n\u0131n anahtar\u0131 da yine yeni bir anayasad\u0131r. Bunu da hep beraber, milletimizle, parlamentoda olgunla\u015ft\u0131r\u0131p, ete kemi\u011fe b\u00fcr\u00fcnd\u00fcr\u00fcp ba\u015faraca\u011f\u0131m\u0131za inan\u0131yorum.&#8221;<\/p>\n<p>Yeni anayasa konusunda AK Parti&#8217;nin ve Cumhur \u0130ttifak\u0131&#8217;n\u0131n elinden geleni yapaca\u011f\u0131n\u0131 kaydeden G\u00fcl, muhalefetin de toplumsal talebe duyars\u0131z kalmayaca\u011f\u0131na inand\u0131\u011f\u0131n\u0131 s\u00f6yledi.<\/p>\n<p>                            <span class=\"detay-foto-editor\">&#13;<br \/>\n                                <a href=\"https:\/\/www.aa.com.tr\/tr\/p\/abonelik-talep-formu\/1001\" target=\"_blank\" style=\"font-size:12px; color:#444; text-decoration:none;\" rel=\"noopener\">&#13;<br \/>\n                                    Anadolu Ajans\u0131 web sitesinde, AA Haber Ak\u0131\u015f Sistemi (HAS) \u00fczerinden abonelere sunulan haberler, \u00f6zetlenerek yay\u0131mlanmaktad\u0131r. <b style=\"color:#1897F7\">Abonelik i\u00e7in l\u00fctfen ileti\u015fime ge\u00e7iniz.<\/b>&#13;<br \/>\n                                <\/a>&#13;<br \/>\n                            <\/span>\n                        <\/div>\n<p><script>\n\t  window.fbAsyncInit = function() {\n\t\tFB.init({\n\t\t  appId: '1855843514662870',\n\t\t  status : true, \/\/ check login status\n\t\t  cookie : true, \/\/ enable cookies to allow the server to access the session\n\t\t  xfbml  : true  \/\/ parse XFBML\n\t\t});\n\t  };<\/p>\n<p>\t  (function() {\n\t\tvar e = document.createElement('script');\n\t\te.src=\"https:\/\/connect.facebook.net\/tr_TR\/all.js\";\n\t\te.async = true;\n\t\tdocument.getElementById('fb-root').appendChild(e);\n\t  }());\n    <\/script><\/p>\n","protected":false},"excerpt":{"rendered":"<p>AK Parti Grup Ba\u015fkanvekili Abdulhamit G\u00fcl, &#8220;T\u00fcm partilere \u00e7a\u011fr\u0131m\u0131z, gelin bu anayasay\u0131 hep beraber birlikte in\u015fa edelim, birlikte toplumsal s\u00f6zle\u015fmeyi olu\u015ftural\u0131m. T\u00fcrkiye&#8217;yi sivil, demokratik, \u00e7o\u011fulcu, \u00f6zg\u00fcrl\u00fck\u00e7\u00fc bir anayasaya hep birlikte kavu\u015ftural\u0131m.&#8221; dedi. G\u00fcl, yeni anayasaya tart\u0131\u015fmalar\u0131na ili\u015fkin AA muhabirine yapt\u0131\u011f\u0131 de\u011ferlendirmede, yeni yasama d\u00f6neminin T\u00fcrkiye Y\u00fczy\u0131l\u0131&#8217;n\u0131n \u00f6n\u00fcn\u00fc a\u00e7acak, demokrasiyi daha da geli\u015ftirecek bir d\u00f6nem olaca\u011f\u0131na [&hellip;]<\/p>\n","protected":false},"author":1,"featured_media":15641,"comment_status":"","ping_status":"","sticky":false,"template":"","format":"standard","meta":[],"categories":[47],"tags":[],"_links":{"self":[{"href":"https:\/\/kraios.app\/news\/wp-json\/wp\/v2\/posts\/15640"}],"collection":[{"href":"https:\/\/kraios.app\/news\/wp-json\/wp\/v2\/posts"}],"about":[{"href":"https:\/\/kraios.app\/news\/wp-json\/wp\/v2\/types\/post"}],"author":[{"embeddable":true,"href":"https:\/\/kraios.app\/news\/wp-json\/wp\/v2\/users\/1"}],"replies":[{"embeddable":true,"href":"https:\/\/kraios.app\/news\/wp-json\/wp\/v2\/comments?post=15640"}],"version-history":[{"count":0,"href":"https:\/\/kraios.app\/news\/wp-json\/wp\/v2\/posts\/15640\/revisions"}],"wp:featuredmedia":[{"embeddable":true,"href":"https:\/\/kraios.app\/news\/wp-json\/wp\/v2\/media\/15641"}],"wp:attachment":[{"href":"https:\/\/kraios.app\/news\/wp-json\/wp\/v2\/media?parent=15640"}],"wp:term":[{"taxonomy":"category","embeddable":true,"href":"https:\/\/kraios.app\/news\/wp-json\/wp\/v2\/categories?post=15640"},{"taxonomy":"post_tag","embeddable":true,"href":"https:\/\/kraios.app\/news\/wp-json\/wp\/v2\/tags?post=15640"}],"curies":[{"name":"wp","href":"https:\/\/api.w.org\/{rel}","templated":true}]}}