{"id":15624,"date":"2023-09-28T10:48:50","date_gmt":"2023-09-28T10:48:50","guid":{"rendered":"https:\/\/kraios.app\/news\/siyaset\/2023\/09\/28\/ak-parti-ekim-ayi-basinda-mecliste-anayasa-trafigini-baslatacak\/"},"modified":"2023-09-28T10:48:50","modified_gmt":"2023-09-28T10:48:50","slug":"ak-parti-ekim-ayi-basinda-mecliste-anayasa-trafigini-baslatacak","status":"publish","type":"post","link":"https:\/\/kraios.app\/news\/siyaset\/2023\/09\/28\/ak-parti-ekim-ayi-basinda-mecliste-anayasa-trafigini-baslatacak\/","title":{"rendered":"AK Parti, ekim ay\u0131 ba\u015f\u0131nda Meclis&#8217;te &#8220;anayasa&#8221; trafi\u011fini ba\u015flatacak"},"content":{"rendered":"<p><\/p>\n<div>\n<p>G\u00fcler, yeni anayasa \u00e7al\u0131\u015fmalar\u0131 ve Meclis&#8217;in yeni yasama y\u0131l\u0131n\u0131n ba\u015flamas\u0131n\u0131n ard\u0131ndan g\u00fcndeme gelecek kanun tekliflerine ili\u015fkin, AA muhabirine a\u00e7\u0131klamalarda bulundu.<\/p>\n<p>Cumhurba\u015fkan\u0131 Recep Tayyip Erdo\u011fan&#8217;\u0131n, &#8220;AK Parti Meclis Grubumuz, parlamentoda grubu olan di\u011fer partilerle g\u00f6r\u00fc\u015fmek suretiyle &#8216;gelin bir sivil anayasay\u0131 beraber yapal\u0131m&#8217; davetimizi iletecek. Kabul ederler, etmezler ama biz \u015fu anda kap\u0131lar\u0131 \u00e7alaca\u011f\u0131z&#8221; a\u00e7\u0131klamas\u0131n\u0131n hat\u0131rlat\u0131lmas\u0131 \u00fczerine G\u00fcler, TBMM&#8217;nin, 1 Ekim&#8217;de a\u00e7\u0131laca\u011f\u0131n\u0131, ilk Genel Kurul g\u00f6r\u00fc\u015fmelerine de 3 Ekim&#8217;de ba\u015flanaca\u011f\u0131n\u0131 belirtti.<\/p>\n<p>Bu konuda takvimin hen\u00fcz belli olmad\u0131\u011f\u0131n\u0131 kaydeden G\u00fcler, siyasi parti gruplar\u0131n\u0131 ziyaret ederek usul ve y\u00f6ntemin ne olaca\u011f\u0131na ili\u015fkin \u00e7al\u0131\u015fmay\u0131 \u00f6nereceklerini aktard\u0131.<\/p>\n<p>TBMM Ba\u015fkan\u0131 Numan Kurtulmu\u015f&#8217;un, Meclis tatile girmeden \u00f6nce siyasi parti gruplar\u0131yla g\u00f6r\u00fc\u015ft\u00fc\u011f\u00fcn\u00fc an\u0131msatan G\u00fcler, \u015f\u00f6yle devam etti:<\/p>\n<p>&#8220;Tahmin ediyorum, ekim ay\u0131n\u0131n ilk haftas\u0131ndan sonra hem \u0130\u00e7t\u00fcz\u00fck hem de yeni anayasa noktas\u0131nda siyasi parti gruplar\u0131m\u0131z\u0131 ziyaret edece\u011fiz. Onlardan y\u00f6nteme ve usule ili\u015fkin olarak \u00f6n\u00fcm\u00fczdeki d\u00f6nemde bir komisyon \u00e7al\u0131\u015fmas\u0131 m\u0131 olur, farkl\u0131 \u00f6neriler, farkl\u0131 bir \u00e7al\u0131\u015ftay gibi y\u00f6ntem mi olabilir, bunu konu\u015fmay\u0131 arzu ediyoruz. \u00d6n niyeti ald\u0131ktan sonra onu bir takvime ba\u011flayarak da g\u00f6r\u00fc\u015fme trafi\u011fini ba\u015flatm\u0131\u015f oluruz diye d\u00fc\u015f\u00fcn\u00fcyorum. Hem Meclis&#8217;in \u00e7al\u0131\u015fma programlar\u0131n\u0131 hem de di\u011fer hususlar\u0131 g\u00fcndemimize alm\u0131\u015f olaca\u011f\u0131z.&#8221;<\/p>\n<h3>&#8220;Kanuni d\u00fczenleme ihtiyac\u0131 olmayacak&#8221;<\/h3>\n<p>G\u00fcler, Cumhurba\u015fkan\u0131 Erdo\u011fan&#8217;\u0131n, \u00fcniversite \u00f6\u011frencilerine piyasa sat\u0131\u015f fiyat\u0131 9 bin 500 liray\u0131 ge\u00e7meyen cep telefonu ve bilgisayarlar i\u00e7in 5 bin 500 liraya kadar teknolojik destek verilece\u011fini a\u00e7\u0131klad\u0131\u011f\u0131n\u0131 hat\u0131rlatarak, &#8220;Do\u011frudan destek yard\u0131m\u0131 olacak bu. Do\u011frudan destek yard\u0131m\u0131 olaca\u011f\u0131 i\u00e7in kanuni d\u00fczenleme ihtiyac\u0131 olmayacak.&#8221; dedi.<\/p>\n<p>Aile ve Gen\u00e7lik Bankas\u0131&#8217;n\u0131n do\u011frudan faizsiz kredi kulland\u0131rmas\u0131n\u0131n s\u00f6z konusu olaca\u011f\u0131n\u0131 ifade eden G\u00fcler, pilot olarak bu uygulaman\u0131n deprem b\u00f6lgesinde ba\u015flat\u0131laca\u011f\u0131n\u0131 s\u00f6yledi.<\/p>\n<p>Bunun i\u00e7in kanuni d\u00fczenleme ihtiyac\u0131 do\u011faca\u011f\u0131na dikkati \u00e7eken G\u00fcler, bu konuda da \u00e7al\u0131\u015fma yap\u0131laca\u011f\u0131n\u0131 dile getirdi.<\/p>\n<p>TBMM g\u00fcndemine gelmesi planlanan konulara y\u00f6nelik ise G\u00fcler, &#8220;T\u00fcrk Silahl\u0131 Kuvvetlerinin yurt d\u0131\u015f\u0131na asker g\u00f6ndermesine y\u00f6nelik tezkereler vard\u0131. Ekim ay\u0131 i\u00e7erisinde bunlar bitiyor. Suriye-Irak Tezkeresi, L\u00fcbnan Tezkeresi, bir de Orta Afrika Cumhuriyeti&#8217;ne y\u00f6nelik de tezkere vard\u0131. Ekim ay\u0131 i\u00e7erisinde bu tezkereler gelecek. Belki de ilk g\u00f6r\u00fc\u015fece\u011fimiz konular\u0131n i\u00e7erisinde bu olabilir.&#8221; bilgisini payla\u015ft\u0131.<\/p>\n<p>Deprem ve kentsel d\u00f6n\u00fc\u015f\u00fcme y\u00f6nelik kanun teklifiyle ilgili de \u00e7al\u0131\u015fmalar\u0131n b\u00fcy\u00fck \u00f6l\u00e7\u00fcde tamamland\u0131\u011f\u0131n\u0131 anlatan G\u00fcler, teklifin ekim ay\u0131n\u0131n ilk haftas\u0131nda TBMM Ba\u015fkanl\u0131\u011f\u0131na sunulaca\u011f\u0131n\u0131 ifade etti.<\/p>\n<p>K\u00fclt\u00fcr ve Turizm Bakanl\u0131\u011f\u0131 ile Sa\u011fl\u0131k Bakanl\u0131\u011f\u0131n\u0131n baz\u0131 \u00f6nerilerinin bulundu\u011funu aktaran G\u00fcler, bu konudaki tekliflerin de g\u00fcndeme gelece\u011fini kaydetti.<\/p>\n<p>Abdullah G\u00fcler, &#8220;Orta Vadeli Program a\u00e7\u0131kland\u0131. \u00d6zellikle fiyat istikrar\u0131n\u0131 hedefleyen, dezenflasyon \u00e7al\u0131\u015fmalar\u0131 kapsam\u0131nda ihtiya\u00e7 duyulacak baz\u0131 kanuni d\u00fczenlemeleri de Hazine ve Maliye Bakanl\u0131\u011f\u0131m\u0131z ifade ettiler. Bunu g\u00fc\u00e7lendirecek, destekleyecek baz\u0131 \u00f6nerileri var. Bu teklifimizi de g\u00fcndeme almay\u0131 arzu ediyoruz.&#8221; diye konu\u015ftu.<\/p>\n<p>                            <span class=\"detay-foto-editor\">&#13;<br \/>\n                                <a href=\"https:\/\/www.aa.com.tr\/tr\/p\/abonelik-talep-formu\/1001\" target=\"_blank\" style=\"font-size:12px; color:#444; text-decoration:none;\" rel=\"noopener\">&#13;<br \/>\n                                    Anadolu Ajans\u0131 web sitesinde, AA Haber Ak\u0131\u015f Sistemi (HAS) \u00fczerinden abonelere sunulan haberler, \u00f6zetlenerek yay\u0131mlanmaktad\u0131r. <b style=\"color:#1897F7\">Abonelik i\u00e7in l\u00fctfen ileti\u015fime ge\u00e7iniz.<\/b>&#13;<br \/>\n                                <\/a>&#13;<br \/>\n                            <\/span>\n                        <\/div>\n<p><script>\n\t  window.fbAsyncInit = function() {\n\t\tFB.init({\n\t\t  appId: '1855843514662870',\n\t\t  status : true, \/\/ check login status\n\t\t  cookie : true, \/\/ enable cookies to allow the server to access the session\n\t\t  xfbml  : true  \/\/ parse XFBML\n\t\t});\n\t  };<\/p>\n<p>\t  (function() {\n\t\tvar e = document.createElement('script');\n\t\te.src=\"https:\/\/connect.facebook.net\/tr_TR\/all.js\";\n\t\te.async = true;\n\t\tdocument.getElementById('fb-root').appendChild(e);\n\t  }());\n    <\/script><\/p>\n","protected":false},"excerpt":{"rendered":"<p>G\u00fcler, yeni anayasa \u00e7al\u0131\u015fmalar\u0131 ve Meclis&#8217;in yeni yasama y\u0131l\u0131n\u0131n ba\u015flamas\u0131n\u0131n ard\u0131ndan g\u00fcndeme gelecek kanun tekliflerine ili\u015fkin, AA muhabirine a\u00e7\u0131klamalarda bulundu. Cumhurba\u015fkan\u0131 Recep Tayyip Erdo\u011fan&#8217;\u0131n, &#8220;AK Parti Meclis Grubumuz, parlamentoda grubu olan di\u011fer partilerle g\u00f6r\u00fc\u015fmek suretiyle &#8216;gelin bir sivil anayasay\u0131 beraber yapal\u0131m&#8217; davetimizi iletecek. Kabul ederler, etmezler ama biz \u015fu anda kap\u0131lar\u0131 \u00e7alaca\u011f\u0131z&#8221; a\u00e7\u0131klamas\u0131n\u0131n hat\u0131rlat\u0131lmas\u0131 \u00fczerine [&hellip;]<\/p>\n","protected":false},"author":1,"featured_media":15625,"comment_status":"","ping_status":"","sticky":false,"template":"","format":"standard","meta":[],"categories":[47],"tags":[],"_links":{"self":[{"href":"https:\/\/kraios.app\/news\/wp-json\/wp\/v2\/posts\/15624"}],"collection":[{"href":"https:\/\/kraios.app\/news\/wp-json\/wp\/v2\/posts"}],"about":[{"href":"https:\/\/kraios.app\/news\/wp-json\/wp\/v2\/types\/post"}],"author":[{"embeddable":true,"href":"https:\/\/kraios.app\/news\/wp-json\/wp\/v2\/users\/1"}],"replies":[{"embeddable":true,"href":"https:\/\/kraios.app\/news\/wp-json\/wp\/v2\/comments?post=15624"}],"version-history":[{"count":0,"href":"https:\/\/kraios.app\/news\/wp-json\/wp\/v2\/posts\/15624\/revisions"}],"wp:featuredmedia":[{"embeddable":true,"href":"https:\/\/kraios.app\/news\/wp-json\/wp\/v2\/media\/15625"}],"wp:attachment":[{"href":"https:\/\/kraios.app\/news\/wp-json\/wp\/v2\/media?parent=15624"}],"wp:term":[{"taxonomy":"category","embeddable":true,"href":"https:\/\/kraios.app\/news\/wp-json\/wp\/v2\/categories?post=15624"},{"taxonomy":"post_tag","embeddable":true,"href":"https:\/\/kraios.app\/news\/wp-json\/wp\/v2\/tags?post=15624"}],"curies":[{"name":"wp","href":"https:\/\/api.w.org\/{rel}","templated":true}]}}