{"id":15605,"date":"2023-09-26T18:52:56","date_gmt":"2023-09-26T18:52:56","guid":{"rendered":"https:\/\/kraios.app\/news\/siyaset\/2023\/09\/26\/tbmm-baskani-kurtulmus-ozbekistan-disisleri-bakani-bahtiyar-saidov-ve-beraberindeki-heyeti-kabul-etti\/"},"modified":"2023-09-26T18:52:56","modified_gmt":"2023-09-26T18:52:56","slug":"tbmm-baskani-kurtulmus-ozbekistan-disisleri-bakani-bahtiyar-saidov-ve-beraberindeki-heyeti-kabul-etti","status":"publish","type":"post","link":"https:\/\/kraios.app\/news\/siyaset\/2023\/09\/26\/tbmm-baskani-kurtulmus-ozbekistan-disisleri-bakani-bahtiyar-saidov-ve-beraberindeki-heyeti-kabul-etti\/","title":{"rendered":"TBMM Ba\u015fkan\u0131 Kurtulmu\u015f, \u00d6zbekistan D\u0131\u015fi\u015fleri Bakan\u0131 Bahtiyar Saidov ve beraberindeki heyeti kabul etti"},"content":{"rendered":"<p><\/p>\n<div>\n<p>Saidov ve heyetini TBMM&#8217;de a\u011f\u0131rlamaktan memnuniyet duydu\u011funu belirten Kurtulmu\u015f, \u00d6zbekistan&#8217;\u0131n k\u00f6kl\u00fc tarihi miras\u0131n\u0131 bug\u00fcne kadar koruyabildi\u011fini belirterek, &#8220;\u00d6zbekistan&#8217;\u0131n bu b\u00fcy\u00fck m\u00fcktesebat\u0131, birikimi hem T\u00fcrk devletleri aras\u0131nda hem \u0130slam \u00fclkeleri aras\u0131nda \u00d6zbekistan&#8217;\u0131 \u00e7ok m\u00fcstesna bir konuma getirmektedir. &#8220;ifadelerini kulland\u0131.<\/p>\n<p>Kurtulmu\u015f, \u00d6zbekistan&#8217;\u0131n stratejik konumunun d\u00fcnyadaki dengelerin yeniden kurulmaya ba\u015fland\u0131\u011f\u0131 bu d\u00f6nemde daha da \u00f6nemli oldu\u011funu ifade ederek, dost ve karde\u015f \u00fclkelerin \u00f6zellikle Orta Asya&#8217;dan, Kafkaslar&#8217;a ve T\u00fcrkiye&#8217;ye kadar olan b\u00f6lgede i\u015f birli\u011fini artt\u0131rmas\u0131 hem kendi aralar\u0131m\u0131zdaki ili\u015fkinin geli\u015ftirilmesi a\u00e7\u0131s\u0131ndan hem de d\u00fcnya bar\u0131\u015f\u0131n\u0131n test edilmesi a\u00e7\u0131s\u0131ndan \u00f6nemli oldu\u011funu vurgulad\u0131.<\/p>\n<p>T\u00fcrk Devletler Toplulu\u011fu&#8217;nun \u00f6n\u00fcm\u00fczdeki d\u00f6nemde yeni d\u00fcnyan\u0131n \u00f6nemli g\u00fcvencelerinden birisi oldu\u011funu belirten Kurtulmu\u015f, \u00fclkeler aras\u0131ndaki i\u015f birli\u011finin \u00f6nemini hat\u0131rlatarak, &#8220;Burada olu\u015fturaca\u011f\u0131m\u0131z i\u015f birli\u011fi ve g\u00fc\u00e7 asl\u0131nda hem Asya \u00fclkeleri a\u00e7\u0131s\u0131ndan hem de Avrupa \u00fclkeleri bak\u0131m\u0131ndan \u00f6nemli bir imkan sa\u011flayacakt\u0131r. Hep beraber ekonomik, ticari, siyasi, k\u00fclt\u00fcrel, e\u011fitim, her alanda ortak projeler olu\u015fturarak ortak hedefe do\u011fru y\u00fcr\u00fcmek durumunday\u0131z. Elimizde bu kadar \u00e7ok imkan bu kadar \u00e7ok birbirimizi yak\u0131nla\u015ft\u0131ran k\u00fclt\u00fcrel zemin m\u00fcsaitken bunlardan istifade etmek bizim boynumuzun borcudur.&#8221; ifadelerini kulland\u0131.<\/p>\n<p>Cumhurba\u015fkan\u0131 Recep Tayyip Erdo\u011fan ile \u00d6zbekistan Cumhurba\u015fkan\u0131 \u015eevket Mirziyoyev&#8217;in dostlu\u011funun \u00f6nemine de dikkati \u00e7eken TBMM Ba\u015fkan\u0131 Kurtulmu\u015f, &#8220;\u0130ki \u00fclke aras\u0131ndaki ili\u015fkiler son d\u00f6nemde m\u00fckemmel diyece\u011fimiz seviyeye ula\u015fm\u0131\u015ft\u0131r. Biz \u00d6zbekistan\u2019\u0131n g\u00fc\u00e7lenmesini, kuvvetlenmesini; T\u00fcrkiye\u2019nin g\u00fc\u00e7lenmesi olarak kabul ederiz. Ayn\u0131 \u015fekilde \u00d6zbekistan\u2019daki karde\u015flerimizin de T\u00fcrkiye\u2019nin b\u00fcy\u00fcmesini bu \u015fekilde kabul etti\u011fini biliyoruz. Bu \u00e7er\u00e7evede \u00e7ok \u015f\u00fck\u00fcr b\u00fct\u00fcn kurum ve kurulu\u015flar\u0131m\u0131z ikili ili\u015fkilerini artt\u0131rmak i\u00e7in \u00e7al\u0131\u015fmalar\u0131n\u0131 ortaya koyuyorlar. Biz de T\u00fcrkiye B\u00fcy\u00fck Millet Meclisi olarak \u00d6zbekistan meclisiyle yak\u0131n te\u015fviki mesai i\u00e7erisinde olmay\u0131 ve parlamenter diplomasi a\u00e7\u0131s\u0131ndan da her iki \u00fclkenin parlamentolar\u0131n\u0131n g\u00fc\u00e7lerinden istifade etmeyi \u00f6ng\u00f6r\u00fcyoruz.&#8221; ifadelerine yer verdi.<\/p>\n<p>\u00d6zbekistan D\u0131\u015fi\u015fleri Bakan\u0131 Bahtiyor Saidov ise TBMM Ba\u015fkan\u0131 Kurtulmu\u015f ile bir araya gelmekten duydu\u011fu memnuniyeti ifade ederek, T\u00fcrkiye&#8217;nin \u00d6zbekistan&#8217;\u0131n ba\u011f\u0131ms\u0131zl\u0131\u011f\u0131n\u0131 tan\u0131yan ilk \u00fclke oldu\u011funu her zaman hat\u0131rlad\u0131klar\u0131n\u0131 ve bunu hi\u00e7bir zaman unutmayacaklar\u0131n\u0131 belirtti.<\/p>\n<p>Kabulde, AK Parti Bursa Milletvekili ve T\u00fcrkiye-\u00d6zbekistan Parlamentolar Aras\u0131 Dostluk Grubu Ba\u015fkan\u0131 Osman Mesten de haz\u0131r bulundu.<\/p>\n<p>                            <span class=\"detay-foto-editor\">&#13;<br \/>\n                                <a href=\"https:\/\/www.aa.com.tr\/tr\/p\/abonelik-talep-formu\/1001\" target=\"_blank\" style=\"font-size:12px; color:#444; text-decoration:none;\" rel=\"noopener\">&#13;<br \/>\n                                    Anadolu Ajans\u0131 web sitesinde, AA Haber Ak\u0131\u015f Sistemi (HAS) \u00fczerinden abonelere sunulan haberler, \u00f6zetlenerek yay\u0131mlanmaktad\u0131r. <b style=\"color:#1897F7\">Abonelik i\u00e7in l\u00fctfen ileti\u015fime ge\u00e7iniz.<\/b>&#13;<br \/>\n                                <\/a>&#13;<br \/>\n                            <\/span>\n                        <\/div>\n<p><script>\n\t  window.fbAsyncInit = function() {\n\t\tFB.init({\n\t\t  appId: '1855843514662870',\n\t\t  status : true, \/\/ check login status\n\t\t  cookie : true, \/\/ enable cookies to allow the server to access the session\n\t\t  xfbml  : true  \/\/ parse XFBML\n\t\t});\n\t  };<\/p>\n<p>\t  (function() {\n\t\tvar e = document.createElement('script');\n\t\te.src=\"https:\/\/connect.facebook.net\/tr_TR\/all.js\";\n\t\te.async = true;\n\t\tdocument.getElementById('fb-root').appendChild(e);\n\t  }());\n    <\/script><\/p>\n","protected":false},"excerpt":{"rendered":"<p>Saidov ve heyetini TBMM&#8217;de a\u011f\u0131rlamaktan memnuniyet duydu\u011funu belirten Kurtulmu\u015f, \u00d6zbekistan&#8217;\u0131n k\u00f6kl\u00fc tarihi miras\u0131n\u0131 bug\u00fcne kadar koruyabildi\u011fini belirterek, &#8220;\u00d6zbekistan&#8217;\u0131n bu b\u00fcy\u00fck m\u00fcktesebat\u0131, birikimi hem T\u00fcrk devletleri aras\u0131nda hem \u0130slam \u00fclkeleri aras\u0131nda \u00d6zbekistan&#8217;\u0131 \u00e7ok m\u00fcstesna bir konuma getirmektedir. &#8220;ifadelerini kulland\u0131. Kurtulmu\u015f, \u00d6zbekistan&#8217;\u0131n stratejik konumunun d\u00fcnyadaki dengelerin yeniden kurulmaya ba\u015fland\u0131\u011f\u0131 bu d\u00f6nemde daha da \u00f6nemli oldu\u011funu ifade ederek, [&hellip;]<\/p>\n","protected":false},"author":1,"featured_media":15606,"comment_status":"","ping_status":"","sticky":false,"template":"","format":"standard","meta":[],"categories":[47],"tags":[],"_links":{"self":[{"href":"https:\/\/kraios.app\/news\/wp-json\/wp\/v2\/posts\/15605"}],"collection":[{"href":"https:\/\/kraios.app\/news\/wp-json\/wp\/v2\/posts"}],"about":[{"href":"https:\/\/kraios.app\/news\/wp-json\/wp\/v2\/types\/post"}],"author":[{"embeddable":true,"href":"https:\/\/kraios.app\/news\/wp-json\/wp\/v2\/users\/1"}],"replies":[{"embeddable":true,"href":"https:\/\/kraios.app\/news\/wp-json\/wp\/v2\/comments?post=15605"}],"version-history":[{"count":0,"href":"https:\/\/kraios.app\/news\/wp-json\/wp\/v2\/posts\/15605\/revisions"}],"wp:featuredmedia":[{"embeddable":true,"href":"https:\/\/kraios.app\/news\/wp-json\/wp\/v2\/media\/15606"}],"wp:attachment":[{"href":"https:\/\/kraios.app\/news\/wp-json\/wp\/v2\/media?parent=15605"}],"wp:term":[{"taxonomy":"category","embeddable":true,"href":"https:\/\/kraios.app\/news\/wp-json\/wp\/v2\/categories?post=15605"},{"taxonomy":"post_tag","embeddable":true,"href":"https:\/\/kraios.app\/news\/wp-json\/wp\/v2\/tags?post=15605"}],"curies":[{"name":"wp","href":"https:\/\/api.w.org\/{rel}","templated":true}]}}