{"id":15391,"date":"2023-09-24T11:50:56","date_gmt":"2023-09-24T11:50:56","guid":{"rendered":"https:\/\/kraios.app\/news\/siyaset\/2023\/09\/24\/disisleri-bakani-fidan-bm-genel-kurulu-marjinda-temaslarda-bulundu\/"},"modified":"2023-09-24T11:50:56","modified_gmt":"2023-09-24T11:50:56","slug":"disisleri-bakani-fidan-bm-genel-kurulu-marjinda-temaslarda-bulundu","status":"publish","type":"post","link":"https:\/\/kraios.app\/news\/siyaset\/2023\/09\/24\/disisleri-bakani-fidan-bm-genel-kurulu-marjinda-temaslarda-bulundu\/","title":{"rendered":"D\u0131\u015fi\u015fleri Bakan\u0131 Fidan, BM Genel Kurulu marj\u0131nda temaslarda bulundu"},"content":{"rendered":"<p>D\u0131\u015fi\u015fleri Bakan\u0131 Hakan Fidan, New York&#8217;ta, \u0130svi\u00e7re D\u0131\u015fi\u015fleri Bakan\u0131 Ignazio Cassis ve M\u0131s\u0131r D\u0131\u015fi\u015fleri Bakan\u0131 Samih \u015eukri ile bir araya geldi.<\/p>\n","protected":false},"excerpt":{"rendered":"<p>D\u0131\u015fi\u015fleri Bakan\u0131 Hakan Fidan, New York&#8217;ta, \u0130svi\u00e7re D\u0131\u015fi\u015fleri Bakan\u0131 Ignazio Cassis ve M\u0131s\u0131r D\u0131\u015fi\u015fleri Bakan\u0131 Samih \u015eukri ile bir araya geldi.<\/p>\n","protected":false},"author":1,"featured_media":15392,"comment_status":"","ping_status":"","sticky":false,"template":"","format":"standard","meta":[],"categories":[47],"tags":[],"_links":{"self":[{"href":"https:\/\/kraios.app\/news\/wp-json\/wp\/v2\/posts\/15391"}],"collection":[{"href":"https:\/\/kraios.app\/news\/wp-json\/wp\/v2\/posts"}],"about":[{"href":"https:\/\/kraios.app\/news\/wp-json\/wp\/v2\/types\/post"}],"author":[{"embeddable":true,"href":"https:\/\/kraios.app\/news\/wp-json\/wp\/v2\/users\/1"}],"replies":[{"embeddable":true,"href":"https:\/\/kraios.app\/news\/wp-json\/wp\/v2\/comments?post=15391"}],"version-history":[{"count":0,"href":"https:\/\/kraios.app\/news\/wp-json\/wp\/v2\/posts\/15391\/revisions"}],"wp:featuredmedia":[{"embeddable":true,"href":"https:\/\/kraios.app\/news\/wp-json\/wp\/v2\/media\/15392"}],"wp:attachment":[{"href":"https:\/\/kraios.app\/news\/wp-json\/wp\/v2\/media?parent=15391"}],"wp:term":[{"taxonomy":"category","embeddable":true,"href":"https:\/\/kraios.app\/news\/wp-json\/wp\/v2\/categories?post=15391"},{"taxonomy":"post_tag","embeddable":true,"href":"https:\/\/kraios.app\/news\/wp-json\/wp\/v2\/tags?post=15391"}],"curies":[{"name":"wp","href":"https:\/\/api.w.org\/{rel}","templated":true}]}}