{"id":15382,"date":"2023-09-24T11:39:05","date_gmt":"2023-09-24T11:39:05","guid":{"rendered":"https:\/\/kraios.app\/news\/siyaset\/2023\/09\/24\/tbmm-bayindirlik-ve-ulastirma-komisyonu-baskani-karaismailoglundan-avrupa-hareketlilik-haftasi-mesaji\/"},"modified":"2023-09-24T11:39:05","modified_gmt":"2023-09-24T11:39:05","slug":"tbmm-bayindirlik-ve-ulastirma-komisyonu-baskani-karaismailoglundan-avrupa-hareketlilik-haftasi-mesaji","status":"publish","type":"post","link":"https:\/\/kraios.app\/news\/siyaset\/2023\/09\/24\/tbmm-bayindirlik-ve-ulastirma-komisyonu-baskani-karaismailoglundan-avrupa-hareketlilik-haftasi-mesaji\/","title":{"rendered":"TBMM Bay\u0131nd\u0131rl\u0131k ve Ula\u015ft\u0131rma Komisyonu Ba\u015fkan\u0131 Karaismailo\u011flu&#8217;ndan Avrupa Hareketlilik Haftas\u0131 mesaj\u0131"},"content":{"rendered":"<p><\/p>\n<div>\n<p>TBMM Bay\u0131nd\u0131rl\u0131k, \u0130mar, Ula\u015ft\u0131rma ve Turizm Komisyonu Ba\u015fkan\u0131 Adil Karaismailo\u011flu, \u00e7evreye duyarl\u0131 modern ula\u015f\u0131m sistemlerinin yayg\u0131nla\u015ft\u0131r\u0131ld\u0131\u011f\u0131n\u0131 belirterek, &#8220;Komisyon olarak haz\u0131rlanan eylem planlar\u0131n\u0131n hayata ge\u00e7irilmesini sa\u011flayacak gerekli mevzuatlar\u0131n olu\u015fturulmas\u0131na katk\u0131 sunuyoruz.&#8221; ifadelerini kulland\u0131.<\/p>\n<p>Karaismailo\u011flu, Avrupa Hareketlilik Haftas\u0131 dolay\u0131s\u0131yla yapt\u0131\u011f\u0131 yaz\u0131l\u0131 a\u00e7\u0131klamada, \u00f6zellikle kent i\u00e7i ula\u015f\u0131mda mikromobiliteye \u00f6nem veren, temiz enerjili ve ak\u0131ll\u0131 ula\u015f\u0131m \u00e7\u00f6z\u00fcmlerini kent i\u00e7i hareketlilikte \u00f6ncelendiren yakla\u015f\u0131mlar\u0131n, yar\u0131n\u0131n kentleri i\u00e7in tercihe ba\u011fl\u0131 bir yenilik de\u011fil &#8220;gereklilik&#8221; olarak kabul edildi\u011fini ifade etti.<\/p>\n<p>Kent i\u00e7i ula\u015f\u0131mda davran\u0131\u015f de\u011fi\u015fikli\u011fini kal\u0131c\u0131 hale getirmek, halk\u0131 bu y\u00f6nde bir ula\u015f\u0131m kullan\u0131m\u0131na te\u015fvik etmek ve fark\u0131ndal\u0131\u011f\u0131 art\u0131rmak i\u00e7in gerekli \u00e7al\u0131\u015fmalar\u0131n y\u00fcr\u00fct\u00fcld\u00fc\u011f\u00fcn\u00fc belirten Karaismailo\u011flu, bug\u00fcn t\u00fcm d\u00fcnyay\u0131 ilgilendiren temel sorunlar\u0131n ba\u015f\u0131nda iklim de\u011fi\u015fikli\u011fi, \u00fclkelerin s\u0131n\u0131rlar\u0131n\u0131 a\u015fan su ve hava kirlili\u011fi gibi \u00e7evre sorunlar\u0131n\u0131n geldi\u011fini kaydetti.<\/p>\n<p>AB \u00fclkeleri ba\u015fta olmak \u00fczere bir\u00e7ok \u00fclkenin 2030-2050 y\u0131llar\u0131 aras\u0131nda trafik nedeniyle kaynaklanan karbon emisyonunu s\u0131f\u0131rlamay\u0131 hedefledi\u011fini an\u0131msatan Karaismailo\u011flu, Avrupa&#8217;da ve T\u00fcrkiye&#8217;de bir\u00e7ok belediyenin, trafik s\u0131k\u0131\u015f\u0131kl\u0131\u011f\u0131n\u0131, kirlili\u011fini azaltmak ve ya\u015fam kalitesini art\u0131rmak i\u00e7in hareketlilikte zaman kazand\u0131ran, \u00e7evreci, pratik uygulamalar\u0131 hayata ge\u00e7irmek amac\u0131yla yo\u011fun bir \u00e7aba sergiledi\u011fine i\u015faret etti.<\/p>\n<p>G\u00fcnl\u00fck ihtiya\u00e7lar\u0131n \u00f6nemli bir k\u0131sm\u0131n\u0131n 15 dakikal\u0131k bir zaman dilimi \u00e7er\u00e7evesinde ger\u00e7ekle\u015ftirilmesinin, bu s\u00fcrecin y\u00fcr\u00fcyerek, bisiklet ya da elektrikli skuter gibi \u00e7evreye duyarl\u0131 ve mikromobilite ara\u00e7lar\u0131yla ya da toplu ta\u015f\u0131ma ile katedilmesine d\u00f6n\u00fck ula\u015f\u0131m planlamalar\u0131n\u0131n hedeflendi\u011fini belirten Karaismailo\u011flu, \u015funlar\u0131 kaydetti:<\/p>\n<p>&#8220;T\u00fcrkiye Y\u00fczy\u0131l\u0131 hedefleri; Avrupa Ye\u015fil Mutabakat\u0131, Paris \u0130klim Anla\u015fmas\u0131 ve Avrupa \u0130klim Yasas\u0131 gibi AB&#8217;nin temel yakla\u015f\u0131mlar\u0131 ile de bir\u00e7ok ortak paydaya sahiptir. \u00d6zellikle b\u00fcy\u00fck \u015fehirlerimizde artan n\u00fcfusa ve ara\u00e7 say\u0131s\u0131na paralel ya\u015fanan trafik sorununu ortadan kald\u0131rman\u0131n en \u00f6nemli yolu da rayl\u0131 sistemlerimizi yayg\u0131nla\u015ft\u0131rmaktan ge\u00e7iyor. Kentlerdeki rayl\u0131 sistemlerin yayg\u0131nla\u015ft\u0131r\u0131lmas\u0131n\u0131n yan\u0131 s\u0131ra yeni nesil y\u00f6ntemlerle karbon emisyonunun azalt\u0131lmas\u0131na da b\u00fcy\u00fck \u00f6nem veriyoruz. Yeni nesil yak\u0131t politikalar\u0131, elektrikli ara\u00e7lar, \u015fehir i\u00e7i y\u00fcr\u00fcme ve bisiklet kullan\u0131m\u0131n\u0131n art\u0131r\u0131lmas\u0131 da planlamalar\u0131m\u0131z aras\u0131nda yer al\u0131yor. \u00d6zellikle b\u00fcy\u00fck \u015fehirlerde ya\u015fayan vatanda\u015flar\u0131m\u0131z\u0131n trafik ke\u015fmeke\u015finin i\u00e7erisinde ya\u015fam\u0131n\u0131n kabusa d\u00f6n\u00fc\u015fmemesi i\u00e7in \u00e7ok \u00f6nemli kent i\u00e7i rayl\u0131 sistem projelerini h\u00fck\u00fcmetlerimiz d\u00f6neminde hayata ge\u00e7irdik ve yenilerini yapmaya da devam ediyoruz.&#8221;<\/p>\n<p>\u015eehir i\u00e7erisinde ara\u00e7 trafi\u011finin yo\u011funla\u015fmas\u0131n\u0131 engellemek ad\u0131na \u00e7evreye duyarl\u0131 modern ula\u015f\u0131m sistemlerini yayg\u0131nla\u015ft\u0131rmak i\u00e7in yeni yat\u0131r\u0131m ve te\u015fviklere devam edilece\u011fini; yat\u0131r\u0131mlar\u0131, insan, y\u00fck ve veri hareketlili\u011fini sa\u011flayacak \u015fekilde mobilite, lojistik, dijitalle\u015fme oda\u011f\u0131nda planlad\u0131klar\u0131n\u0131 ifade eden Karaismailo\u011flu, \u015fu de\u011ferlendirmelerde bulundu:<\/p>\n<p>&#8220;Bu kapsamda Ula\u015ft\u0131rma ve Altyap\u0131 Bakanl\u0131\u011f\u0131m\u0131z \u00e7evreci, s\u00fcrd\u00fcr\u00fclebilir ula\u015f\u0131m\u0131 geni\u015f bir perspektiften ele alarak &#8216;Ula\u015ft\u0131rma ve Lojistik Ana Plan\u0131&#8217;, &#8216;Ulusal Ak\u0131ll\u0131 Ula\u015f\u0131m Sistemleri Stratejisi ve Eylem Plan\u0131&#8217; ve &#8216;Eri\u015filebilir Ula\u015f\u0131m Statejisi ve Eylem Plan\u0131&#8217; gibi plan ve stratejileri haz\u0131rlad\u0131. TBMM Bay\u0131nd\u0131rl\u0131k, \u0130mar, Ula\u015ft\u0131rma ve Turizm Komisyonu olarak bu eylem planlar\u0131n\u0131n hayata ge\u00e7irilmesini sa\u011flayacak gerekli mevzuatlar\u0131n olu\u015fturulmas\u0131na katk\u0131 sunuyoruz.<\/p>\n<p>Kentlerimizde k\u0131sa, orta mesafe yolculuklar\u0131n y\u00fcr\u00fcme, skuter, bisiklet ve toplu ta\u015f\u0131ma, uzun mesafe yolculuklar\u0131n payla\u015f\u0131ml\u0131, elektrikli ara\u00e7lar ve rayl\u0131 sistemlerle yap\u0131labilece\u011fi bir ula\u015f\u0131m a\u011f\u0131 tesis ediyoruz.&#8221;<\/p>\n<p>Avrupa Hareketlilik Haftas\u0131&#8217;n\u0131n t\u00fcm d\u00fcnyada bu y\u0131l &#8220;\u015eehrini Ke\u015ffet&#8221; temas\u0131 ve &#8220;Gelecek Enerjini Koru&#8221; slogan\u0131yla kutland\u0131\u011f\u0131n\u0131 bildiren Karaismailo\u011flu, &#8220;Bizler de \u00e7evre dostu ula\u015f\u0131m y\u00f6ntemleriyle ye\u015fil d\u00f6n\u00fc\u015f\u00fcm ve s\u0131f\u0131r emisyon hedeflerimize hep birlikte y\u00fcr\u00fcyoruz.&#8221; ifadelerini kulland\u0131.<\/p>\n<p>                            <span class=\"detay-foto-editor\">&#13;<br \/>\n                                <a href=\"https:\/\/www.aa.com.tr\/tr\/p\/abonelik-talep-formu\/1001\" target=\"_blank\" style=\"font-size:12px; color:#444; text-decoration:none;\" rel=\"noopener\">&#13;<br \/>\n                                    Anadolu Ajans\u0131 web sitesinde, AA Haber Ak\u0131\u015f Sistemi (HAS) \u00fczerinden abonelere sunulan haberler, \u00f6zetlenerek yay\u0131mlanmaktad\u0131r. <b style=\"color:#1897F7\">Abonelik i\u00e7in l\u00fctfen ileti\u015fime ge\u00e7iniz.<\/b>&#13;<br \/>\n                                <\/a>&#13;<br \/>\n                            <\/span>\n                        <\/div>\n<p><script>\n\t  window.fbAsyncInit = function() {\n\t\tFB.init({\n\t\t  appId: '1855843514662870',\n\t\t  status : true, \/\/ check login status\n\t\t  cookie : true, \/\/ enable cookies to allow the server to access the session\n\t\t  xfbml  : true  \/\/ parse XFBML\n\t\t});\n\t  };<\/p>\n<p>\t  (function() {\n\t\tvar e = document.createElement('script');\n\t\te.src=\"https:\/\/connect.facebook.net\/tr_TR\/all.js\";\n\t\te.async = true;\n\t\tdocument.getElementById('fb-root').appendChild(e);\n\t  }());\n    <\/script><\/p>\n","protected":false},"excerpt":{"rendered":"<p>TBMM Bay\u0131nd\u0131rl\u0131k, \u0130mar, Ula\u015ft\u0131rma ve Turizm Komisyonu Ba\u015fkan\u0131 Adil Karaismailo\u011flu, \u00e7evreye duyarl\u0131 modern ula\u015f\u0131m sistemlerinin yayg\u0131nla\u015ft\u0131r\u0131ld\u0131\u011f\u0131n\u0131 belirterek, &#8220;Komisyon olarak haz\u0131rlanan eylem planlar\u0131n\u0131n hayata ge\u00e7irilmesini sa\u011flayacak gerekli mevzuatlar\u0131n olu\u015fturulmas\u0131na katk\u0131 sunuyoruz.&#8221; ifadelerini kulland\u0131. Karaismailo\u011flu, Avrupa Hareketlilik Haftas\u0131 dolay\u0131s\u0131yla yapt\u0131\u011f\u0131 yaz\u0131l\u0131 a\u00e7\u0131klamada, \u00f6zellikle kent i\u00e7i ula\u015f\u0131mda mikromobiliteye \u00f6nem veren, temiz enerjili ve ak\u0131ll\u0131 ula\u015f\u0131m \u00e7\u00f6z\u00fcmlerini kent i\u00e7i [&hellip;]<\/p>\n","protected":false},"author":1,"featured_media":15383,"comment_status":"","ping_status":"","sticky":false,"template":"","format":"standard","meta":[],"categories":[47],"tags":[],"_links":{"self":[{"href":"https:\/\/kraios.app\/news\/wp-json\/wp\/v2\/posts\/15382"}],"collection":[{"href":"https:\/\/kraios.app\/news\/wp-json\/wp\/v2\/posts"}],"about":[{"href":"https:\/\/kraios.app\/news\/wp-json\/wp\/v2\/types\/post"}],"author":[{"embeddable":true,"href":"https:\/\/kraios.app\/news\/wp-json\/wp\/v2\/users\/1"}],"replies":[{"embeddable":true,"href":"https:\/\/kraios.app\/news\/wp-json\/wp\/v2\/comments?post=15382"}],"version-history":[{"count":0,"href":"https:\/\/kraios.app\/news\/wp-json\/wp\/v2\/posts\/15382\/revisions"}],"wp:featuredmedia":[{"embeddable":true,"href":"https:\/\/kraios.app\/news\/wp-json\/wp\/v2\/media\/15383"}],"wp:attachment":[{"href":"https:\/\/kraios.app\/news\/wp-json\/wp\/v2\/media?parent=15382"}],"wp:term":[{"taxonomy":"category","embeddable":true,"href":"https:\/\/kraios.app\/news\/wp-json\/wp\/v2\/categories?post=15382"},{"taxonomy":"post_tag","embeddable":true,"href":"https:\/\/kraios.app\/news\/wp-json\/wp\/v2\/tags?post=15382"}],"curies":[{"name":"wp","href":"https:\/\/api.w.org\/{rel}","templated":true}]}}